{"id":221069,"date":"2026-04-28T12:05:17","date_gmt":"2026-04-28T15:05:17","guid":{"rendered":"https:\/\/chacosintesis.com.ar\/index.php\/pampa-del-indio-el-gobierno-provincial-refuerza-la-asistencia-en-todos-los-barrios-ante-la-emergencia-hidrica\/"},"modified":"2026-04-28T12:06:06","modified_gmt":"2026-04-28T15:06:06","slug":"pampa-del-indio-el-gobierno-provincial-refuerza-la-asistencia-en-todos-los-barrios-ante-la-emergencia-hidrica","status":"publish","type":"post","link":"https:\/\/chacosintesis.com.ar\/index.php\/pampa-del-indio-el-gobierno-provincial-refuerza-la-asistencia-en-todos-los-barrios-ante-la-emergencia-hidrica\/","title":{"rendered":"Pampa Del Indio: El Gobierno Provincial Refuerza La Asistencia En Todos Los Barrios Ante La Emergencia H\u00eddrica"},"content":{"rendered":"<p><\/p>\n<div id=\"\">\n<p><strong>Ante el impacto de las fuertes lluvias pasadas, el Gobierno del Chaco mantiene un operativo sostenido en Pampa del Indio, con intervenci\u00f3n directa en barrios y parajes para asistir a las familias damnificadas.<br \/><\/strong><br \/>El concejal local V\u00edctor Maidana resalt\u00f3 el despliegue coordinado que se lleva adelante, con eje en el \u00e1rea de Desarrollo Humano y el programa \u00d1achec, que permiten una respuesta inmediata en el territorio.<br \/>\u201cAcompa\u00f1amos y damos respuestas en Santos L\u00f3pez junto a grupos familiares\u201d, se\u00f1al\u00f3 Maidana, quien adem\u00e1s indic\u00f3 que los recorridos contin\u00faan en distintos sectores de la localidad junto a la concejal Paola Novotny y equipos del gobierno provincial.<br \/>En la misma l\u00ednea, Novotny subray\u00f3 el contacto permanente con los vecinos: \u201cEstamos presentes en cada barrio, escuchando las necesidades y acercando soluciones concretas en medio de esta situaci\u00f3n compleja\u201d.<br \/>Adem\u00e1s, destac\u00f3 la importancia del trabajo conjunto entre las distintas \u00e1reas del Estado: \u201cLa articulaci\u00f3n nos permite actuar con rapidez y brindar contenci\u00f3n a quienes m\u00e1s lo necesitan\u201d.<br \/>Las autoridades coincidieron en que estas acciones responden a una directiva clara del gobernador Leandro Zdero, orientada a reforzar la asistencia en contextos de emergencia. \u201cVamos a continuar con este trabajo, coordinando esfuerzos y acompa\u00f1ando a cada familia afectada\u201d, concluy\u00f3 Maidana.<br \/>El operativo contin\u00faa en marcha con el objetivo de garantizar presencia estatal y respuestas concretas en toda la localidad.<\/p>\n<\/p><\/div>\n","protected":false},"excerpt":{"rendered":"<p>Ante el impacto de las fuertes lluvias pasadas, el Gobierno del Chaco mantiene un operativo sostenido en Pampa del Indio, con intervenci\u00f3n directa en barrios y parajes para asistir a las familias damnificadas.El concejal local V\u00edctor Maidana resalt\u00f3 el despliegue coordinado que se lleva adelante, con eje en el \u00e1rea de Desarrollo Humano y el [&hellip;]<\/p>\n","protected":false},"author":1,"featured_media":221080,"comment_status":"closed","ping_status":"","sticky":false,"template":"","format":"standard","meta":{"footnotes":""},"categories":[6],"tags":[],"class_list":{"0":"post-221069","1":"post","2":"type-post","3":"status-publish","4":"format-standard","5":"has-post-thumbnail","7":"category-chaco"},"_links":{"self":[{"href":"https:\/\/chacosintesis.com.ar\/index.php\/wp-json\/wp\/v2\/posts\/221069","targetHints":{"allow":["GET"]}}],"collection":[{"href":"https:\/\/chacosintesis.com.ar\/index.php\/wp-json\/wp\/v2\/posts"}],"about":[{"href":"https:\/\/chacosintesis.com.ar\/index.php\/wp-json\/wp\/v2\/types\/post"}],"author":[{"embeddable":true,"href":"https:\/\/chacosintesis.com.ar\/index.php\/wp-json\/wp\/v2\/users\/1"}],"replies":[{"embeddable":true,"href":"https:\/\/chacosintesis.com.ar\/index.php\/wp-json\/wp\/v2\/comments?post=221069"}],"version-history":[{"count":1,"href":"https:\/\/chacosintesis.com.ar\/index.php\/wp-json\/wp\/v2\/posts\/221069\/revisions"}],"predecessor-version":[{"id":221081,"href":"https:\/\/chacosintesis.com.ar\/index.php\/wp-json\/wp\/v2\/posts\/221069\/revisions\/221081"}],"wp:featuredmedia":[{"embeddable":true,"href":"https:\/\/chacosintesis.com.ar\/index.php\/wp-json\/wp\/v2\/media\/221080"}],"wp:attachment":[{"href":"https:\/\/chacosintesis.com.ar\/index.php\/wp-json\/wp\/v2\/media?parent=221069"}],"wp:term":[{"taxonomy":"category","embeddable":true,"href":"https:\/\/chacosintesis.com.ar\/index.php\/wp-json\/wp\/v2\/categories?post=221069"},{"taxonomy":"post_tag","embeddable":true,"href":"https:\/\/chacosintesis.com.ar\/index.php\/wp-json\/wp\/v2\/tags?post=221069"}],"curies":[{"name":"wp","href":"https:\/\/api.w.org\/{rel}","templated":true}]}}