{"id":221057,"date":"2026-04-28T12:04:11","date_gmt":"2026-04-28T15:04:11","guid":{"rendered":"http:\/\/chacosintesis.com.ar\/index.php\/video-diego-spagnuolo-volvio-a-tribunales-por-la-causa-andis\/"},"modified":"2026-04-28T12:04:11","modified_gmt":"2026-04-28T15:04:11","slug":"video-diego-spagnuolo-volvio-a-tribunales-por-la-causa-andis","status":"publish","type":"post","link":"https:\/\/chacosintesis.com.ar\/index.php\/video-diego-spagnuolo-volvio-a-tribunales-por-la-causa-andis\/","title":{"rendered":"Video: Diego Spagnuolo volvi\u00f3 a tribunales por la causa Andis"},"content":{"rendered":"<p><\/p>\n<div>\n<aside class=\"scaip scaip-1    \">\n\t\t<\/aside>\n<p><strong>Diego Spagnuolo<\/strong>, extitular de la<strong> Agencia Nacional de Discapacidad (ANDIS)<\/strong>, se present\u00f3 este martes en los tribunales de Comodoro Py para prestar declaraci\u00f3n indagatoria en la causa, pero decidi\u00f3 no declarar.<\/p>\n<p>La audiencia se llev\u00f3 adelante ante el juez federal Ariel Lijo y el fiscal Franco Picardi, quienes llevan adelante la investigaci\u00f3n sobre el presunto desv\u00edo de fondos p\u00fablicos dentro del organismo.<\/p>\n<aside class=\"scaip scaip-2    \">\n\t\t<\/aside>\n<div class=\"wp-block-newspack-blocks-homepage-articles recomendada wpnbha show-image image-alignleft ts-2 is-1 is-landscape recomendada\" style=\"\">\n<div data-posts=\"\" data-current-post-id=\"2179904\">\n<article data-post-id=\"2212650\" class=\"tag-accidente tag-choque tag-motociclista tag-muerte-2 tag-palmira category-policiales type-post post-has-image\">\n<figure class=\"post-thumbnail\">\n\t\t\t\t\t\t\t\t<a href=\"https:\/\/www.elsol.com.ar\/policiales\/un-motociclista-choco-contra-un-camion-en-palmira-y-murio\/\" rel=\"bookmark\" tabindex=\"-1\" aria-hidden=\"true\"><br \/>\n\t\t\t\t\t\t\t\t\t\t\t\t<img loading=\"lazy\" loading=\"lazy\" decoding=\"async\" width=\"800\" height=\"600\" src=\"https:\/\/i0.wp.com\/www.elsol.com.ar\/wp-content\/uploads\/2025\/04\/thumb_policia45-1.jpg?resize=800%2C600&amp;quality=89&amp;ssl=1\" class=\"attachment-newspack-article-block-landscape-medium size-newspack-article-block-landscape-medium wp-post-image\" alt=\"Un motociclista choc\u00f3 contra un cami\u00f3n en Palmira y muri\u00f3\" data-hero-candidate=\"1\" srcset=\"https:\/\/i0.wp.com\/www.elsol.com.ar\/wp-content\/uploads\/2025\/04\/thumb_policia45-1.jpg?resize=800%2C600&amp;quality=89&amp;ssl=1 800w, https:\/\/i0.wp.com\/www.elsol.com.ar\/wp-content\/uploads\/2025\/04\/thumb_policia45-1.jpg?resize=600%2C450&amp;quality=89&amp;ssl=1 600w, https:\/\/i0.wp.com\/www.elsol.com.ar\/wp-content\/uploads\/2025\/04\/thumb_policia45-1.jpg?resize=400%2C300&amp;quality=89&amp;ssl=1 400w, https:\/\/i0.wp.com\/www.elsol.com.ar\/wp-content\/uploads\/2025\/04\/thumb_policia45-1.jpg?resize=200%2C150&amp;quality=89&amp;ssl=1 200w, https:\/\/i0.wp.com\/www.elsol.com.ar\/wp-content\/uploads\/2025\/04\/thumb_policia45-1.jpg?resize=800%2C600&amp;quality=89&amp;ssl=1&amp;w=370 370w\" sizes=\"auto, (min-width: 782px) 600px, (min-width: 600px) 42.5vw, 90vw\"\/>\t\t\t\t\t\t\t\t\t\t\t\t<\/a><\/p>\n<\/figure>\n<p><!-- .featured-image --><\/p>\n<div class=\"entry-wrapper\">\n<p>Un hombre a bordo de una motocicleta perdi\u00f3 la vida cerca de la medianoche del lunes, cuando choc\u00f3 contra un cami\u00f3n en un cruce de calles en Palmira, San Mart\u00edn. El siniestro fatal se dio minutos antes de las 0, cuando\u2026<\/p>\n<\/p><\/div>\n<p><!-- .entry-wrapper --><br \/>\n\t<\/article>\n<\/p><\/div>\n<\/p><\/div>\n<p>El expediente judicial apunt\u00f3 a un supuesto esquema de corrupci\u00f3n estructural dentro de la ANDIS, basado en licitaciones direccionadas y pr\u00e1cticas de cartelizaci\u00f3n entre empresas proveedoras.<\/p>\n<p>Seg\u00fan la hip\u00f3tesis de los investigadores, distintas firmas simulaban competir en procesos de contrataci\u00f3n, cuando en realidad actuaban de forma coordinada para garantizar adjudicaciones previamente acordadas con funcionarios.<\/p>\n<aside class=\"scaip scaip-3    \">\n\t\t<\/aside>\n<p>La investigaci\u00f3n, impulsada por el fiscal Franco Picardi junto al titular de la Procuradur\u00eda de Investigaciones Administrativas, Sergio Rodr\u00edguez, detect\u00f3 movimientos por m\u00e1s de <strong>$75.478 millones<\/strong>.<\/p>\n<figure class=\"wp-block-video\"><video height=\"270\" style=\"aspect-ratio: 480 \/ 270;\" width=\"480\" controls=\"\" class=\"perfmatters-lazy\" data-src=\"https:\/\/www.elsol.com.ar\/wp-content\/uploads\/2026\/04\/7KYvHrmhYDRGzhyq.mp4\"\/><\/figure>\n<p>De acuerdo con la acusaci\u00f3n, esos fondos habr\u00edan beneficiado a un grupo reducido de empresarios vinculados a la provisi\u00f3n de medicamentos, insumos m\u00e9dicos y productos de alto costo.<\/p>\n<aside class=\"scaip scaip-4    \">\n\t\t<\/aside>\n<h2 class=\"wp-block-heading\" id=\"h-cronograma-de-indagatorias\">Cronograma de indagatorias<\/h2>\n<p>Luego de la presentaci\u00f3n de <strong>Diego Spagnuolo<\/strong>, la ronda de indagatorias continuar\u00e1 con otros exfuncionarios y empresarios involucrados.<\/p>\n<p>Entre ellos se encuentran Daniel Mar\u00eda Garbellini, quien se desempe\u00f1\u00f3 como segundo al mando en el organismo, adem\u00e1s de Miguel \u00c1ngel Calvete y Andr\u00e9s Horacio Arnaudo, citados para los pr\u00f3ximos d\u00edas.<\/p>\n<p>Ante la magnitud del presunto fraude, el juez Ariel Lijo dispuso la <strong>inhibici\u00f3n general de bienes de los imputados y de las empresas involucradas<\/strong>.<\/p>\n<p>La medida apunta a evitar posibles maniobras de vaciamiento patrimonial y garantizar la recuperaci\u00f3n de activos para el Estado en caso de que se comprueben las irregularidades.<\/p>\n<p>La causa investiga hechos ocurridos entre diciembre de 2023 y octubre de 2025, per\u00edodo en el cual la Agencia Nacional de Discapacidad depend\u00eda del Ministerio de Salud.<\/p>\n<p>Seg\u00fan la acusaci\u00f3n, durante esos a\u00f1os se habr\u00eda consolidado un esquema de acuerdos indebidos entre funcionarios y proveedores privados para direccionar contrataciones millonarias.<\/p>\n<p><h3 class=\"jp-relatedposts-headline\"><em>M\u00c1S NOTICIAS:<\/em><\/h3>\n<\/p>\n<section id=\"block-24\" class=\"below-content widget widget_block\"\/>\t<\/div>\n","protected":false},"excerpt":{"rendered":"<p>Diego Spagnuolo, extitular de la Agencia Nacional de Discapacidad (ANDIS), se present\u00f3 este martes en los tribunales de Comodoro Py para prestar declaraci\u00f3n indagatoria en la causa, pero decidi\u00f3 no declarar. La audiencia se llev\u00f3 adelante ante el juez federal Ariel Lijo y el fiscal Franco Picardi, quienes llevan adelante la investigaci\u00f3n sobre el presunto [&hellip;]<\/p>\n","protected":false},"author":1,"featured_media":221068,"comment_status":"","ping_status":"","sticky":false,"template":"","format":"standard","meta":{"footnotes":""},"categories":[8],"tags":[],"class_list":{"0":"post-221057","1":"post","2":"type-post","3":"status-publish","4":"format-standard","5":"has-post-thumbnail","7":"category-nacionales"},"_links":{"self":[{"href":"https:\/\/chacosintesis.com.ar\/index.php\/wp-json\/wp\/v2\/posts\/221057","targetHints":{"allow":["GET"]}}],"collection":[{"href":"https:\/\/chacosintesis.com.ar\/index.php\/wp-json\/wp\/v2\/posts"}],"about":[{"href":"https:\/\/chacosintesis.com.ar\/index.php\/wp-json\/wp\/v2\/types\/post"}],"author":[{"embeddable":true,"href":"https:\/\/chacosintesis.com.ar\/index.php\/wp-json\/wp\/v2\/users\/1"}],"replies":[{"embeddable":true,"href":"https:\/\/chacosintesis.com.ar\/index.php\/wp-json\/wp\/v2\/comments?post=221057"}],"version-history":[{"count":0,"href":"https:\/\/chacosintesis.com.ar\/index.php\/wp-json\/wp\/v2\/posts\/221057\/revisions"}],"wp:featuredmedia":[{"embeddable":true,"href":"https:\/\/chacosintesis.com.ar\/index.php\/wp-json\/wp\/v2\/media\/221068"}],"wp:attachment":[{"href":"https:\/\/chacosintesis.com.ar\/index.php\/wp-json\/wp\/v2\/media?parent=221057"}],"wp:term":[{"taxonomy":"category","embeddable":true,"href":"https:\/\/chacosintesis.com.ar\/index.php\/wp-json\/wp\/v2\/categories?post=221057"},{"taxonomy":"post_tag","embeddable":true,"href":"https:\/\/chacosintesis.com.ar\/index.php\/wp-json\/wp\/v2\/tags?post=221057"}],"curies":[{"name":"wp","href":"https:\/\/api.w.org\/{rel}","templated":true}]}}