{"id":22102,"date":"2023-05-24T17:03:44","date_gmt":"2023-05-24T20:03:44","guid":{"rendered":"https:\/\/chacosintesis.com.ar\/?p=22102"},"modified":"2023-05-24T17:07:35","modified_gmt":"2023-05-24T20:07:35","slug":"luego-de-mas-de-un-siglo-el-gobierno-entrego-titulos-de-propiedad-rural-a-familias-y-comunidades-de-el-impenetrable","status":"publish","type":"post","link":"https:\/\/chacosintesis.com.ar\/index.php\/luego-de-mas-de-un-siglo-el-gobierno-entrego-titulos-de-propiedad-rural-a-familias-y-comunidades-de-el-impenetrable\/","title":{"rendered":"Luego de m\u00e1s de un Siglo, el gobierno entreg\u00f3 t\u00edtulos de propiedad rural a familias y comunidades de El Impenetrable"},"content":{"rendered":"<p>El gobernador Capitanich ratific\u00f3 el compromiso de garantizar que la tierra \u201ces de quien la trabaja\u201d; respondiendo a una demanda con \u201cm\u00e1s de 100 a\u00f1os de nuestras comunidades\u201d. El gobierno provincial concret\u00f3 este mi\u00e9rcoles \u201cuna reivindicaci\u00f3n hist\u00f3rica\u201d en Miraflores entregando 25 t\u00edtulos de propiedad rural para 120 familias beneficiadas. As\u00ed lo asegur\u00f3 el gobernador Jorge Capitanich quien ampli\u00f3 al asegurar que se cumple de esta manera con el compromiso de garantizar que la tierra \u201ces de quien la trabaja\u201d; respondiendo a una demanda con \u201cm\u00e1s de 100 a\u00f1os de nuestras comunidades\u201d.<br \/>\nJunto a la vicegobernadora Anal\u00eda Rach Quiroga, integrantes de las comunidades originarias y criollas, el mandatario provincial record\u00f3 en el Lote 16 que este es un compromiso que \u201choy estamos logrando mediante el trabajo que venimos realizando a trav\u00e9s del di\u00e1logo en la Mesa de Tierras para transformar la calidad de vida y garantizar t\u00edtulos de propiedad de la tierra, vivienda digna, electrificaci\u00f3n rural y promover el trabajo\u201d. \u201cEstas tierras forman parte de un patrimonio que es hist\u00f3rico para la comunidad y  es un legado para las futuras generaciones. Lo que hoy logramos es producto de esta conciencia social, de una capacidad de acci\u00f3n colectiva y de la lucha de nuestros ancestros\u201d, agreg\u00f3 a trav\u00e9s de sus redes sociales.<br \/>\nY ponder\u00f3: \u201cPor eso honrar la memoria de nuestros ancestros es un deber inexorable de nuestras generaciones. Y tenemos que luchar no solamente por la igualdad, sino que tenemos que luchar por el desarrollo de nuestras comunidades en base a la cultura del trabajo y la protecci\u00f3n del ambiente\u201d. \u201cQueremos que nuestros pueblos vivan con dignidad fruto del esfuerzo de su trabajo. Hoy ser\u00e1 un d\u00eda recordado por la historia tambi\u00e9n debe ser honrado por todos y cada uno de nosotros trabajando por los mismos ideales para el homenaje a nuestros abuelos y a nuestros ancestros\u201d, concluy\u00f3.<\/p>\n","protected":false},"excerpt":{"rendered":"<p>El gobernador Capitanich ratific\u00f3 el compromiso de garantizar que la tierra \u201ces de quien la trabaja\u201d; respondiendo a una demanda con \u201cm\u00e1s de 100 a\u00f1os de nuestras comunidades\u201d. El gobierno provincial concret\u00f3 este mi\u00e9rcoles \u201cuna reivindicaci\u00f3n hist\u00f3rica\u201d en Miraflores entregando 25 t\u00edtulos de propiedad rural para 120 familias beneficiadas. As\u00ed lo asegur\u00f3 el gobernador Jorge [&hellip;]<\/p>\n","protected":false},"author":1,"featured_media":22103,"comment_status":"closed","ping_status":"closed","sticky":false,"template":"","format":"standard","meta":{"footnotes":""},"categories":[6],"tags":[],"class_list":{"0":"post-22102","1":"post","2":"type-post","3":"status-publish","4":"format-standard","5":"has-post-thumbnail","7":"category-chaco"},"_links":{"self":[{"href":"https:\/\/chacosintesis.com.ar\/index.php\/wp-json\/wp\/v2\/posts\/22102","targetHints":{"allow":["GET"]}}],"collection":[{"href":"https:\/\/chacosintesis.com.ar\/index.php\/wp-json\/wp\/v2\/posts"}],"about":[{"href":"https:\/\/chacosintesis.com.ar\/index.php\/wp-json\/wp\/v2\/types\/post"}],"author":[{"embeddable":true,"href":"https:\/\/chacosintesis.com.ar\/index.php\/wp-json\/wp\/v2\/users\/1"}],"replies":[{"embeddable":true,"href":"https:\/\/chacosintesis.com.ar\/index.php\/wp-json\/wp\/v2\/comments?post=22102"}],"version-history":[{"count":0,"href":"https:\/\/chacosintesis.com.ar\/index.php\/wp-json\/wp\/v2\/posts\/22102\/revisions"}],"wp:featuredmedia":[{"embeddable":true,"href":"https:\/\/chacosintesis.com.ar\/index.php\/wp-json\/wp\/v2\/media\/22103"}],"wp:attachment":[{"href":"https:\/\/chacosintesis.com.ar\/index.php\/wp-json\/wp\/v2\/media?parent=22102"}],"wp:term":[{"taxonomy":"category","embeddable":true,"href":"https:\/\/chacosintesis.com.ar\/index.php\/wp-json\/wp\/v2\/categories?post=22102"},{"taxonomy":"post_tag","embeddable":true,"href":"https:\/\/chacosintesis.com.ar\/index.php\/wp-json\/wp\/v2\/tags?post=22102"}],"curies":[{"name":"wp","href":"https:\/\/api.w.org\/{rel}","templated":true}]}}