{"id":221008,"date":"2026-04-28T10:42:10","date_gmt":"2026-04-28T13:42:10","guid":{"rendered":"https:\/\/chacosintesis.com.ar\/index.php\/video-detuvieron-en-mexico-a-el-jardinero-uno-de-los-sucesores-de-el-mencho-en-el-cartel-de-jalisco\/"},"modified":"2026-04-28T10:42:10","modified_gmt":"2026-04-28T13:42:10","slug":"video-detuvieron-en-mexico-a-el-jardinero-uno-de-los-sucesores-de-el-mencho-en-el-cartel-de-jalisco","status":"publish","type":"post","link":"https:\/\/chacosintesis.com.ar\/index.php\/video-detuvieron-en-mexico-a-el-jardinero-uno-de-los-sucesores-de-el-mencho-en-el-cartel-de-jalisco\/","title":{"rendered":"Video: detuvieron en M\u00e9xico a El Jardinero, uno de los sucesores de El Mencho en el C\u00e1rtel de Jalisco"},"content":{"rendered":"<p><\/p>\n<div>\n<aside class=\"scaip scaip-1    \">\n\t\t<\/aside>\n<p>En un operativo de fuerzas especiales detuvieron en M\u00e9xico a <strong>Audias Flores Silva<\/strong>, alias El Jardinero, uno de los cabecillas del <strong>C\u00e1rtel Jalisco Nueva Generaci\u00f3n<\/strong>, quien era se\u00f1alado como el sucesor en la l\u00ednea de mando de <strong>Nemesio Oseguera Cervantes<\/strong>, El Mencho, muerto en febrero pasado.<\/p>\n<p>La captura fue informada por el secretario de Seguridad P\u00fablica de M\u00e9xico, <strong>Omar Garc\u00eda<\/strong>, quien expres\u00f3 que la operaci\u00f3n fue \u201c<em>planeada, desarrollada y ejecutada por la Secretar\u00eda de Marina, a trav\u00e9s de sus Fuerzas Especiales\u201d. <\/em><\/p>\n<aside class=\"scaip scaip-2    \">\n\t\t<\/aside>\n<figure class=\"wp-block-image size-large\"><img loading=\"lazy\" loading=\"lazy\" data-recalc-dims=\"1\" decoding=\"async\" width=\"780\" height=\"847\" src=\"https:\/\/i0.wp.com\/www.elsol.com.ar\/wp-content\/uploads\/2026\/04\/HG8DESdaQAAHRVG.jpg?resize=780%2C847&amp;quality=89&amp;ssl=1\" alt=\"\" class=\"wp-image-2212541\" srcset=\"https:\/\/i0.wp.com\/www.elsol.com.ar\/wp-content\/uploads\/2026\/04\/HG8DESdaQAAHRVG.jpg?resize=943%2C1024&amp;quality=89&amp;ssl=1 943w, https:\/\/i0.wp.com\/www.elsol.com.ar\/wp-content\/uploads\/2026\/04\/HG8DESdaQAAHRVG.jpg?resize=276%2C300&amp;quality=89&amp;ssl=1 276w, https:\/\/i0.wp.com\/www.elsol.com.ar\/wp-content\/uploads\/2026\/04\/HG8DESdaQAAHRVG.jpg?resize=768%2C834&amp;quality=89&amp;ssl=1 768w, https:\/\/i0.wp.com\/www.elsol.com.ar\/wp-content\/uploads\/2026\/04\/HG8DESdaQAAHRVG.jpg?resize=780%2C847&amp;quality=89&amp;ssl=1 780w, https:\/\/i0.wp.com\/www.elsol.com.ar\/wp-content\/uploads\/2026\/04\/HG8DESdaQAAHRVG.jpg?resize=400%2C434&amp;quality=89&amp;ssl=1 400w, https:\/\/i0.wp.com\/www.elsol.com.ar\/wp-content\/uploads\/2026\/04\/HG8DESdaQAAHRVG.jpg?w=981&amp;quality=89&amp;ssl=1 981w, https:\/\/i0.wp.com\/www.elsol.com.ar\/wp-content\/uploads\/2026\/04\/HG8DESdaQAAHRVG-943x1024.jpg?w=370&amp;quality=89&amp;ssl=1 370w\" sizes=\"auto, (max-width: 780px) 100vw, 780px\"\/><\/figure>\n<p>\u201c<em>Cuenta con orden de aprehensi\u00f3n en M\u00e9xico y tambi\u00e9n es requerido por autoridades de Estados Unidos, con fines de extradici\u00f3n. Por su captura, el gobierno estadounidense ofrec\u00eda una recompensa de 5 millones de d\u00f3lares<\/em>\u201c, confirm\u00f3. <\/p>\n<aside class=\"scaip scaip-3    \">\n\t\t<\/aside>\n<p>Inmediatamente, public\u00f3 una serie de im\u00e1genes del operativo que se desarroll\u00f3 con dos helic\u00f3pteros y algunos veh\u00edculos de apoyo, en una mansi\u00f3n del estado occidental de Nayarit.<\/p>\n<figure class=\"wp-block-video\"><video height=\"1080\" style=\"aspect-ratio: 1920 \/ 1080;\" width=\"1920\" controls=\"\" class=\"perfmatters-lazy\" data-src=\"https:\/\/www.elsol.com.ar\/wp-content\/uploads\/2026\/04\/Detencion-de-Audias-Flores-Silva-Jardinero.mp4\"\/><\/figure>\n<p>El arresto de <strong>Audias Flores Silva<\/strong> se produjo semanas despu\u00e9s de la muerte de El Mencho en Jalisco. Seg\u00fan el <strong>Departamento del Tesoro<\/strong> de Estados Unidos que lo sancion\u00f3 en 2021, era uno de los l\u00edderes regionales del c\u00e1rtel y se encargaba de la administraci\u00f3n de la comercializaci\u00f3n en amplias zonas del oeste del pa\u00eds como Nayarit, Jalisco, Zacatecas, Michoac\u00e1n y Guerrero.<\/p>\n<aside class=\"scaip scaip-4    \">\n\t\t<\/aside>\n<figure class=\"wp-block-image size-full is-resized\"><img loading=\"lazy\" loading=\"lazy\" data-recalc-dims=\"1\" decoding=\"async\" width=\"302\" height=\"226\" src=\"https:\/\/i0.wp.com\/www.elsol.com.ar\/wp-content\/uploads\/2026\/04\/HG8ossuaUAAOsAr.jpg?resize=302%2C226&amp;quality=89&amp;ssl=1\" alt=\"\" class=\"wp-image-2212542\" style=\"aspect-ratio:1.3363064371153979;width:584px;height:auto\" srcset=\"https:\/\/i0.wp.com\/www.elsol.com.ar\/wp-content\/uploads\/2026\/04\/HG8ossuaUAAOsAr.jpg?w=302&amp;quality=89&amp;ssl=1 302w, https:\/\/i0.wp.com\/www.elsol.com.ar\/wp-content\/uploads\/2026\/04\/HG8ossuaUAAOsAr.jpg?resize=300%2C226&amp;quality=89&amp;ssl=1 300w, https:\/\/i0.wp.com\/www.elsol.com.ar\/wp-content\/uploads\/2026\/04\/HG8ossuaUAAOsAr.jpg?resize=200%2C150&amp;quality=89&amp;ssl=1 200w, https:\/\/i0.wp.com\/www.elsol.com.ar\/wp-content\/uploads\/2026\/04\/HG8ossuaUAAOsAr.jpg?w=370&amp;quality=89&amp;ssl=1 370w, https:\/\/i0.wp.com\/www.elsol.com.ar\/wp-content\/uploads\/2026\/04\/HG8ossuaUAAOsAr.jpg?w=400&amp;quality=89&amp;ssl=1 400w\" sizes=\"auto, (max-width: 302px) 100vw, 302px\"\/><\/figure>\n<p>La <strong>Agencia para el Control de Drogas<\/strong> (DEA, por sus siglas en ingl\u00e9s) asegura que el hombre ten\u00eda distintos alias o pseud\u00f3nimos como Commandante, Gabriel Raigosa Plascencia, El Bravo 2, Audi, y Mata Jefes.<\/p>\n<figure class=\"wp-block-image size-large\"><img loading=\"lazy\" data-recalc-dims=\"1\" loading=\"lazy\" decoding=\"async\" width=\"780\" height=\"425\" src=\"https:\/\/i0.wp.com\/www.elsol.com.ar\/wp-content\/uploads\/2026\/04\/HG8ossGXMAAXXAQ.jpg?resize=780%2C425&amp;quality=89&amp;ssl=1\" alt=\"\" class=\"wp-image-2212543\" srcset=\"https:\/\/i0.wp.com\/www.elsol.com.ar\/wp-content\/uploads\/2026\/04\/HG8ossGXMAAXXAQ.jpg?resize=1024%2C558&amp;quality=89&amp;ssl=1 1024w, https:\/\/i0.wp.com\/www.elsol.com.ar\/wp-content\/uploads\/2026\/04\/HG8ossGXMAAXXAQ.jpg?resize=300%2C164&amp;quality=89&amp;ssl=1 300w, https:\/\/i0.wp.com\/www.elsol.com.ar\/wp-content\/uploads\/2026\/04\/HG8ossGXMAAXXAQ.jpg?resize=768%2C419&amp;quality=89&amp;ssl=1 768w, https:\/\/i0.wp.com\/www.elsol.com.ar\/wp-content\/uploads\/2026\/04\/HG8ossGXMAAXXAQ.jpg?resize=1200%2C654&amp;quality=89&amp;ssl=1 1200w, https:\/\/i0.wp.com\/www.elsol.com.ar\/wp-content\/uploads\/2026\/04\/HG8ossGXMAAXXAQ.jpg?resize=780%2C425&amp;quality=89&amp;ssl=1 780w, https:\/\/i0.wp.com\/www.elsol.com.ar\/wp-content\/uploads\/2026\/04\/HG8ossGXMAAXXAQ.jpg?resize=400%2C218&amp;quality=89&amp;ssl=1 400w, https:\/\/i0.wp.com\/www.elsol.com.ar\/wp-content\/uploads\/2026\/04\/HG8ossGXMAAXXAQ.jpg?w=1280&amp;quality=89&amp;ssl=1 1280w, https:\/\/i0.wp.com\/www.elsol.com.ar\/wp-content\/uploads\/2026\/04\/HG8ossGXMAAXXAQ-1024x558.jpg?w=370&amp;quality=89&amp;ssl=1 370w\" sizes=\"auto, (max-width: 780px) 100vw, 780px\"\/><\/figure>\n<p><em>Con informaci\u00f3n de Infobae<\/em>.<\/p>\n<p><h3 class=\"jp-relatedposts-headline\"><em>M\u00c1S NOTICIAS:<\/em><\/h3>\n<\/p>\n<section id=\"block-24\" class=\"below-content widget widget_block\"\/>\t<\/div>\n<p><strong>En las \u00faltimas horas, se conoci\u00f3 una informaci\u00f3n que genera impacto.<\/strong><\/p>\n<p>{content}<\/p>\n<p><strong>\ud83d\udc49 Seguinos en Chaco S\u00edntesis para m\u00e1s noticias al instante.<\/strong><\/p>\n","protected":false},"excerpt":{"rendered":"<p>En un operativo de fuerzas especiales detuvieron en M\u00e9xico a Audias Flores Silva, alias El Jardinero, uno de los cabecillas del C\u00e1rtel Jalisco Nueva Generaci\u00f3n, quien era se\u00f1alado como el sucesor en la l\u00ednea de mando de Nemesio Oseguera Cervantes, El Mencho, muerto en febrero pasado. La captura fue informada por el secretario de Seguridad [&hellip;]<\/p>\n","protected":false},"author":1,"featured_media":221019,"comment_status":"","ping_status":"","sticky":false,"template":"","format":"standard","meta":{"footnotes":""},"categories":[1],"tags":[],"class_list":{"0":"post-221008","1":"post","2":"type-post","3":"status-publish","4":"format-standard","5":"has-post-thumbnail","7":"category-mundo"},"_links":{"self":[{"href":"https:\/\/chacosintesis.com.ar\/index.php\/wp-json\/wp\/v2\/posts\/221008","targetHints":{"allow":["GET"]}}],"collection":[{"href":"https:\/\/chacosintesis.com.ar\/index.php\/wp-json\/wp\/v2\/posts"}],"about":[{"href":"https:\/\/chacosintesis.com.ar\/index.php\/wp-json\/wp\/v2\/types\/post"}],"author":[{"embeddable":true,"href":"https:\/\/chacosintesis.com.ar\/index.php\/wp-json\/wp\/v2\/users\/1"}],"replies":[{"embeddable":true,"href":"https:\/\/chacosintesis.com.ar\/index.php\/wp-json\/wp\/v2\/comments?post=221008"}],"version-history":[{"count":0,"href":"https:\/\/chacosintesis.com.ar\/index.php\/wp-json\/wp\/v2\/posts\/221008\/revisions"}],"wp:featuredmedia":[{"embeddable":true,"href":"https:\/\/chacosintesis.com.ar\/index.php\/wp-json\/wp\/v2\/media\/221019"}],"wp:attachment":[{"href":"https:\/\/chacosintesis.com.ar\/index.php\/wp-json\/wp\/v2\/media?parent=221008"}],"wp:term":[{"taxonomy":"category","embeddable":true,"href":"https:\/\/chacosintesis.com.ar\/index.php\/wp-json\/wp\/v2\/categories?post=221008"},{"taxonomy":"post_tag","embeddable":true,"href":"https:\/\/chacosintesis.com.ar\/index.php\/wp-json\/wp\/v2\/tags?post=221008"}],"curies":[{"name":"wp","href":"https:\/\/api.w.org\/{rel}","templated":true}]}}