{"id":22100,"date":"2023-05-24T17:01:25","date_gmt":"2023-05-24T20:01:25","guid":{"rendered":"https:\/\/chacosintesis.com.ar\/?p=22100"},"modified":"2023-05-24T17:07:34","modified_gmt":"2023-05-24T20:07:34","slug":"general-pinedo-celebra-su-111o-aniversario-con-multiples-actividades-obras-en-desarrollo-y-espectaculos-musicales","status":"publish","type":"post","link":"https:\/\/chacosintesis.com.ar\/index.php\/general-pinedo-celebra-su-111o-aniversario-con-multiples-actividades-obras-en-desarrollo-y-espectaculos-musicales\/","title":{"rendered":"General Pinedo celebra su 111\u00ba aniversario con m\u00faltiples actividades, obras en desarrollo y espect\u00e1culos musicales"},"content":{"rendered":"<p>El cronograma establecido para celebrar el aniversario de General Pinedo re\u00fane  una multiplicidad de actividades que van desde jineteadas, puestos de emprendedores y un cierre musical con  la actuaci\u00f3n de Karina \u201cLa Princesita\u201d. El intendente  Franco Ciucci destac\u00f3 la ejecuci\u00f3n  de obras claves que impulsan el crecimiento y desarrollo de esta comunidad.<br \/>\nLa localidad de General Pinedo celebra ma\u00f1ana su 111\u00ba aniversario con m\u00faltiples actividades deportivas, sociales y musicales. El intendente Franco Ciucci detall\u00f3 el cronograma establecido que re\u00fane desde jineteadas, puestos de emprendedores y tendr\u00e1 como evento destacado el recital de Karina \u201cLa Princesita\u201d.<br \/>\nEn declaraciones a Radio Provincia del Chaco, el intendente de General Pinedo, Franco Ciucci coment\u00f3 que los festejos comienzan este mi\u00e9rcoles en la Villa Deportiva con la realizaci\u00f3n de una gran jineteada y  un espect\u00e1culo de doma y folclore. En el escenario principal se presentar\u00e1 un gran espect\u00e1culo musical, con la participaci\u00f3n de artistas locales  y la escuela de danzas folcl\u00f3ricas Huellas Argentina.<br \/>\nMa\u00f1ana &#8211; en coincidencia con un nuevo aniversario de la Revoluci\u00f3n de Mayo &#8211; los espect\u00e1culos continuar\u00e1n durante toda la jornada y el cierre lo brindar\u00e1 el show de Karina \u201cLa Princesita\u201d.<br \/>\nCiucci destac\u00f3 que ya se encuentran instalados mas de 240 stands de emprendedores en la Villa Deportiva.<br \/>\nEl acto central ser\u00e1 ma\u00f1ana  &#8211; 25 de mayo &#8211; a partir de las 8,30 en la Plaza Central. Participaran las diversas instituciones locales, se realizar\u00e1 un  Tedeum, luego un Desayuno Patrio y la entrega de elementos deportivos.<br \/>\nTambi\u00e9n durante el acto se formalizar\u00e1 la entrega de dos patrulleros que ser\u00e1n destinados a la zona rural y urbana de la localidad.<\/p>\n<p>Obras claves para el crecimiento y desarrollo de la localidad<br \/>\nEl intendente destac\u00f3 el progreso de la localidad en este nuevo aniversario. En este sentido agreg\u00f3 que la semana pasada se licitaron 30 nuevas cuadras de pavimento urbano. \u201cEsto es un hecho hist\u00f3rico y trascendente, que da cuenta de la verdadera transformaci\u00f3n que vive nuestra localidad\u00b7 dijo el jefe comunal.<br \/>\nEn este sentido, el intendente resalt\u00f3 el proceso de construcci\u00f3n de viviendas que se lleva adelante en Pinedo para tratar de revertir el d\u00e9ficit habitacional. Se encuentran en plena ejecuci\u00f3n un programa de 104 viviendas, de las cuales 50 unidades est\u00e1n a punto de ser concluidas y otras 54 que tiene un importante avance de desarrollo.  A estas se sumar\u00e1n otras 31 con otros programas nacionales, m\u00e1s otras soluciones habitacionales que se ejecutan con recursos municipales y provinciales.<br \/>\nCiucci destac\u00f3 que el municipio adquiri\u00f3 un predio importante, en el que se establecer\u00e1 un espacio para la construcci\u00f3n de viviendas. \u201cSabemos que faltan m\u00e1s viviendas pero tenemos que seguir trabajando para seguir sumando nuevos planes de viviendas\u201d, dijo.<br \/>\nEn este contexto, el intendente destac\u00f3 el apoyo del gobierno provincial para la realizaci\u00f3n de obras claves, como pavimento urbano, iluminaci\u00f3n, programas de viviendas, centros de salud, entre otros.<br \/>\n\u201cEs una gran satisfacci\u00f3n celebrar un nuevo aniversario de nuestra localidad, con obras importantes, impulsadas a trav\u00e9s de un gran esfuerzo realizado por el municipio y la provincia\u201d, dijo.<\/p>\n","protected":false},"excerpt":{"rendered":"<p>El cronograma establecido para celebrar el aniversario de General Pinedo re\u00fane una multiplicidad de actividades que van desde jineteadas, puestos de emprendedores y un cierre musical con la actuaci\u00f3n de Karina \u201cLa Princesita\u201d. El intendente Franco Ciucci destac\u00f3 la ejecuci\u00f3n de obras claves que impulsan el crecimiento y desarrollo de esta comunidad. La localidad de [&hellip;]<\/p>\n","protected":false},"author":1,"featured_media":22101,"comment_status":"closed","ping_status":"closed","sticky":false,"template":"","format":"standard","meta":{"footnotes":""},"categories":[6],"tags":[],"class_list":{"0":"post-22100","1":"post","2":"type-post","3":"status-publish","4":"format-standard","5":"has-post-thumbnail","7":"category-chaco"},"_links":{"self":[{"href":"https:\/\/chacosintesis.com.ar\/index.php\/wp-json\/wp\/v2\/posts\/22100","targetHints":{"allow":["GET"]}}],"collection":[{"href":"https:\/\/chacosintesis.com.ar\/index.php\/wp-json\/wp\/v2\/posts"}],"about":[{"href":"https:\/\/chacosintesis.com.ar\/index.php\/wp-json\/wp\/v2\/types\/post"}],"author":[{"embeddable":true,"href":"https:\/\/chacosintesis.com.ar\/index.php\/wp-json\/wp\/v2\/users\/1"}],"replies":[{"embeddable":true,"href":"https:\/\/chacosintesis.com.ar\/index.php\/wp-json\/wp\/v2\/comments?post=22100"}],"version-history":[{"count":0,"href":"https:\/\/chacosintesis.com.ar\/index.php\/wp-json\/wp\/v2\/posts\/22100\/revisions"}],"wp:featuredmedia":[{"embeddable":true,"href":"https:\/\/chacosintesis.com.ar\/index.php\/wp-json\/wp\/v2\/media\/22101"}],"wp:attachment":[{"href":"https:\/\/chacosintesis.com.ar\/index.php\/wp-json\/wp\/v2\/media?parent=22100"}],"wp:term":[{"taxonomy":"category","embeddable":true,"href":"https:\/\/chacosintesis.com.ar\/index.php\/wp-json\/wp\/v2\/categories?post=22100"},{"taxonomy":"post_tag","embeddable":true,"href":"https:\/\/chacosintesis.com.ar\/index.php\/wp-json\/wp\/v2\/tags?post=22100"}],"curies":[{"name":"wp","href":"https:\/\/api.w.org\/{rel}","templated":true}]}}