{"id":220983,"date":"2026-04-28T10:03:10","date_gmt":"2026-04-28T13:03:10","guid":{"rendered":"http:\/\/chacosintesis.com.ar\/index.php\/milei-cerro-filas-con-caputo-y-expuso-diferencias-con-macri-ante-empresarios\/"},"modified":"2026-04-28T10:03:10","modified_gmt":"2026-04-28T13:03:10","slug":"milei-cerro-filas-con-caputo-y-expuso-diferencias-con-macri-ante-empresarios","status":"publish","type":"post","link":"https:\/\/chacosintesis.com.ar\/index.php\/milei-cerro-filas-con-caputo-y-expuso-diferencias-con-macri-ante-empresarios\/","title":{"rendered":"Milei cerr\u00f3 filas con Caputo y expuso diferencias con Macri ante empresarios"},"content":{"rendered":"<p><\/p>\n<div>\n<aside class=\"scaip scaip-1    \">\n\t\t<\/aside>\n<p>La cena anual de la <strong>Fundaci\u00f3n Libertad<\/strong> volvi\u00f3 a reunir a la dirigencia pol\u00edtica y empresarial con mayor peso en el oficialismo y la oposici\u00f3n dialoguista. El evento, realizado en Parque Norte ante unas mil personas, concentr\u00f3 a referentes de La Libertad Avanza, el PRO y ejecutivos del denominado \u201c<em>c\u00edrculo rojo<\/em>\u201d. La presencia del presidente <strong>Javier Milei<\/strong>, acompa\u00f1ado por su hermana <strong>Karina Milei<\/strong> y el jefe de Gabinete <strong>Manuel Adorni<\/strong>, marc\u00f3 el eje de la convocatoria en un contexto atravesado por tensiones pol\u00edticas y cuestionamientos patrimoniales en el entorno presidencial.<\/p>\n<p>Uno de los focos de atenci\u00f3n fue el reencuentro, sin interacci\u00f3n p\u00fablica, entre Milei y el expresidente<strong> Mauricio Macri<\/strong>. <strong>Ambos evitaron coincidir en el escenario y no se saludaron, lo que volvi\u00f3 a exponer la distancia entre los espacios pese a la convivencia en el mismo \u00e1mbito<\/strong>. <\/p>\n<aside class=\"scaip scaip-2    \">\n\t\t<\/aside>\n<p>La \u00fanica figura con la que el mandatario tuvo un gesto visible fue el ministro de Econom\u00eda, <strong>Luis Caputo<\/strong>, a quien abraz\u00f3 antes de iniciar un discurso de casi una hora centrado en la defensa del programa econ\u00f3mico.<\/p>\n<div class=\"wp-block-newspack-blocks-homepage-articles recomendada wpnbha show-image image-alignleft ts-2 is-1 is-landscape recomendada\" style=\"\">\n<div data-posts=\"\" data-current-post-id=\"2212506\">\n<article data-post-id=\"2212530\" class=\"tag-alfredo-cornejo tag-cem tag-gasto-publico tag-home-destacada-principal category-mendoza type-post post-has-image\">\n<figure class=\"post-thumbnail\">\n\t\t\t\t\t\t\t\t<a href=\"https:\/\/www.elsol.com.ar\/mendoza\/la-advertencia-del-cem-a-alfredo-cornejo-por-el-gasto-publico\/\" rel=\"bookmark\" tabindex=\"-1\" aria-hidden=\"true\"><br \/>\n\t\t\t\t\t\t\t\t\t\t\t\t<img loading=\"lazy\" loading=\"lazy\" decoding=\"async\" width=\"1200\" height=\"900\" src=\"https:\/\/i0.wp.com\/www.elsol.com.ar\/wp-content\/uploads\/2026\/02\/Martin-Clement-presidente-del-CEM-scaled.jpg?resize=1200%2C900&amp;quality=89&amp;ssl=1\" class=\"attachment-newspack-article-block-landscape-large size-newspack-article-block-landscape-large wp-post-image\" alt=\"La advertencia del CEM a Alfredo Cornejo por el gasto p\u00fablico\" data-hero-candidate=\"1\" srcset=\"https:\/\/i0.wp.com\/www.elsol.com.ar\/wp-content\/uploads\/2026\/02\/Martin-Clement-presidente-del-CEM-scaled.jpg?resize=1200%2C900&amp;quality=89&amp;ssl=1 1200w, https:\/\/i0.wp.com\/www.elsol.com.ar\/wp-content\/uploads\/2026\/02\/Martin-Clement-presidente-del-CEM-scaled.jpg?resize=800%2C600&amp;quality=89&amp;ssl=1 800w, https:\/\/i0.wp.com\/www.elsol.com.ar\/wp-content\/uploads\/2026\/02\/Martin-Clement-presidente-del-CEM-scaled.jpg?resize=600%2C450&amp;quality=89&amp;ssl=1 600w, https:\/\/i0.wp.com\/www.elsol.com.ar\/wp-content\/uploads\/2026\/02\/Martin-Clement-presidente-del-CEM-scaled.jpg?resize=400%2C300&amp;quality=89&amp;ssl=1 400w, https:\/\/i0.wp.com\/www.elsol.com.ar\/wp-content\/uploads\/2026\/02\/Martin-Clement-presidente-del-CEM-scaled.jpg?resize=200%2C150&amp;quality=89&amp;ssl=1 200w, https:\/\/i0.wp.com\/www.elsol.com.ar\/wp-content\/uploads\/2026\/02\/Martin-Clement-presidente-del-CEM-scaled.jpg?zoom=2&amp;resize=1200%2C900&amp;quality=89&amp;ssl=1 2400w, https:\/\/i0.wp.com\/www.elsol.com.ar\/wp-content\/uploads\/2026\/02\/Martin-Clement-presidente-del-CEM-scaled.jpg?resize=1200%2C900&amp;quality=89&amp;ssl=1&amp;w=370 370w\" sizes=\"auto, (min-width: 782px) 600px, (min-width: 600px) 42.5vw, 90vw\"\/>\t\t\t\t\t\t\t\t\t\t\t\t<\/a><\/p>\n<\/figure>\n<p><!-- .featured-image --><\/p>\n<div class=\"entry-wrapper\">\n<p>El Consejo Empresarial Mendocino (CEM) advirti\u00f3 que la Provincia a\u00fan mantiene margen para mejorar la eficiencia del gasto p\u00fablico, pese al proceso de ordenamiento fiscal registrado en la \u00faltima d\u00e9cada. As\u00ed lo sostuvo su asesor Gustavo Rivarola, quien remarc\u00f3 que se\u2026<\/p>\n<p>\n\t\t\t\t\t<time class=\"entry-date published\" datetime=\"2026-04-28T09:42:22-03:00\">abril 28, 2026 9:42 am<\/time><time class=\"updated\" datetime=\"2026-04-28T09:42:27-03:00\">abril 28, 2026 9:42 am<\/time>\t\t\t\t<\/p>\n<p><!-- .entry-meta -->\n\t\t\t\t\t\t\t\t<\/div>\n<p><!-- .entry-wrapper --><br \/>\n\t<\/article>\n<\/p><\/div>\n<\/p><\/div>\n<p>Durante su exposici\u00f3n, Milei ratific\u00f3 el rumbo de su gesti\u00f3n y sostuvo que la inflaci\u00f3n \u201c<em>va a caer<\/em>\u201d sin modificar la actual pol\u00edtica monetaria. Reivindic\u00f3 la ortodoxia fiscal como eje central y <strong>present\u00f3 datos para mostrar super\u00e1vit en su administraci\u00f3n, en contraste con d\u00e9ficits previos, incluyendo a\u00f1os de gesti\u00f3n de Macri. <\/strong><\/p>\n<aside class=\"scaip scaip-3    \">\n\t\t<\/aside>\n<p>El planteo gener\u00f3 incomodidad en parte del auditorio, dado que varios de los exfuncionarios presentes \u2014algunos con responsabilidad en ese per\u00edodo\u2014 escuchaban desde las mesas principales.<\/p>\n<p>El Presidente tambi\u00e9n abord\u00f3 la cuesti\u00f3n salarial, al se\u00f1alar que su remuneraci\u00f3n no se actualiz\u00f3 desde el inicio de su mandato, y dirigi\u00f3 cr\u00edticas hacia sectores empresariales. Apunt\u00f3 contra Javier Madanes Quintanilla, de Fate, y Paolo Rocca, del grupo Techint, cuestionando los precios de insumos clave como neum\u00e1ticos y tubos de acero. Las declaraciones tensionaron un clima en el que, fuera del escenario, predominaban los intercambios pol\u00edticos y las evaluaciones econ\u00f3micas entre dirigentes y empresarios.<\/p>\n<aside class=\"scaip scaip-4    \">\n\t\t<\/aside>\n<p>En los m\u00e1rgenes del evento, la din\u00e1mica pol\u00edtica gir\u00f3 en torno al v\u00ednculo entre La Libertad Avanza y el PRO. Dirigentes de ambos espacios especularon con eventuales realineamientos, mientras que economistas y empresarios coincidieron en respaldar aspectos del programa oficial, aunque advirtieron sobre la debilidad de la demanda interna, el rezago del tipo de cambio frente a los precios y la falta de recuperaci\u00f3n de los sectores vinculados al mercado interno.<\/p>\n<p><h3 class=\"jp-relatedposts-headline\"><em>M\u00c1S NOTICIAS:<\/em><\/h3>\n<\/p>\n<section id=\"block-24\" class=\"below-content widget widget_block\"\/>\t<\/div>\n","protected":false},"excerpt":{"rendered":"<p>La cena anual de la Fundaci\u00f3n Libertad volvi\u00f3 a reunir a la dirigencia pol\u00edtica y empresarial con mayor peso en el oficialismo y la oposici\u00f3n dialoguista. El evento, realizado en Parque Norte ante unas mil personas, concentr\u00f3 a referentes de La Libertad Avanza, el PRO y ejecutivos del denominado \u201cc\u00edrculo rojo\u201d. La presencia del presidente [&hellip;]<\/p>\n","protected":false},"author":1,"featured_media":220994,"comment_status":"","ping_status":"","sticky":false,"template":"","format":"standard","meta":{"footnotes":""},"categories":[8],"tags":[],"class_list":{"0":"post-220983","1":"post","2":"type-post","3":"status-publish","4":"format-standard","5":"has-post-thumbnail","7":"category-nacionales"},"_links":{"self":[{"href":"https:\/\/chacosintesis.com.ar\/index.php\/wp-json\/wp\/v2\/posts\/220983","targetHints":{"allow":["GET"]}}],"collection":[{"href":"https:\/\/chacosintesis.com.ar\/index.php\/wp-json\/wp\/v2\/posts"}],"about":[{"href":"https:\/\/chacosintesis.com.ar\/index.php\/wp-json\/wp\/v2\/types\/post"}],"author":[{"embeddable":true,"href":"https:\/\/chacosintesis.com.ar\/index.php\/wp-json\/wp\/v2\/users\/1"}],"replies":[{"embeddable":true,"href":"https:\/\/chacosintesis.com.ar\/index.php\/wp-json\/wp\/v2\/comments?post=220983"}],"version-history":[{"count":0,"href":"https:\/\/chacosintesis.com.ar\/index.php\/wp-json\/wp\/v2\/posts\/220983\/revisions"}],"wp:featuredmedia":[{"embeddable":true,"href":"https:\/\/chacosintesis.com.ar\/index.php\/wp-json\/wp\/v2\/media\/220994"}],"wp:attachment":[{"href":"https:\/\/chacosintesis.com.ar\/index.php\/wp-json\/wp\/v2\/media?parent=220983"}],"wp:term":[{"taxonomy":"category","embeddable":true,"href":"https:\/\/chacosintesis.com.ar\/index.php\/wp-json\/wp\/v2\/categories?post=220983"},{"taxonomy":"post_tag","embeddable":true,"href":"https:\/\/chacosintesis.com.ar\/index.php\/wp-json\/wp\/v2\/tags?post=220983"}],"curies":[{"name":"wp","href":"https:\/\/api.w.org\/{rel}","templated":true}]}}