{"id":22098,"date":"2023-05-24T16:58:09","date_gmt":"2023-05-24T19:58:09","guid":{"rendered":"https:\/\/chacosintesis.com.ar\/?p=22098"},"modified":"2023-05-24T17:07:33","modified_gmt":"2023-05-24T20:07:33","slug":"capitanich-inauguro-una-escuela-y-un-espacio-de-memoria-a-los-pueblos-indigenas","status":"publish","type":"post","link":"https:\/\/chacosintesis.com.ar\/index.php\/capitanich-inauguro-una-escuela-y-un-espacio-de-memoria-a-los-pueblos-indigenas\/","title":{"rendered":"Capitanich inaugur\u00f3 una escuela y un Espacio de Memoria a los Pueblos Ind\u00edgenas"},"content":{"rendered":"<p>Se trata del anexo de la Escuela Especial N\u00b0 14 que albergar\u00e1 30 alumnos, cuya obra demand\u00f3 una inversi\u00f3n de 58 millones de pesos. Adem\u00e1s, firm\u00f3 un acta con vecinos de la comunidad para la construcci\u00f3n de 32 viviendas.<br \/>\nEn Miraflores, el gobernador Jorge Capitanich y la vicegobernadora Anal\u00eda Rach Quiroga inauguraron este mi\u00e9rcoles el anexo de la Escuela Especial N\u00b0 14 que demand\u00f3 una inversi\u00f3n de $58.727.987 con financiamiento del Ministerio de Planificaci\u00f3n, Econom\u00eda e Infraestructura. El establecimiento educativo, que albergar\u00e1 a 30 estudiantes, forma parte de los 820 edificios nuevos, ampliados o refaccionados durante los tres mandatos constitucionales de Capitanich. \u201cEstamos garantizando aulas limpias y c\u00f3modas\u201d, remarc\u00f3, e indic\u00f3 que el compromiso del Gobierno con la educaci\u00f3n se traduce no s\u00f3lo en obras, sino tambi\u00e9n en la asignaci\u00f3n de un presupuesto que supera el 33% establecido por la Constituci\u00f3n. \u201cNosotros siempre hemos superado ese porcentaje, de la misma forma que hemos logrado una recuperaci\u00f3n del salario docente y pretendemos apuntar m\u00e1s alto a\u00fan\u201d, sostuvo el gobernador. Durante la jornada habilitaron tambi\u00e9n un espacio de memoria y homenaje a los pueblos ind\u00edgenas de Argentina, principalmente a Juan Alegre, Cavito Leiva y Augusto Soria, que son los caciques que impulsaron el desarrollo de Miraflores, llamado en ese entonces Remanso Negro. El cacique Leiva, por su parte, expres\u00f3 su agradecimiento al Gobierno: \u201cHoy tenemos la respuesta que esper\u00e1bamos, gracias a todos\u201d. Adem\u00e1s, rubricaron un acta compromiso con la referente MIJD &#8220;Mecha&#8221; S\u00e1nchez para la ejecuci\u00f3n de 32 viviendas. En la ocasi\u00f3n, ratific\u00f3 el compromiso de seguir trabajando por el ordenamiento territorial de la localidad. \u201cAqu\u00ed hay 100 lotes que necesitan ordenamiento; estamos relevando el 90 por ciento de las tierras y avanzaremos con el resto a fin de lograr la redefinici\u00f3n del ejido municipal, la sanci\u00f3n de la ley correspondiente y el otorgamiento de tierras para las comunidades criollas y originarias\u201d, asever\u00f3 el gobernador. Lo acompa\u00f1aron los ministros de Educaci\u00f3n, Aldo Lineras, y de Planificaci\u00f3n, Econom\u00eda e Infraestructura, Santiago P\u00e9rez Pons. Tambi\u00e9n el intendente Jorge Frank; la secretaria de Derechos Humanos y G\u00e9neros, Silvana P\u00e9rez; la subsecretaria de Derechos Humanos, Nayla Bosch; el subsecretario de Fortalecimiento de Gobiernos Locales, Rub\u00e9n Guillon; el diputado provincial Rodolfo Schwartz; los intendentes de Castelli P\u00edo Sander y de Fuerte Esperanza, In\u00e9s Ortega; y la directora de la Escuela Especial N\u00b014 Patricia Pujol.<\/p>\n<p>Estado presente en todos los municipios<br \/>\n El ministro P\u00e9rez Pons destac\u00f3 el trabajo que la Provincia lleva adelante en todas las comunas. \u201cEste gobierno est\u00e1 presente en los 69 municipios con obras concretas que van desde escuelas, hospitales, rutas y pavimento, a iluminaci\u00f3n, espacios p\u00fablicos y m\u00e1s\u201d, asegur\u00f3. A modo de ejemplo, cit\u00f3 la ejecuci\u00f3n de obras de electrificaci\u00f3n rural en Miraflores con 450 nuevas conexiones desde 2021 a la fecha. \u201cAdem\u00e1s, hay 221 familias a las que llegaremos con obras que est\u00e1n en ejecuci\u00f3n y tenemos m\u00e1s de 100 conexiones por iniciar\u201d, indic\u00f3. El ministro Aldo Lineras manifest\u00f3 que el anexo educativo es un \u201csue\u00f1o cumplido\u201d para los pobladores del lugar, producto de una pol\u00edtica p\u00fablica que prioriza la Educaci\u00f3n. &#8220;Con educaci\u00f3n especial tenemos un camino a seguir para garantizar inclusi\u00f3n. Por eso queremos que el medio centenar de ni\u00f1as, ni\u00f1os y j\u00f3venes que asisten a esta instituci\u00f3n, tambi\u00e9n puedan integrarse con el resto de las escuelas&#8221;, dijo. El intendente Frank resalt\u00f3 que &#8220;el nuevo edificio brindar\u00e1 mejores oportunidades para la formaci\u00f3n y contenci\u00f3n de los chicos\u201d. En tanto que la directora de la Escuela N\u00b014, Patricia Pujol, record\u00f3 que el 5 de octubre pasado, en el acto del aniversario del pueblo, el gobernador hab\u00eda anunciado la construcci\u00f3n del edificio. \u201cEn diciembre comenz\u00f3 y en cinco meses se ejecut\u00f3 para contar hoy con nuestra escuela; estamos muy felices\u201d, expres\u00f3.<\/p>\n","protected":false},"excerpt":{"rendered":"<p>Se trata del anexo de la Escuela Especial N\u00b0 14 que albergar\u00e1 30 alumnos, cuya obra demand\u00f3 una inversi\u00f3n de 58 millones de pesos. Adem\u00e1s, firm\u00f3 un acta con vecinos de la comunidad para la construcci\u00f3n de 32 viviendas. En Miraflores, el gobernador Jorge Capitanich y la vicegobernadora Anal\u00eda Rach Quiroga inauguraron este mi\u00e9rcoles el [&hellip;]<\/p>\n","protected":false},"author":1,"featured_media":22099,"comment_status":"closed","ping_status":"closed","sticky":false,"template":"","format":"standard","meta":{"footnotes":""},"categories":[6],"tags":[],"class_list":{"0":"post-22098","1":"post","2":"type-post","3":"status-publish","4":"format-standard","5":"has-post-thumbnail","7":"category-chaco"},"_links":{"self":[{"href":"https:\/\/chacosintesis.com.ar\/index.php\/wp-json\/wp\/v2\/posts\/22098","targetHints":{"allow":["GET"]}}],"collection":[{"href":"https:\/\/chacosintesis.com.ar\/index.php\/wp-json\/wp\/v2\/posts"}],"about":[{"href":"https:\/\/chacosintesis.com.ar\/index.php\/wp-json\/wp\/v2\/types\/post"}],"author":[{"embeddable":true,"href":"https:\/\/chacosintesis.com.ar\/index.php\/wp-json\/wp\/v2\/users\/1"}],"replies":[{"embeddable":true,"href":"https:\/\/chacosintesis.com.ar\/index.php\/wp-json\/wp\/v2\/comments?post=22098"}],"version-history":[{"count":0,"href":"https:\/\/chacosintesis.com.ar\/index.php\/wp-json\/wp\/v2\/posts\/22098\/revisions"}],"wp:featuredmedia":[{"embeddable":true,"href":"https:\/\/chacosintesis.com.ar\/index.php\/wp-json\/wp\/v2\/media\/22099"}],"wp:attachment":[{"href":"https:\/\/chacosintesis.com.ar\/index.php\/wp-json\/wp\/v2\/media?parent=22098"}],"wp:term":[{"taxonomy":"category","embeddable":true,"href":"https:\/\/chacosintesis.com.ar\/index.php\/wp-json\/wp\/v2\/categories?post=22098"},{"taxonomy":"post_tag","embeddable":true,"href":"https:\/\/chacosintesis.com.ar\/index.php\/wp-json\/wp\/v2\/tags?post=22098"}],"curies":[{"name":"wp","href":"https:\/\/api.w.org\/{rel}","templated":true}]}}