{"id":22096,"date":"2023-05-24T16:57:07","date_gmt":"2023-05-24T19:57:07","guid":{"rendered":"https:\/\/chacosintesis.com.ar\/?p=22096"},"modified":"2023-05-24T17:07:33","modified_gmt":"2023-05-24T20:07:33","slug":"principales-destinos-turisticos-del-chaco-para-el-fin-de-semana-largo","status":"publish","type":"post","link":"https:\/\/chacosintesis.com.ar\/index.php\/principales-destinos-turisticos-del-chaco-para-el-fin-de-semana-largo\/","title":{"rendered":"Principales destinos tur\u00edsticos del Chaco para el fin de semana largo"},"content":{"rendered":"<p>El vicepresidente del Instituto de Turismo del Chaco, Mauro Flores, habl\u00f3 sobre el turismo en la provincia y mencion\u00f3 los destinos m\u00e1s demandados por las y los turistas.<br \/>\nMauro Flores, vicepresidente del Instituto de Turismo del Chaco, dialog\u00f3 con Radio Provincia del Chaco y se refiri\u00f3 a los destinos tur\u00edsticos de la provincia para el fin de semana largo. Manifest\u00f3 que ser\u00e1 \u201cmuy favorable\u201d para todos los servicios vinculados y destac\u00f3 la \u201calta demanda\u201d del turismo rural, de los parques nacionales y de la Isla del Cerrito.<br \/>\nFlores habl\u00f3 sobre la situaci\u00f3n del turismo en la provincia con vistas a un nuevo fin de semana largo. \u201cAdem\u00e1s de las celebraciones, entendemos que va a ser muy favorable para recibir turistas ya que comienza a regir la fecha del Previaje y hay mucha gente que compr\u00f3 los tickets para venir a la provincia as\u00ed que va a haber un flujo importante de turistas\u201d, explic\u00f3.<br \/>\nTambi\u00e9n remarc\u00f3 la \u201calta cantidad\u201d de reservas en los distintos establecimientos rurales de la provincia debido a que una de las actividades que practican es la del turismo receptivo. Flores expres\u00f3 que \u201chay un auge\u201d del turismo de naturaleza\u201d. \u201cAh\u00ed es donde Chaco con el turismo rural, con el ecoturismo y con el turismo de aventura comienza a ser una excelente opci\u00f3n en este sentido\u201d, manifest\u00f3.<br \/>\nSiguiendo por la misma l\u00ednea, el funcionario explic\u00f3 que entre las principales propuestas de destino tur\u00edstico de la provincia se encuentran los parques naciones, ya sea el Parque Nacional Chaco como el Parque Nacional El Impenetrable. \u201cTienen much\u00edsima demanda para este fin de semana\u201d, a\u00f1adi\u00f3. Por otro lado,  hizo hincapi\u00e9 en la gastronom\u00eda de la provincia. \u201cEntendemos que Colonia Ben\u00edtez tambi\u00e9n va a tener excelentes resultados\u201d, agreg\u00f3.<br \/>\n\u201cApostamos a un finde favorable como se viene dando hace meses en la provincia\u201d, expres\u00f3 Flores. En ese sentido, destac\u00f3 la \u201calta demanda\u201d no s\u00f3lo del turismo rural y de los parques nacionales, sino tambi\u00e9n de la Isla del Cerrito, donde coment\u00f3 que ese lugar tur\u00edstico tiene una \u201cocupaci\u00f3n alta\u201d, con mucha presencia del turismo internacional, pese a tener \u201cun potencial que no est\u00e1 explotado\u201d.<\/p>\n","protected":false},"excerpt":{"rendered":"<p>El vicepresidente del Instituto de Turismo del Chaco, Mauro Flores, habl\u00f3 sobre el turismo en la provincia y mencion\u00f3 los destinos m\u00e1s demandados por las y los turistas. Mauro Flores, vicepresidente del Instituto de Turismo del Chaco, dialog\u00f3 con Radio Provincia del Chaco y se refiri\u00f3 a los destinos tur\u00edsticos de la provincia para el [&hellip;]<\/p>\n","protected":false},"author":1,"featured_media":22097,"comment_status":"closed","ping_status":"closed","sticky":false,"template":"","format":"standard","meta":{"footnotes":""},"categories":[6],"tags":[],"class_list":{"0":"post-22096","1":"post","2":"type-post","3":"status-publish","4":"format-standard","5":"has-post-thumbnail","7":"category-chaco"},"_links":{"self":[{"href":"https:\/\/chacosintesis.com.ar\/index.php\/wp-json\/wp\/v2\/posts\/22096","targetHints":{"allow":["GET"]}}],"collection":[{"href":"https:\/\/chacosintesis.com.ar\/index.php\/wp-json\/wp\/v2\/posts"}],"about":[{"href":"https:\/\/chacosintesis.com.ar\/index.php\/wp-json\/wp\/v2\/types\/post"}],"author":[{"embeddable":true,"href":"https:\/\/chacosintesis.com.ar\/index.php\/wp-json\/wp\/v2\/users\/1"}],"replies":[{"embeddable":true,"href":"https:\/\/chacosintesis.com.ar\/index.php\/wp-json\/wp\/v2\/comments?post=22096"}],"version-history":[{"count":0,"href":"https:\/\/chacosintesis.com.ar\/index.php\/wp-json\/wp\/v2\/posts\/22096\/revisions"}],"wp:featuredmedia":[{"embeddable":true,"href":"https:\/\/chacosintesis.com.ar\/index.php\/wp-json\/wp\/v2\/media\/22097"}],"wp:attachment":[{"href":"https:\/\/chacosintesis.com.ar\/index.php\/wp-json\/wp\/v2\/media?parent=22096"}],"wp:term":[{"taxonomy":"category","embeddable":true,"href":"https:\/\/chacosintesis.com.ar\/index.php\/wp-json\/wp\/v2\/categories?post=22096"},{"taxonomy":"post_tag","embeddable":true,"href":"https:\/\/chacosintesis.com.ar\/index.php\/wp-json\/wp\/v2\/tags?post=22096"}],"curies":[{"name":"wp","href":"https:\/\/api.w.org\/{rel}","templated":true}]}}