{"id":220949,"date":"2026-04-28T08:02:26","date_gmt":"2026-04-28T11:02:26","guid":{"rendered":"http:\/\/chacosintesis.com.ar\/index.php\/la-caida-del-consumo-no-encuentra-piso-y-retrocedio-un-5-en-marzo\/"},"modified":"2026-04-28T08:02:26","modified_gmt":"2026-04-28T11:02:26","slug":"la-caida-del-consumo-no-encuentra-piso-y-retrocedio-un-5-en-marzo","status":"publish","type":"post","link":"https:\/\/chacosintesis.com.ar\/index.php\/la-caida-del-consumo-no-encuentra-piso-y-retrocedio-un-5-en-marzo\/","title":{"rendered":"La ca\u00edda del consumo no encuentra piso y retrocedi\u00f3 un 5% en marzo"},"content":{"rendered":"<p><\/p>\n<div>\n<aside class=\"scaip scaip-1    \">\n\t\t<\/aside>\n<p>El <strong>consumo masivo<\/strong> profundiz\u00f3 su deterioro en marzo con una <strong>ca\u00edda interanual del 5,1%<\/strong>, la peor en los \u00faltimos 14 meses, seg\u00fan datos de Scentia. El primer trimestre cerr\u00f3 con un retroceso acumulado del 3,1%, consolidando una tendencia contractiva que atraviesa a los principales canales de venta. Pese a un repunte mensual del 6,1%, explicado por mejoras puntuales en supermercados, mayoristas y autoservicios, el rebote no altera el cuadro general de debilidad.<\/p>\n<p>El an\u00e1lisis por canales muestra ca\u00eddas m\u00e1s pronunciadas en mayoristas (-8,8%), supermercados (-7%) y autoservicios independientes (-5,1%) en la comparaci\u00f3n interanual. Aunque en el trimestre se observa una leve moderaci\u00f3n, los n\u00fameros contin\u00faan en terreno negativo. <\/p>\n<aside class=\"scaip scaip-2    \">\n\t\t<\/aside>\n<p>En supermercados, los rubros m\u00e1s afectados fueron perecederos (-10,6%), bebidas sin alcohol (-10,4%) y bebidas alcoh\u00f3licas (-8,5%), mientras que alimentos retrocedieron 5,3%. En autoservicios, el desplome de perecederos alcanz\u00f3 el 14,4%, acompa\u00f1ado por una baja del 9,8% en bebidas sin alcohol.<\/p>\n<div class=\"wp-block-newspack-blocks-homepage-articles recomendada wpnbha show-image image-alignleft ts-2 is-1 is-landscape recomendada\" style=\"\">\n<div data-posts=\"\" data-current-post-id=\"2212483\">\n<article data-post-id=\"2212485\" class=\"tag-aniversario tag-diario-el-sol tag-home-destacada-lateral-01 category-mendoza type-post post-has-image\">\n<figure class=\"post-thumbnail\">\n\t\t\t\t\t\t\t\t<a href=\"https:\/\/www.elsol.com.ar\/mendoza\/el-sol-26-anos-chequeando-la-realidad\/\" rel=\"bookmark\" tabindex=\"-1\" aria-hidden=\"true\"><br \/>\n\t\t\t\t\t\t\t\t\t\t\t\t<img loading=\"lazy\" loading=\"lazy\" decoding=\"async\" width=\"1200\" height=\"900\" src=\"https:\/\/i0.wp.com\/www.elsol.com.ar\/wp-content\/uploads\/2026\/04\/Portada-Aniversario3.png?resize=1200%2C900&amp;quality=80&amp;ssl=1\" class=\"attachment-newspack-article-block-landscape-large size-newspack-article-block-landscape-large wp-post-image\" alt=\"El Sol, 26 a\u00f1os chequeando la realidad\" data-hero-candidate=\"1\" srcset=\"https:\/\/i0.wp.com\/www.elsol.com.ar\/wp-content\/uploads\/2026\/04\/Portada-Aniversario3.png?resize=1200%2C900&amp;quality=80&amp;ssl=1 1200w, https:\/\/i0.wp.com\/www.elsol.com.ar\/wp-content\/uploads\/2026\/04\/Portada-Aniversario3.png?resize=800%2C600&amp;quality=80&amp;ssl=1 800w, https:\/\/i0.wp.com\/www.elsol.com.ar\/wp-content\/uploads\/2026\/04\/Portada-Aniversario3.png?resize=600%2C450&amp;quality=80&amp;ssl=1 600w, https:\/\/i0.wp.com\/www.elsol.com.ar\/wp-content\/uploads\/2026\/04\/Portada-Aniversario3.png?resize=400%2C300&amp;quality=80&amp;ssl=1 400w, https:\/\/i0.wp.com\/www.elsol.com.ar\/wp-content\/uploads\/2026\/04\/Portada-Aniversario3.png?resize=200%2C150&amp;quality=80&amp;ssl=1 200w, https:\/\/i0.wp.com\/www.elsol.com.ar\/wp-content\/uploads\/2026\/04\/Portada-Aniversario3.png?resize=1200%2C900&amp;quality=80&amp;ssl=1&amp;w=370 370w\" sizes=\"auto, (min-width: 782px) 600px, (min-width: 600px) 42.5vw, 90vw\"\/>\t\t\t\t\t\t\t\t\t\t\t\t<\/a><\/p>\n<\/figure>\n<p><!-- .featured-image --><\/p>\n<div class=\"entry-wrapper\">\n<p>\u201c\u00bfEst\u00e1 chequeado?\u201d No es una frase m\u00e1s. Es, probablemente, la pregunta que m\u00e1s se repite en los grupos internos de WhatsApp del Diario El Sol. Es el m\u00e9todo. Es periodismo. Es responsabilidad. En un contexto atravesado por las fake news, la\u2026<\/p>\n<p>\n\t\t\t\t\t<time class=\"entry-date published\" datetime=\"2026-04-28T08:00:00-03:00\">abril 28, 2026 8:00 am<\/time><time class=\"updated\" datetime=\"2026-04-28T08:00:02-03:00\">abril 28, 2026 8:00 am<\/time>\t\t\t\t<\/p>\n<p><!-- .entry-meta -->\n\t\t\t\t\t\t\t\t<\/div>\n<p><!-- .entry-wrapper --><br \/>\n\t<\/article>\n<\/p><\/div>\n<\/p><\/div>\n<p><strong>El comercio electr\u00f3nico aparece como la \u00fanica excepci\u00f3n, con un crecimiento del 34,3% sostenido mes a mes<\/strong>. Sin embargo, su peso relativo sigue siendo insuficiente para compensar la contracci\u00f3n de los canales tradicionales. En conjunto, <strong>supermercados y autoservicios<\/strong> registraron una ca\u00edda del 6,1% en marzo, profundizando el deterioro del consumo agregado.<\/p>\n<aside class=\"scaip scaip-3    \">\n\t\t<\/aside>\n<p>El nivel de consumo se ubic\u00f3 en el 89% respecto a enero de 2023 y qued\u00f3 22 puntos por debajo de diciembre de ese a\u00f1o, previo a la asunci\u00f3n de <strong>Javier Milei<\/strong>. En paralelo, el precio promedio ponderado del consumo masivo creci\u00f3 20,4% interanual, por debajo del 32,6% registrado por el IPC, lo que refleja una desaceleraci\u00f3n relativa de precios en este segmento.<\/p>\n<p>La contracci\u00f3n del consumo se vincula de manera directa con la p\u00e9rdida del poder adquisitivo. De acuerdo con estimaciones basadas en datos del Instituto Nacional de Estad\u00edstica y Censos, los salarios registrados acumularon una ca\u00edda real del 4,33% entre septiembre y febrero. Desde diciembre, el retroceso asciende al 8,87%, con un impacto m\u00e1s severo en el sector p\u00fablico (-18,35%) frente al privado (-3,54%). Este deterioro de los ingresos explica la debilidad persistente en la demanda.<\/p>\n<aside class=\"scaip scaip-4    \">\n\t\t<\/aside>\n<p><h3 class=\"jp-relatedposts-headline\"><em>M\u00c1S NOTICIAS:<\/em><\/h3>\n<\/p>\n<section id=\"block-24\" class=\"below-content widget widget_block\"\/>\t<\/div>\n","protected":false},"excerpt":{"rendered":"<p>El consumo masivo profundiz\u00f3 su deterioro en marzo con una ca\u00edda interanual del 5,1%, la peor en los \u00faltimos 14 meses, seg\u00fan datos de Scentia. El primer trimestre cerr\u00f3 con un retroceso acumulado del 3,1%, consolidando una tendencia contractiva que atraviesa a los principales canales de venta. Pese a un repunte mensual del 6,1%, explicado [&hellip;]<\/p>\n","protected":false},"author":1,"featured_media":220963,"comment_status":"","ping_status":"","sticky":false,"template":"","format":"standard","meta":{"footnotes":""},"categories":[8],"tags":[],"class_list":{"0":"post-220949","1":"post","2":"type-post","3":"status-publish","4":"format-standard","5":"has-post-thumbnail","7":"category-nacionales"},"_links":{"self":[{"href":"https:\/\/chacosintesis.com.ar\/index.php\/wp-json\/wp\/v2\/posts\/220949","targetHints":{"allow":["GET"]}}],"collection":[{"href":"https:\/\/chacosintesis.com.ar\/index.php\/wp-json\/wp\/v2\/posts"}],"about":[{"href":"https:\/\/chacosintesis.com.ar\/index.php\/wp-json\/wp\/v2\/types\/post"}],"author":[{"embeddable":true,"href":"https:\/\/chacosintesis.com.ar\/index.php\/wp-json\/wp\/v2\/users\/1"}],"replies":[{"embeddable":true,"href":"https:\/\/chacosintesis.com.ar\/index.php\/wp-json\/wp\/v2\/comments?post=220949"}],"version-history":[{"count":0,"href":"https:\/\/chacosintesis.com.ar\/index.php\/wp-json\/wp\/v2\/posts\/220949\/revisions"}],"wp:featuredmedia":[{"embeddable":true,"href":"https:\/\/chacosintesis.com.ar\/index.php\/wp-json\/wp\/v2\/media\/220963"}],"wp:attachment":[{"href":"https:\/\/chacosintesis.com.ar\/index.php\/wp-json\/wp\/v2\/media?parent=220949"}],"wp:term":[{"taxonomy":"category","embeddable":true,"href":"https:\/\/chacosintesis.com.ar\/index.php\/wp-json\/wp\/v2\/categories?post=220949"},{"taxonomy":"post_tag","embeddable":true,"href":"https:\/\/chacosintesis.com.ar\/index.php\/wp-json\/wp\/v2\/tags?post=220949"}],"curies":[{"name":"wp","href":"https:\/\/api.w.org\/{rel}","templated":true}]}}