{"id":220935,"date":"2026-04-28T08:01:26","date_gmt":"2026-04-28T11:01:26","guid":{"rendered":"https:\/\/chacosintesis.com.ar\/index.php\/aseguran-que-real-madrid-tanteo-a-lionel-scaloni-para-ser-nuevo-entrenador-de-los-merengues\/"},"modified":"2026-04-28T08:01:26","modified_gmt":"2026-04-28T11:01:26","slug":"aseguran-que-real-madrid-tanteo-a-lionel-scaloni-para-ser-nuevo-entrenador-de-los-merengues","status":"publish","type":"post","link":"https:\/\/chacosintesis.com.ar\/index.php\/aseguran-que-real-madrid-tanteo-a-lionel-scaloni-para-ser-nuevo-entrenador-de-los-merengues\/","title":{"rendered":"Aseguran que Real Madrid tante\u00f3 a Lionel Scaloni para ser nuevo entrenador de los Merengues"},"content":{"rendered":"<p><\/p>\n<div>\t\t<!-- { REGION4 --> <\/p>\n<header class=\"news-headline\">\n<h2 class=\"news-headline__article-summary\">\t\t<\/h2>\n<p id=\"p-1777301268809-39664\" class=\"ignore-parser\">Desde Espa\u00f1a aseguran que el club ya contact\u00f3 al entrenador de la Selecci\u00f3n argentina pensando en el ciclo posterior al Mundial 2026.<\/p>\n<\/header>\n<div class=\"detail-highlighted-multimedia content-protected-false\">\n<figure class=\"detail-highlighted-multimedia__figure\">  <img loading=\"lazy\" loading=\"lazy\" decoding=\"async\" src=\"data:image\/gif;base64,R0lGODlhAQABAIAAAAAAAP\/\/\/ywAAAAAAQABAAACAUwAOw==\" fifu-lazy=\"1\" fifu-data-sizes=\"auto\" fifu-data-srcset=\"https:\/\/i2.wp.com\/chacosintesis.com.ar\/wp-content\/uploads\/2026\/04\/Aseguran-que-Real-Madrid-tanteo-a-Lionel-Scaloni-para-ser.png?ssl=1&w=75&resize=75&ssl=1 75w, https:\/\/i2.wp.com\/chacosintesis.com.ar\/wp-content\/uploads\/2026\/04\/Aseguran-que-Real-Madrid-tanteo-a-Lionel-Scaloni-para-ser.png?ssl=1&w=100&resize=100&ssl=1 100w, https:\/\/i2.wp.com\/chacosintesis.com.ar\/wp-content\/uploads\/2026\/04\/Aseguran-que-Real-Madrid-tanteo-a-Lionel-Scaloni-para-ser.png?ssl=1&w=150&resize=150&ssl=1 150w, https:\/\/i2.wp.com\/chacosintesis.com.ar\/wp-content\/uploads\/2026\/04\/Aseguran-que-Real-Madrid-tanteo-a-Lionel-Scaloni-para-ser.png?ssl=1&w=240&resize=240&ssl=1 240w, https:\/\/i2.wp.com\/chacosintesis.com.ar\/wp-content\/uploads\/2026\/04\/Aseguran-que-Real-Madrid-tanteo-a-Lionel-Scaloni-para-ser.png?ssl=1&w=320&resize=320&ssl=1 320w, https:\/\/i2.wp.com\/chacosintesis.com.ar\/wp-content\/uploads\/2026\/04\/Aseguran-que-Real-Madrid-tanteo-a-Lionel-Scaloni-para-ser.png?ssl=1&w=500&resize=500&ssl=1 500w, https:\/\/i2.wp.com\/chacosintesis.com.ar\/wp-content\/uploads\/2026\/04\/Aseguran-que-Real-Madrid-tanteo-a-Lionel-Scaloni-para-ser.png?ssl=1&w=640&resize=640&ssl=1 640w, https:\/\/i2.wp.com\/chacosintesis.com.ar\/wp-content\/uploads\/2026\/04\/Aseguran-que-Real-Madrid-tanteo-a-Lionel-Scaloni-para-ser.png?ssl=1&w=800&resize=800&ssl=1 800w, https:\/\/i2.wp.com\/chacosintesis.com.ar\/wp-content\/uploads\/2026\/04\/Aseguran-que-Real-Madrid-tanteo-a-Lionel-Scaloni-para-ser.png?ssl=1&w=1024&resize=1024&ssl=1 1024w, https:\/\/i2.wp.com\/chacosintesis.com.ar\/wp-content\/uploads\/2026\/04\/Aseguran-que-Real-Madrid-tanteo-a-Lionel-Scaloni-para-ser.png?ssl=1&w=1280&resize=1280&ssl=1 1280w, https:\/\/i2.wp.com\/chacosintesis.com.ar\/wp-content\/uploads\/2026\/04\/Aseguran-que-Real-Madrid-tanteo-a-Lionel-Scaloni-para-ser.png?ssl=1&w=1600&resize=1600&ssl=1 1600w\" fifu-data-src=\"https:\/\/i2.wp.com\/chacosintesis.com.ar\/wp-content\/uploads\/2026\/04\/Aseguran-que-Real-Madrid-tanteo-a-Lionel-Scaloni-para-ser.png?ssl=1\" class=\"detail-highlighted-multimedia__figure-img img-fluid\" alt=\"Lionel Scaloni en la mira del Real Madrid\u00a0\u00a0\" width=\"655\" height=\"368\"\/><figcaption class=\"detail-highlighted-multimedia__figcaption\">  <\/figcaption><\/figure>\n<\/p><\/div>\n<article class=\"article-body article-body--first-paragraph content-protected-false\" data-td-script-src=\"https:\/\/www.ambito.com\/td\/modulos\/encuestas\/js\/function-embeds-min-version-1777262880.js\">\n<p id=\"p-1777301512585-22166\" data-start=\"289\" data-end=\"614\">El futuro del banco del <a href=\"https:\/\/www.ambito.com\/deportes\/real-madrid-ejecuta-la-clausula-compra-nico-paz-y-volvera-al-club-luego-del-mundial-2026-n6271011\" target=\"_blank\" rel=\"follow\">Real Madrid<\/a> empieza a moverse antes de lo previsto y un nombre argentino aparece con fuerza: <strong data-start=\"410\" data-end=\"428\">Lionel Scaloni<\/strong>. Seg\u00fan revelaron en la radio espa\u00f1ola <strong data-start=\"467\" data-end=\"482\">Cadena COPE<\/strong>, el actual t\u00e9cnico de la <strong data-start=\"508\" data-end=\"531\">Selecci\u00f3n argentina<\/strong> fue contactado por la dirigencia del club blanco para analizar su posible llegada.<\/p>\n<\/article>\n<section class=\"suscription-false printed-edition\" style=\"display:none\">\n<p> El contenido al que quiere acceder es exclusivo para suscriptores.<\/p>\n<p>  <span> <button type=\"button\" name=\"button\" class=\"subscribe-btn mercadopago-btn\">suscribirse<\/button><\/span>  <span class=\"btns\"><button type=\"button\" name=\"button\" class=\"subscribe-btn reload-login\"> ya estoy suscripto<\/button><\/span>  <\/p>\n<\/section>\n<article class=\"article-body article-body--second-paragraph content-protected-false\">\n<p id=\"p-1777301512585-12835\" data-start=\"616\" data-end=\"934\">El periodista <strong data-start=\"630\" data-end=\"645\">Manolo Lama<\/strong> fue contundente al respecto: \u201c<strong data-start=\"676\" data-end=\"735\">Te aseguro que el Real Madrid ha contactado con Scaloni<\/strong>\u201d, afirm\u00f3 en el programa <em data-start=\"760\" data-end=\"774\">El Tertuli\u00f3n<\/em>, uno de los espacios m\u00e1s influyentes del f\u00fatbol espa\u00f1ol. La informaci\u00f3n gener\u00f3 un fuerte impacto, sobre todo por el contexto deportivo que atraviesa el equipo.<\/p>\n<\/article>\n<section class=\"related-news\">\n<div class=\"row row--eq-height\">\n<div class=\"col-12 col-md-6\">\n<article class=\"news-article news-article--landscape-news news-article--landscape-news\">\n<figure class=\"news-article__figure figure\">\t\t<a href=\"https:\/\/www.ambito.com\/deportes\/esteban-andrada-rompio-el-silencio-el-escandalo-el-ascenso-espanol-que-dijo-n6271237\" target=\"\" title=\"\u00e1mbito.com | Andrada rompi\u00f3 el silencio tras el esc\u00e1ndalo en el ascenso espa\u00f1ol: qu\u00e9 dijo\" alt=\"\u00e1mbito.com | Andrada rompi\u00f3 el silencio tras el esc\u00e1ndalo en el ascenso espa\u00f1ol: qu\u00e9 dijo\" rel=\"noindex nofollow noreferrer\"><br \/>\n\t\t\t\t\t\t\t\t\t\t\t<img loading=\"lazy\" loading=\"lazy\" decoding=\"async\" src=\"data:image\/gif;base64,R0lGODlhAQABAIAAAAAAAP\/\/\/ywAAAAAAQABAAACAUwAOw==\" fifu-lazy=\"1\" fifu-data-sizes=\"auto\" fifu-data-srcset=\"https:\/\/i3.wp.com\/chacosintesis.com.ar\/wp-content\/uploads\/2026\/04\/Aseguran-que-Real-Madrid-tanteo-a-Lionel-Scaloni-para-ser.jpeg?ssl=1&w=75&resize=75&ssl=1 75w, https:\/\/i3.wp.com\/chacosintesis.com.ar\/wp-content\/uploads\/2026\/04\/Aseguran-que-Real-Madrid-tanteo-a-Lionel-Scaloni-para-ser.jpeg?ssl=1&w=100&resize=100&ssl=1 100w, https:\/\/i3.wp.com\/chacosintesis.com.ar\/wp-content\/uploads\/2026\/04\/Aseguran-que-Real-Madrid-tanteo-a-Lionel-Scaloni-para-ser.jpeg?ssl=1&w=150&resize=150&ssl=1 150w, https:\/\/i3.wp.com\/chacosintesis.com.ar\/wp-content\/uploads\/2026\/04\/Aseguran-que-Real-Madrid-tanteo-a-Lionel-Scaloni-para-ser.jpeg?ssl=1&w=240&resize=240&ssl=1 240w, https:\/\/i3.wp.com\/chacosintesis.com.ar\/wp-content\/uploads\/2026\/04\/Aseguran-que-Real-Madrid-tanteo-a-Lionel-Scaloni-para-ser.jpeg?ssl=1&w=320&resize=320&ssl=1 320w, https:\/\/i3.wp.com\/chacosintesis.com.ar\/wp-content\/uploads\/2026\/04\/Aseguran-que-Real-Madrid-tanteo-a-Lionel-Scaloni-para-ser.jpeg?ssl=1&w=500&resize=500&ssl=1 500w, https:\/\/i3.wp.com\/chacosintesis.com.ar\/wp-content\/uploads\/2026\/04\/Aseguran-que-Real-Madrid-tanteo-a-Lionel-Scaloni-para-ser.jpeg?ssl=1&w=640&resize=640&ssl=1 640w, https:\/\/i3.wp.com\/chacosintesis.com.ar\/wp-content\/uploads\/2026\/04\/Aseguran-que-Real-Madrid-tanteo-a-Lionel-Scaloni-para-ser.jpeg?ssl=1&w=800&resize=800&ssl=1 800w, https:\/\/i3.wp.com\/chacosintesis.com.ar\/wp-content\/uploads\/2026\/04\/Aseguran-que-Real-Madrid-tanteo-a-Lionel-Scaloni-para-ser.jpeg?ssl=1&w=1024&resize=1024&ssl=1 1024w, https:\/\/i3.wp.com\/chacosintesis.com.ar\/wp-content\/uploads\/2026\/04\/Aseguran-que-Real-Madrid-tanteo-a-Lionel-Scaloni-para-ser.jpeg?ssl=1&w=1280&resize=1280&ssl=1 1280w, https:\/\/i3.wp.com\/chacosintesis.com.ar\/wp-content\/uploads\/2026\/04\/Aseguran-que-Real-Madrid-tanteo-a-Lionel-Scaloni-para-ser.jpeg?ssl=1&w=1600&resize=1600&ssl=1 1600w\" fifu-data-src=\"https:\/\/i3.wp.com\/chacosintesis.com.ar\/wp-content\/uploads\/2026\/04\/Aseguran-que-Real-Madrid-tanteo-a-Lionel-Scaloni-para-ser.jpeg?ssl=1\" alt=\"Esteban Andrada rompi\u00f3 el silencio\u00a0\" title=\"Esteban Andrada rompi\u00f3 el silencio\u00a0\" width=\"93\" height=\"52\" class=\"news-article__figure-img figure-img img-fluid\"\/>  <span class=\"news-article__media-badge news-article__media-badge--video\"\/><\/a>\t\t<\/figure>\n<\/article><\/div>\n<\/div>\n<\/section>\n<article class=\"article-body article-body--third-paragraph content-protected-false\">\n<p id=\"p-1777301512585-87224\" data-start=\"936\" data-end=\"1208\">El conjunto madrile\u00f1o, hoy dirigido por <strong data-start=\"976\" data-end=\"994\">\u00c1lvaro Arbeloa<\/strong>, atraviesa una temporada irregular: lejos de la pelea en <strong data-start=\"1052\" data-end=\"1063\">La Liga<\/strong>, eliminado de la <strong data-start=\"1081\" data-end=\"1106\">UEFA Champions League<\/strong> y sin protagonismo en la <strong data-start=\"1132\" data-end=\"1148\">Copa del Rey<\/strong>, lo que aceler\u00f3 la b\u00fasqueda de un nuevo proyecto deportivo.<\/p>\n<\/article>\n<article class=\"article-body article-body--fourth-paragraph content-protected-false\">\n<h2 id=\"p-1777301512585-96900\">Sacaloni al Real Madrid: un escenario abierto tras el Mundial<\/h2>\n<p id=\"p-1777301512585-68782\" data-start=\"1254\" data-end=\"1569\">De acuerdo a lo informado, el inter\u00e9s del <strong data-start=\"1296\" data-end=\"1311\">Real Madrid<\/strong> apunta a concretar la llegada de <strong data-start=\"1345\" data-end=\"1356\">Scaloni<\/strong> una vez finalizado el <strong data-start=\"1379\" data-end=\"1395\">Mundial 2026<\/strong>, que se disputar\u00e1 en <strong data-start=\"1417\" data-end=\"1435\">Estados Unidos<\/strong>, <strong data-start=\"1437\" data-end=\"1447\">M\u00e9xico<\/strong> y <strong data-start=\"1450\" data-end=\"1460\">Canad\u00e1<\/strong>. El contrato del entrenador con la <strong data-start=\"1496\" data-end=\"1503\">AFA<\/strong> coincide con ese plazo, lo que lo convierte en una opci\u00f3n viable.<\/p>\n<\/article>\n<article class=\"article-body article-body--fifth-paragraph content-protected-false\">\n<div contenteditable=\"false\" class=\"embed_cont type_imagen\" id=\"8212428-Libre-662869741_wrap\">\n<p>florentino perez <span onclick=\"parent.parent.TinyMCETdcuerpo.preview_embed('8212428-Libre-662869741')\" class=\"embed_colapse less\" id=\"8212428-Libre-662869741_colapse\"\/>  <span onclick=\"parent.parent.TinyMCETdcuerpo.delete_embed('8212428-Libre-662869741')\" class=\"embed_delete less\" id=\"8212428-Libre-662869741_delete\"\/><\/p>\n<div id=\"8212428-Libre-662869741_content\" class=\"embed_content\"><img fetchpriority=\"high\" decoding=\"async\" src=\"data:image\/gif;base64,R0lGODlhAQABAIAAAAAAAP\/\/\/ywAAAAAAQABAAACAUwAOw==\" fifu-lazy=\"1\" fifu-data-sizes=\"auto\" fifu-data-srcset=\"https:\/\/i1.wp.com\/chacosintesis.com.ar\/wp-content\/uploads\/2026\/04\/1777374086_950_Aseguran-que-Real-Madrid-tanteo-a-Lionel-Scaloni-para-ser.png?ssl=1&w=75&resize=75&ssl=1 75w, https:\/\/i1.wp.com\/chacosintesis.com.ar\/wp-content\/uploads\/2026\/04\/1777374086_950_Aseguran-que-Real-Madrid-tanteo-a-Lionel-Scaloni-para-ser.png?ssl=1&w=100&resize=100&ssl=1 100w, https:\/\/i1.wp.com\/chacosintesis.com.ar\/wp-content\/uploads\/2026\/04\/1777374086_950_Aseguran-que-Real-Madrid-tanteo-a-Lionel-Scaloni-para-ser.png?ssl=1&w=150&resize=150&ssl=1 150w, https:\/\/i1.wp.com\/chacosintesis.com.ar\/wp-content\/uploads\/2026\/04\/1777374086_950_Aseguran-que-Real-Madrid-tanteo-a-Lionel-Scaloni-para-ser.png?ssl=1&w=240&resize=240&ssl=1 240w, https:\/\/i1.wp.com\/chacosintesis.com.ar\/wp-content\/uploads\/2026\/04\/1777374086_950_Aseguran-que-Real-Madrid-tanteo-a-Lionel-Scaloni-para-ser.png?ssl=1&w=320&resize=320&ssl=1 320w, https:\/\/i1.wp.com\/chacosintesis.com.ar\/wp-content\/uploads\/2026\/04\/1777374086_950_Aseguran-que-Real-Madrid-tanteo-a-Lionel-Scaloni-para-ser.png?ssl=1&w=500&resize=500&ssl=1 500w, https:\/\/i1.wp.com\/chacosintesis.com.ar\/wp-content\/uploads\/2026\/04\/1777374086_950_Aseguran-que-Real-Madrid-tanteo-a-Lionel-Scaloni-para-ser.png?ssl=1&w=640&resize=640&ssl=1 640w, https:\/\/i1.wp.com\/chacosintesis.com.ar\/wp-content\/uploads\/2026\/04\/1777374086_950_Aseguran-que-Real-Madrid-tanteo-a-Lionel-Scaloni-para-ser.png?ssl=1&w=800&resize=800&ssl=1 800w, https:\/\/i1.wp.com\/chacosintesis.com.ar\/wp-content\/uploads\/2026\/04\/1777374086_950_Aseguran-que-Real-Madrid-tanteo-a-Lionel-Scaloni-para-ser.png?ssl=1&w=1024&resize=1024&ssl=1 1024w, https:\/\/i1.wp.com\/chacosintesis.com.ar\/wp-content\/uploads\/2026\/04\/1777374086_950_Aseguran-que-Real-Madrid-tanteo-a-Lionel-Scaloni-para-ser.png?ssl=1&w=1280&resize=1280&ssl=1 1280w, https:\/\/i1.wp.com\/chacosintesis.com.ar\/wp-content\/uploads\/2026\/04\/1777374086_950_Aseguran-que-Real-Madrid-tanteo-a-Lionel-Scaloni-para-ser.png?ssl=1&w=1600&resize=1600&ssl=1 1600w\" fifu-data-src=\"https:\/\/i1.wp.com\/chacosintesis.com.ar\/wp-content\/uploads\/2026\/04\/1777374086_950_Aseguran-que-Real-Madrid-tanteo-a-Lionel-Scaloni-para-ser.png?ssl=1\" alt=\"El perfil del t\u00e9cnico campe\u00f3n del mundo es valorado por la dirigencia encabezada por Florentino P\u00e9rez, especialmente por su capacidad para gestionar planteles con grandes figuras, algo clave en un equipo que cuenta con nombres como Vin\u00edcius, Kylian Mbapp\u00e9, Jude Bellingham y Federico Valverde.\" title=\"El perfil del t\u00e9cnico campe\u00f3n del mundo es valorado por la dirigencia encabezada por Florentino P\u00e9rez, especialmente por su capacidad para gestionar planteles con grandes figuras, algo clave en un equipo que cuenta con nombres como Vin\u00edcius, Kylian Mbapp\u00e9, Jude Bellingham y Federico Valverde.\" width=\"730\" height=\"410\" id=\"8212428-Libre-662869741_embed\" crossorigin=\"anonymous\" fetchpriority=\"high\" decode=\"async\"\/><\/div>\n<div class=\"embed_wrapper-cont\" id=\"p-1777301674554-44690\">\n<div id=\"8212428-Libre-662869741_epigrafe\" class=\"embed_epigrafe\">\n<p id=\"p-1777301748144-1495\">El perfil del t\u00e9cnico campe\u00f3n del mundo es valorado por la dirigencia encabezada por Florentino P\u00e9rez, especialmente por su capacidad para gestionar planteles con grandes figuras, algo clave en un equipo que cuenta con nombres como Vin\u00edcius, Kylian Mbapp\u00e9, Jude Bellingham y Federico Valverde.<\/p>\n<\/div><\/div>\n<\/p><\/div>\n<\/article>\n<article class=\"article-body article-body--remaining-paragraph content-protected-false\">\n<p id=\"p-1777301512585-3662\" data-start=\"1571\" data-end=\"1884\"> El perfil del t\u00e9cnico campe\u00f3n del mundo es valorado por la dirigencia encabezada por <strong data-start=\"1656\" data-end=\"1676\">Florentino P\u00e9rez<\/strong>, especialmente por su capacidad para gestionar planteles con grandes figuras, algo clave en un equipo que cuenta con nombres como <strong data-start=\"1807\" data-end=\"1819\">Vin\u00edcius<\/strong>, <strong data-start=\"1821\" data-end=\"1838\">Kylian Mbapp\u00e9<\/strong>, <strong data-start=\"1840\" data-end=\"1859\">Jude Bellingham<\/strong> y <strong data-start=\"1862\" data-end=\"1883\">Federico Valverde<\/strong>.<\/p>\n<p id=\"p-1777301512585-14338\" data-start=\"1886\" data-end=\"2173\">De todos modos, no es el \u00fanico candidato. En la lista tambi\u00e9n aparecen entrenadores de peso como <strong data-start=\"1983\" data-end=\"2002\">Zinedine Zidane<\/strong>, <strong data-start=\"2004\" data-end=\"2020\">J\u00fcrgen Klopp<\/strong>, <strong data-start=\"2022\" data-end=\"2042\">Didier Deschamps<\/strong>, <strong data-start=\"2044\" data-end=\"2061\">Jos\u00e9 Mourinho<\/strong>, <strong data-start=\"2063\" data-end=\"2086\">Mauricio Pochettino<\/strong> y <strong data-start=\"2089\" data-end=\"2113\">Massimiliano Allegri<\/strong>, lo que refleja que el club analiza m\u00faltiples alternativas.<\/p>\n<p id=\"p-1777301512585-41926\" data-start=\"2175\" data-end=\"2476\" data-is-last-node=\"\" data-is-only-node=\"\">Por ahora, <strong data-start=\"2186\" data-end=\"2197\">Scaloni<\/strong> evit\u00f3 pronunciarse sobre su futuro m\u00e1s all\u00e1 de la competencia internacional. En recientes declaraciones, dej\u00f3 en claro que su foco est\u00e1 puesto en el desaf\u00edo mundialista, aunque el inter\u00e9s del gigante espa\u00f1ol ya instal\u00f3 un nuevo interrogante en el horizonte del f\u00fatbol argentino.<\/p>\n<\/article>\n<p>\t\t\t\t<!-- REGION4 } -->\n\t\t\t\t\t\t<\/div>\n<p><script>\n!function(f,b,e,v,n,t,s)\n{if(f.fbq)return;n=f.fbq=function(){n.callMethod?\nn.callMethod.apply(n,arguments):n.queue.push(arguments)};\nif(!f._fbq)f._fbq=n;n.push=n;n.loaded=!0;n.version='2.0';\nn.queue=[];t=b.createElement(e);t.async=!0;\nt.src=v;s=b.getElementsByTagName(e)[0];\ns.parentNode.insertBefore(t,s)}(window,document,'script',\n'https:\/\/connect.facebook.net\/en_US\/fbevents.js');\nfbq('init', '2047048335588113');\nfbq('track', 'PageView');\n<\/script><\/p>\n<p>Ambito.-<\/p>\n","protected":false},"excerpt":{"rendered":"<p>Desde Espa\u00f1a aseguran que el club ya contact\u00f3 al entrenador de la Selecci\u00f3n argentina pensando en el ciclo posterior al Mundial 2026. El futuro del banco del Real Madrid empieza a moverse antes de lo previsto y un nombre argentino aparece con fuerza: Lionel Scaloni. Seg\u00fan revelaron en la radio espa\u00f1ola Cadena COPE, el actual [&hellip;]<\/p>\n","protected":false},"author":1,"featured_media":220948,"comment_status":"closed","ping_status":"","sticky":false,"template":"","format":"standard","meta":{"footnotes":""},"categories":[7],"tags":[],"class_list":{"0":"post-220935","1":"post","2":"type-post","3":"status-publish","4":"format-standard","5":"has-post-thumbnail","7":"category-deportes"},"_links":{"self":[{"href":"https:\/\/chacosintesis.com.ar\/index.php\/wp-json\/wp\/v2\/posts\/220935","targetHints":{"allow":["GET"]}}],"collection":[{"href":"https:\/\/chacosintesis.com.ar\/index.php\/wp-json\/wp\/v2\/posts"}],"about":[{"href":"https:\/\/chacosintesis.com.ar\/index.php\/wp-json\/wp\/v2\/types\/post"}],"author":[{"embeddable":true,"href":"https:\/\/chacosintesis.com.ar\/index.php\/wp-json\/wp\/v2\/users\/1"}],"replies":[{"embeddable":true,"href":"https:\/\/chacosintesis.com.ar\/index.php\/wp-json\/wp\/v2\/comments?post=220935"}],"version-history":[{"count":0,"href":"https:\/\/chacosintesis.com.ar\/index.php\/wp-json\/wp\/v2\/posts\/220935\/revisions"}],"wp:featuredmedia":[{"embeddable":true,"href":"https:\/\/chacosintesis.com.ar\/index.php\/wp-json\/wp\/v2\/media\/220948"}],"wp:attachment":[{"href":"https:\/\/chacosintesis.com.ar\/index.php\/wp-json\/wp\/v2\/media?parent=220935"}],"wp:term":[{"taxonomy":"category","embeddable":true,"href":"https:\/\/chacosintesis.com.ar\/index.php\/wp-json\/wp\/v2\/categories?post=220935"},{"taxonomy":"post_tag","embeddable":true,"href":"https:\/\/chacosintesis.com.ar\/index.php\/wp-json\/wp\/v2\/tags?post=220935"}],"curies":[{"name":"wp","href":"https:\/\/api.w.org\/{rel}","templated":true}]}}