{"id":220900,"date":"2026-04-27T13:17:00","date_gmt":"2026-04-27T16:17:00","guid":{"rendered":"https:\/\/chacosintesis.com.ar\/?p=220900"},"modified":"2026-04-27T20:23:25","modified_gmt":"2026-04-27T23:23:25","slug":"saenz-pena-el-municipio-anuncio-el-campeonato-de-la-empanada-termal","status":"publish","type":"post","link":"https:\/\/chacosintesis.com.ar\/index.php\/saenz-pena-el-municipio-anuncio-el-campeonato-de-la-empanada-termal\/","title":{"rendered":"S\u00e1enz Pe\u00f1a: El municipio anunci\u00f3 el &#8220;Campeonato de la Empanada Termal&#8221;\u00a0"},"content":{"rendered":"\n<p>El pr\u00f3ximo 25 de mayo desde las 11 horas en el Polideportivo Municipal, se realizar\u00e1 el &#8220;Campeonato de la Empanada Termal&#8221;, que se llevar\u00e1 a cabo el en el marco de las celebraciones por la fecha patria.<br>Este evento gastron\u00f3mico busca consolidarse como una nueva propuesta cultural y tur\u00edstica de la ciudad, sum\u00e1ndose a iniciativas ya instaladas como el Campeonato del Locro. La convocatoria es impulsada de manera conjunta por distintas \u00e1reas del municipio, con el objetivo de ofrecer una jornada que combine tradici\u00f3n, identidad y participaci\u00f3n de los vecinos.<br>El certamen est\u00e1 dirigido a cocineros, emprendedores y gastron\u00f3micos de la ciudad y la regi\u00f3n, quienes podr\u00e1n inscribirse abonando un monto de $5.000. La inscripci\u00f3n se realiza en la oficina de Ceremonial y Protocolo del edificio municipal, y permanecer\u00e1 abierta durante tres semanas.<br>Como parte de la propuesta, se destaca la realizaci\u00f3n de una masterclass a cargo de Norma Jarv\u00e1n de Navarro, reconocida campeona de la Fiesta Nacional de la Empanada de Famaill\u00e1 (Tucum\u00e1n), quien brindar\u00e1 una demostraci\u00f3n en vivo y degustaci\u00f3n de empanadas t\u00edpicas.<\/p>\n\n\n\n<figure class=\"wp-block-image size-full\"><img decoding=\"async\" src=\"data:image\/gif;base64,R0lGODlhAQABAIAAAAAAAP\/\/\/ywAAAAAAQABAAACAUwAOw==\" fifu-lazy=\"1\" fifu-data-sizes=\"auto\" fifu-data-srcset=\"https:\/\/i0.wp.com\/chacosintesis.com.ar\/wp-content\/uploads\/2026\/04\/empanadas.jpg?ssl=1&w=75&resize=75&ssl=1 75w, https:\/\/i0.wp.com\/chacosintesis.com.ar\/wp-content\/uploads\/2026\/04\/empanadas.jpg?ssl=1&w=100&resize=100&ssl=1 100w, https:\/\/i0.wp.com\/chacosintesis.com.ar\/wp-content\/uploads\/2026\/04\/empanadas.jpg?ssl=1&w=150&resize=150&ssl=1 150w, https:\/\/i0.wp.com\/chacosintesis.com.ar\/wp-content\/uploads\/2026\/04\/empanadas.jpg?ssl=1&w=240&resize=240&ssl=1 240w, https:\/\/i0.wp.com\/chacosintesis.com.ar\/wp-content\/uploads\/2026\/04\/empanadas.jpg?ssl=1&w=320&resize=320&ssl=1 320w, https:\/\/i0.wp.com\/chacosintesis.com.ar\/wp-content\/uploads\/2026\/04\/empanadas.jpg?ssl=1&w=500&resize=500&ssl=1 500w, https:\/\/i0.wp.com\/chacosintesis.com.ar\/wp-content\/uploads\/2026\/04\/empanadas.jpg?ssl=1&w=640&resize=640&ssl=1 640w, https:\/\/i0.wp.com\/chacosintesis.com.ar\/wp-content\/uploads\/2026\/04\/empanadas.jpg?ssl=1&w=800&resize=800&ssl=1 800w, https:\/\/i0.wp.com\/chacosintesis.com.ar\/wp-content\/uploads\/2026\/04\/empanadas.jpg?ssl=1&w=1024&resize=1024&ssl=1 1024w, https:\/\/i0.wp.com\/chacosintesis.com.ar\/wp-content\/uploads\/2026\/04\/empanadas.jpg?ssl=1&w=1280&resize=1280&ssl=1 1280w, https:\/\/i0.wp.com\/chacosintesis.com.ar\/wp-content\/uploads\/2026\/04\/empanadas.jpg?ssl=1&w=1600&resize=1600&ssl=1 1600w\" fifu-data-src=\"https:\/\/i0.wp.com\/chacosintesis.com.ar\/wp-content\/uploads\/2026\/04\/empanadas.jpg?ssl=1\" alt=\"\" class=\"wp-image-220901\"\/><\/figure>\n\n\n\n<p>El campeonato contar\u00e1 con la participaci\u00f3n de artesanos, emprendedores, espect\u00e1culos musicales en vivo y propuestas culturales, generando un espacio integral para toda la familia. Asimismo, habr\u00e1 un precio unificado para la venta de empanadas dentro del predio, mientras que los participantes tambi\u00e9n podr\u00e1n comercializar sus productos de manera externa.<br>En cuanto a la competencia, se permitir\u00e1 la elaboraci\u00f3n de empanadas tanto fritas como al horno, debiendo cada participante contar con sus insumos, mientras que la organizaci\u00f3n proveer\u00e1 el espacio y condiciones necesarias para la cocci\u00f3n.<br>Se entregar\u00e1n premios en efectivo, adem\u00e1s de trofeos, medallas y certificados.<br>La invitaci\u00f3n est\u00e1 abierta a toda la ciudad y localidades vecinas para disfrutar de una jornada que busca revalorizar la gastronom\u00eda local y fortalecer la identidad cultural en S\u00e1enz Pe\u00f1a.<\/p>\n\n\n\n<p><\/p>\n","protected":false},"excerpt":{"rendered":"<p>El pr\u00f3ximo 25 de mayo desde las 11 horas en el Polideportivo Municipal, se realizar\u00e1 el &#8220;Campeonato de la Empanada Termal&#8221;, que se llevar\u00e1 a cabo el en el marco de las celebraciones por la fecha patria.Este evento gastron\u00f3mico busca consolidarse como una nueva propuesta cultural y tur\u00edstica de la ciudad, sum\u00e1ndose a iniciativas ya [&hellip;]<\/p>\n","protected":false},"author":10001,"featured_media":220902,"comment_status":"closed","ping_status":"closed","sticky":false,"template":"","format":"standard","meta":{"footnotes":""},"categories":[6],"tags":[628],"class_list":{"0":"post-220900","1":"post","2":"type-post","3":"status-publish","4":"format-standard","5":"has-post-thumbnail","7":"category-chaco","8":"tag-saenzpena"},"_links":{"self":[{"href":"https:\/\/chacosintesis.com.ar\/index.php\/wp-json\/wp\/v2\/posts\/220900","targetHints":{"allow":["GET"]}}],"collection":[{"href":"https:\/\/chacosintesis.com.ar\/index.php\/wp-json\/wp\/v2\/posts"}],"about":[{"href":"https:\/\/chacosintesis.com.ar\/index.php\/wp-json\/wp\/v2\/types\/post"}],"author":[{"embeddable":true,"href":"https:\/\/chacosintesis.com.ar\/index.php\/wp-json\/wp\/v2\/users\/10001"}],"replies":[{"embeddable":true,"href":"https:\/\/chacosintesis.com.ar\/index.php\/wp-json\/wp\/v2\/comments?post=220900"}],"version-history":[{"count":1,"href":"https:\/\/chacosintesis.com.ar\/index.php\/wp-json\/wp\/v2\/posts\/220900\/revisions"}],"predecessor-version":[{"id":220904,"href":"https:\/\/chacosintesis.com.ar\/index.php\/wp-json\/wp\/v2\/posts\/220900\/revisions\/220904"}],"wp:featuredmedia":[{"embeddable":true,"href":"https:\/\/chacosintesis.com.ar\/index.php\/wp-json\/wp\/v2\/media\/220902"}],"wp:attachment":[{"href":"https:\/\/chacosintesis.com.ar\/index.php\/wp-json\/wp\/v2\/media?parent=220900"}],"wp:term":[{"taxonomy":"category","embeddable":true,"href":"https:\/\/chacosintesis.com.ar\/index.php\/wp-json\/wp\/v2\/categories?post=220900"},{"taxonomy":"post_tag","embeddable":true,"href":"https:\/\/chacosintesis.com.ar\/index.php\/wp-json\/wp\/v2\/tags?post=220900"}],"curies":[{"name":"wp","href":"https:\/\/api.w.org\/{rel}","templated":true}]}}