{"id":220886,"date":"2026-04-27T12:30:00","date_gmt":"2026-04-27T15:30:00","guid":{"rendered":"https:\/\/chacosintesis.com.ar\/?p=220886"},"modified":"2026-04-27T20:14:06","modified_gmt":"2026-04-27T23:14:06","slug":"saenz-pena-se-lanzo-el-programa-mi-primera-licencia-para-estudiantes-secundarios","status":"publish","type":"post","link":"https:\/\/chacosintesis.com.ar\/index.php\/saenz-pena-se-lanzo-el-programa-mi-primera-licencia-para-estudiantes-secundarios\/","title":{"rendered":"S\u00e1enz Pe\u00f1a: Se lanz\u00f3 el programa \u201cMi Primera Licencia\u201d para estudiantes secundarios"},"content":{"rendered":"\n<p>La Municipalidad de Presidencia Roque S\u00e1enz Pe\u00f1a junto a la Subsecretar\u00eda de Seguridad Vial de la provincia y la Regional Educativa IV-A, lanzaron el programa \u201cMi Primera Licencia\u201d, una propuesta educativa destinada a estudiantes mayores de 16 a\u00f1os que se encuentran cursando el nivel secundario, con el objetivo de promover la educaci\u00f3n vial, la prevenci\u00f3n de siniestros y la formaci\u00f3n de futuros conductores responsables.<br>La iniciativa es impulsada por la Secretar\u00eda de Gesti\u00f3n y Promoci\u00f3n Educativa, la Subsecretar\u00eda de Seguridad Vial y la Direcci\u00f3n de Educaci\u00f3n Vial del municipio, en articulaci\u00f3n con la Subsecretar\u00eda de Seguridad Vial de la Provincia y la Regional Educativa IV-A.<br>El programa fue presentado con la participaci\u00f3n de autoridades provinciales y municipales, entre ellas el subsecretario de Seguridad Vial de la Provincia, Rafael Acu\u00f1a; el director de Tr\u00e1nsito y Seguridad Vial Interior, comisario Adolfo Treppo; \u00a0 el subsecretario de Gobierno, Luis Collavino; la subsecretar\u00eda de Seguridad Vial municipal, Viviana G\u00f3mez y dem\u00e1s autoridades.<\/p>\n\n\n\n<figure class=\"wp-block-image size-full\"><img decoding=\"async\" src=\"data:image\/gif;base64,R0lGODlhAQABAIAAAAAAAP\/\/\/ywAAAAAAQABAAACAUwAOw==\" fifu-lazy=\"1\" fifu-data-sizes=\"auto\" fifu-data-srcset=\"https:\/\/i0.wp.com\/chacosintesis.com.ar\/wp-content\/uploads\/2026\/04\/WhatsApp-Image-2026-04-27-at-10.49.12.jpeg?ssl=1&w=75&resize=75&ssl=1 75w, https:\/\/i0.wp.com\/chacosintesis.com.ar\/wp-content\/uploads\/2026\/04\/WhatsApp-Image-2026-04-27-at-10.49.12.jpeg?ssl=1&w=100&resize=100&ssl=1 100w, https:\/\/i0.wp.com\/chacosintesis.com.ar\/wp-content\/uploads\/2026\/04\/WhatsApp-Image-2026-04-27-at-10.49.12.jpeg?ssl=1&w=150&resize=150&ssl=1 150w, https:\/\/i0.wp.com\/chacosintesis.com.ar\/wp-content\/uploads\/2026\/04\/WhatsApp-Image-2026-04-27-at-10.49.12.jpeg?ssl=1&w=240&resize=240&ssl=1 240w, https:\/\/i0.wp.com\/chacosintesis.com.ar\/wp-content\/uploads\/2026\/04\/WhatsApp-Image-2026-04-27-at-10.49.12.jpeg?ssl=1&w=320&resize=320&ssl=1 320w, https:\/\/i0.wp.com\/chacosintesis.com.ar\/wp-content\/uploads\/2026\/04\/WhatsApp-Image-2026-04-27-at-10.49.12.jpeg?ssl=1&w=500&resize=500&ssl=1 500w, https:\/\/i0.wp.com\/chacosintesis.com.ar\/wp-content\/uploads\/2026\/04\/WhatsApp-Image-2026-04-27-at-10.49.12.jpeg?ssl=1&w=640&resize=640&ssl=1 640w, https:\/\/i0.wp.com\/chacosintesis.com.ar\/wp-content\/uploads\/2026\/04\/WhatsApp-Image-2026-04-27-at-10.49.12.jpeg?ssl=1&w=800&resize=800&ssl=1 800w, https:\/\/i0.wp.com\/chacosintesis.com.ar\/wp-content\/uploads\/2026\/04\/WhatsApp-Image-2026-04-27-at-10.49.12.jpeg?ssl=1&w=1024&resize=1024&ssl=1 1024w, https:\/\/i0.wp.com\/chacosintesis.com.ar\/wp-content\/uploads\/2026\/04\/WhatsApp-Image-2026-04-27-at-10.49.12.jpeg?ssl=1&w=1280&resize=1280&ssl=1 1280w, https:\/\/i0.wp.com\/chacosintesis.com.ar\/wp-content\/uploads\/2026\/04\/WhatsApp-Image-2026-04-27-at-10.49.12.jpeg?ssl=1&w=1600&resize=1600&ssl=1 1600w\" fifu-data-src=\"https:\/\/i0.wp.com\/chacosintesis.com.ar\/wp-content\/uploads\/2026\/04\/WhatsApp-Image-2026-04-27-at-10.49.12.jpeg?ssl=1\" alt=\"\" class=\"wp-image-220888\"\/><\/figure>\n\n\n\n<p>Durante la presentaci\u00f3n, el Secretario de Gesti\u00f3n y Promoci\u00f3n Educativa, destac\u00f3 la importancia de trabajar en la prevenci\u00f3n desde edades tempranas, se\u00f1alando que \u201cel objetivo es educar y generar una cultura vial que se refleje en la vida cotidiana, cuidando especialmente a los adolescentes, que son uno de los grupos m\u00e1s vulnerables en materia de siniestros viales\u201d.<br>El programa \u201cMi Primera Licencia\u201d consta de seis clases destinadas a todos los alumnos secundarios de la ciudad, que se dictar\u00e1n en la EET N\u00b0 22, con un cupo total de 120 alumnos (60 en el turno ma\u00f1ana y 60 en el turno tarde). Las clases abordar\u00e1n contenidos vinculados a seguridad vial, seguridad activa y pasiva, requisitos para circular y roles en la v\u00eda p\u00fablica, entre otros temas.<br>El cronograma establece el inicio de las clases el martes 5 de mayo, continuando los d\u00edas 7, 14, 21 y 28 de mayo, mientras que el examen final se realizar\u00e1 el jueves 4 de junio.<br>Las inscripciones ya se encuentran abiertas y deben realizarse en la oficina de la Direcci\u00f3n de Educaci\u00f3n Vial, ubicada en calle 15 entre 10 y 12, en los horarios de 7 a 12 y de 13 a 19:30. Los interesados deber\u00e1n acreditar ser alumnos del nivel secundario y cumplir con la edad requerida.<br>Como incentivo, los estudiantes que obtengan calificaciones destacadas recibir\u00e1n premios: quienes alcancen promedios entre 8 y 10 acceder\u00e1n a un beneficio especial.\u00a0 Adem\u00e1s, el mejor promedio general ser\u00e1 premiado con un motoveh\u00edculo totalmente equipado, donado por el taller de Revisi\u00f3n T\u00e9cnica Obligatoria (RTO) de la ciudad, junto con casco y elementos de seguridad.<br>El subsecretario provincial Rafael Acu\u00f1a remarc\u00f3 que S\u00e1enz Pe\u00f1a es pionera en la implementaci\u00f3n de este tipo de programas, subrayando que \u201cla educaci\u00f3n es el eje fundamental para lograr una convivencia vial ordenada y segura, donde el respeto por las normas y la vida sea una prioridad\u201d.<br>Con esta propuesta, se busca fortalecer la educaci\u00f3n vial como herramienta clave para reducir los siniestros y fomentar una ciudadan\u00eda responsable y comprometida con el cuidado de la vida.<\/p>\n\n\n\n<p><\/p>\n","protected":false},"excerpt":{"rendered":"<p>La Municipalidad de Presidencia Roque S\u00e1enz Pe\u00f1a junto a la Subsecretar\u00eda de Seguridad Vial de la provincia y la Regional Educativa IV-A, lanzaron el programa \u201cMi Primera Licencia\u201d, una propuesta educativa destinada a estudiantes mayores de 16 a\u00f1os que se encuentran cursando el nivel secundario, con el objetivo de promover la educaci\u00f3n vial, la prevenci\u00f3n [&hellip;]<\/p>\n","protected":false},"author":10001,"featured_media":220887,"comment_status":"closed","ping_status":"closed","sticky":false,"template":"","format":"standard","meta":{"footnotes":""},"categories":[6],"tags":[628],"class_list":{"0":"post-220886","1":"post","2":"type-post","3":"status-publish","4":"format-standard","5":"has-post-thumbnail","7":"category-chaco","8":"tag-saenzpena"},"_links":{"self":[{"href":"https:\/\/chacosintesis.com.ar\/index.php\/wp-json\/wp\/v2\/posts\/220886","targetHints":{"allow":["GET"]}}],"collection":[{"href":"https:\/\/chacosintesis.com.ar\/index.php\/wp-json\/wp\/v2\/posts"}],"about":[{"href":"https:\/\/chacosintesis.com.ar\/index.php\/wp-json\/wp\/v2\/types\/post"}],"author":[{"embeddable":true,"href":"https:\/\/chacosintesis.com.ar\/index.php\/wp-json\/wp\/v2\/users\/10001"}],"replies":[{"embeddable":true,"href":"https:\/\/chacosintesis.com.ar\/index.php\/wp-json\/wp\/v2\/comments?post=220886"}],"version-history":[{"count":1,"href":"https:\/\/chacosintesis.com.ar\/index.php\/wp-json\/wp\/v2\/posts\/220886\/revisions"}],"predecessor-version":[{"id":220890,"href":"https:\/\/chacosintesis.com.ar\/index.php\/wp-json\/wp\/v2\/posts\/220886\/revisions\/220890"}],"wp:featuredmedia":[{"embeddable":true,"href":"https:\/\/chacosintesis.com.ar\/index.php\/wp-json\/wp\/v2\/media\/220887"}],"wp:attachment":[{"href":"https:\/\/chacosintesis.com.ar\/index.php\/wp-json\/wp\/v2\/media?parent=220886"}],"wp:term":[{"taxonomy":"category","embeddable":true,"href":"https:\/\/chacosintesis.com.ar\/index.php\/wp-json\/wp\/v2\/categories?post=220886"},{"taxonomy":"post_tag","embeddable":true,"href":"https:\/\/chacosintesis.com.ar\/index.php\/wp-json\/wp\/v2\/tags?post=220886"}],"curies":[{"name":"wp","href":"https:\/\/api.w.org\/{rel}","templated":true}]}}