{"id":22088,"date":"2023-05-24T16:49:56","date_gmt":"2023-05-24T19:49:56","guid":{"rendered":"https:\/\/chacosintesis.com.ar\/?p=22088"},"modified":"2023-05-24T17:07:31","modified_gmt":"2023-05-24T20:07:31","slug":"se-viene-el-segundo-festival-literatura-impenetrable-una-experiencia-literaria-inmersa-en-su-contexto","status":"publish","type":"post","link":"https:\/\/chacosintesis.com.ar\/index.php\/se-viene-el-segundo-festival-literatura-impenetrable-una-experiencia-literaria-inmersa-en-su-contexto\/","title":{"rendered":"Se viene el segundo festival Literatura Impenetrable, una experiencia literaria inmersa en su contexto"},"content":{"rendered":"<p>Este mi\u00e9rcoles 24, en la Casa de las Culturas del Instituto de Cultura del Chaco se lanz\u00f3 la segunda edici\u00f3n del Festival de Literatura Impenetrable organizado por la C\u00e1tedra Literatura Argentina II de la UNNE, que dirige la docente y escritora Luc\u00eda Caminada, con el apoyo de los Institutos de Cultura y de Turismo del Chaco, del Fog\u00f3n de los Arrieros y el aporte del Consejo Federal de Inversiones (CFI). El Festival se compone primero de un viaje, el jueves 1 y viernes 2 de junio; y el 3 de junio el cierre en el Fog\u00f3n de los Arrieros, donde se sumar\u00e1n tambi\u00e9n otras escritores y escritores.<br \/>\nEl vicepresidente del Instituto de Cultura, Alfredo Germignani expres\u00f3: \u201cPara nosotros es muy importante generar l\u00edneas de fomento y de trabajo con todos los hacedores culturales y especialmente con las y los escritores, editores y toda la comunidad literaria de la provincia, en este caso con el Festival de Literatura Impenetrable, un gran trabajo que nace del esp\u00edritu de estudio de Luc\u00eda Caminada y su equipo en torno a lo que son las literaturas regionales\u201d.<br \/>\nMarcelo Nieto al frente del Departamento de Letras destac\u00f3 el nombre: \u201cImpenetrable, qu\u00e9 sugerente esa expresi\u00f3n. Un adjetivo que se convierte en sustantivo para nombrar de forma veraz y tajante a la cosa; y tiene otra vuelta de tuerca esta definici\u00f3n: el impenetrable es lo inexpugnable, es una valla que no podemos atravesar y por lo tanto, impenetrable es sin\u00f3nimo de misterio. Fue tambi\u00e9n uno de los ep\u00edtetos que tuvo el Chac\u00fa, el Gran Chaco, el Chaco-Gualamba, el sepulcro de los misioneros, el territorio de los indios del norte.<br \/>\n\u201cEn el Congreso de los Pueblos de 2018, nuestro Honoris Causa, Marcos Altamirano, habl\u00f3 de la promoci\u00f3n tur\u00edstica de la riqueza fitogeogr\u00e1fica y zool\u00f3gica del Impenetrable, pero sin embargo era nula la comunicaci\u00f3n de los grandes sucesos de la historia ind\u00edgena. Por caso, la creaci\u00f3n de Concepci\u00f3n del Bermejo en 1585, en un tiempo mucho m\u00e1s rica y m\u00e1s poblada que Buenos Aires; la paz de La Cangall\u00e9 cuando el gobernador Matorra de Tucum\u00e1n y el caporal Paik\u00edn protagonizan uno de los pocos momentos de lucidez y respeto entre el conquistador y el ind\u00edgena; tambi\u00e9n la dimensi\u00f3n m\u00edtica como la Laguna de las Perlas, que muchas expediciones buscaron y finalmente hallaron por culpa de un molusco. Y m\u00e1s recientemente, le\u00ed la noticia de que tres cazadores furtivos en Avia Ter\u00e1i, mataron un puma de 8 a\u00f1os. Se mostraba la foto alucinante, ese gato sagrado del Chac\u00fa, muerto y las tres escopetas. Y pensaba, que qu\u00e9 bueno lo que propone este evento: a trav\u00e9s del poder de la palabra poder ir a escribir sobre este \u00faltimo reducto del yaguaret\u00e9, este lugar virgen. As\u00ed que espero que puedan armonizar con ese medio, con esos hombres \u00e9ticos que son los guardaparques y guardabosques, y con esos ni\u00f1os que van a visitar en esa lejana escuela del paraje de la armon\u00eda y que son los que mantienen el legado ancestral del impenetrable y que disfruten de las noches estrelladas libres de luz el\u00e9ctrica.\u201d<br \/>\nPor su parte la organizadora, Luc\u00eda Caminada se\u00f1al\u00f3 que \u201cen la primera edici\u00f3n del Festival, en 2018, nos sorprendi\u00f3 la participaci\u00f3n con textos que exploran la relaci\u00f3n entre investigaci\u00f3n, territorio y regi\u00f3n; y en esta segunda edici\u00f3n lo que pensamos es: viajar. Esto distingue a este Festival porque implica no pensar la escritura s\u00f3lo como actividad pasiva y desprendida del contexto social, cultural y medioambiental sino ir al campo de estudio, tener una experiencia de contacto con esas culturas, literaturas y ficciones que vemos en los libros, y sacar un provecho de esa m\u00e1gica experiencia que tiene el Impenetrable, con la complejidad de sus paisajes, con sus posibles imprevistos, aprovechar que todav\u00eda estamos en un lugar donde podemos, por ejemplo, estar sin luz por la noche y disfrutar de sus sonidos, experiencias que para lo que es la escritura cuentan y suman.\u201d<br \/>\n\u201cY en esta edici\u00f3n, gracias al Instituto de Cultura, su departamento de Letras, y al Instituto de Turismo de Chaco, pudimos lograr que viniera gente que, si bien escribe sobre las cuestiones vinculadas por la regi\u00f3n, no viven cerca, como por ejemplo, Selva Almada, que es dentro de R\u00edos, o tambi\u00e9n Marina Screamer, y escritores como Fabio Mart\u00ednez, que es de Tartagal, Salta, Ramiro Sanchis, que vienen desde Uruguay, y Gabriel de Quinsale, que viene directamente de Quito, entre muchos otros, para compartir este viaje.<br \/>\nEl Festival se compone primero de un viaje, el jueves 1 y viernes 2 de junio; y el 3 de junio el cierre en el Fog\u00f3n de los Arrieros, donde se sumar\u00e1n tambi\u00e9n otras escritores y escritores como Alfredo Germignani, Guido Moussa, con Literatura Tropical, Luba Mal\u00fan, tambi\u00e9n tenemos Miguel Angel Molfino, autores de Formosa, de Paraguay, una mesa de poes\u00eda con Mar\u00eda Bakun, Roc\u00edo Navarro, y muchos otros nombres en un programa muy rico. Ese d\u00eda se compartir\u00e1 la experiencia del impenetrable y tambi\u00e9n conversaciones en torno a este v\u00ednculo entre territorio, regi\u00f3n e investigaci\u00f3n. Por ejemplo, va a estar Mariano Quir\u00f3s hablando con Marcos Apolo Ben\u00edtez y Cristian Ken en c\u00f3mo ser\u00eda un paseo por el monte. Hay una intenci\u00f3n de recrear para quienes no viajaron ciertos itinerarios rec\u00f3nditos\u201d, concluy\u00f3.<\/p>\n","protected":false},"excerpt":{"rendered":"<p>Este mi\u00e9rcoles 24, en la Casa de las Culturas del Instituto de Cultura del Chaco se lanz\u00f3 la segunda edici\u00f3n del Festival de Literatura Impenetrable organizado por la C\u00e1tedra Literatura Argentina II de la UNNE, que dirige la docente y escritora Luc\u00eda Caminada, con el apoyo de los Institutos de Cultura y de Turismo del [&hellip;]<\/p>\n","protected":false},"author":1,"featured_media":22089,"comment_status":"closed","ping_status":"closed","sticky":false,"template":"","format":"standard","meta":{"footnotes":""},"categories":[6],"tags":[],"class_list":{"0":"post-22088","1":"post","2":"type-post","3":"status-publish","4":"format-standard","5":"has-post-thumbnail","7":"category-chaco"},"_links":{"self":[{"href":"https:\/\/chacosintesis.com.ar\/index.php\/wp-json\/wp\/v2\/posts\/22088","targetHints":{"allow":["GET"]}}],"collection":[{"href":"https:\/\/chacosintesis.com.ar\/index.php\/wp-json\/wp\/v2\/posts"}],"about":[{"href":"https:\/\/chacosintesis.com.ar\/index.php\/wp-json\/wp\/v2\/types\/post"}],"author":[{"embeddable":true,"href":"https:\/\/chacosintesis.com.ar\/index.php\/wp-json\/wp\/v2\/users\/1"}],"replies":[{"embeddable":true,"href":"https:\/\/chacosintesis.com.ar\/index.php\/wp-json\/wp\/v2\/comments?post=22088"}],"version-history":[{"count":0,"href":"https:\/\/chacosintesis.com.ar\/index.php\/wp-json\/wp\/v2\/posts\/22088\/revisions"}],"wp:featuredmedia":[{"embeddable":true,"href":"https:\/\/chacosintesis.com.ar\/index.php\/wp-json\/wp\/v2\/media\/22089"}],"wp:attachment":[{"href":"https:\/\/chacosintesis.com.ar\/index.php\/wp-json\/wp\/v2\/media?parent=22088"}],"wp:term":[{"taxonomy":"category","embeddable":true,"href":"https:\/\/chacosintesis.com.ar\/index.php\/wp-json\/wp\/v2\/categories?post=22088"},{"taxonomy":"post_tag","embeddable":true,"href":"https:\/\/chacosintesis.com.ar\/index.php\/wp-json\/wp\/v2\/tags?post=22088"}],"curies":[{"name":"wp","href":"https:\/\/api.w.org\/{rel}","templated":true}]}}