{"id":220849,"date":"2026-04-27T20:05:09","date_gmt":"2026-04-27T23:05:09","guid":{"rendered":"https:\/\/chacosintesis.com.ar\/index.php\/preocupacion-en-francia-que-lesion-tiene-kylian-mbappe-a-45-dias-del-comienzo-del-mundial-2026\/"},"modified":"2026-04-27T20:05:09","modified_gmt":"2026-04-27T23:05:09","slug":"preocupacion-en-francia-que-lesion-tiene-kylian-mbappe-a-45-dias-del-comienzo-del-mundial-2026","status":"publish","type":"post","link":"https:\/\/chacosintesis.com.ar\/index.php\/preocupacion-en-francia-que-lesion-tiene-kylian-mbappe-a-45-dias-del-comienzo-del-mundial-2026\/","title":{"rendered":"Preocupaci\u00f3n en Francia: qu\u00e9 lesi\u00f3n tiene Kylian Mbapp\u00e9 a 45 d\u00edas del comienzo del Mundial 2026"},"content":{"rendered":"<p><\/p>\n<div>\t\t<!-- { REGION4 --> <\/p>\n<header class=\"news-headline\">\n<h2 class=\"news-headline__article-summary\">\t\t<\/h2>\n<p id=\"p-1777313504486-58132\" class=\"ignore-parser\">El crack franc\u00e9s pidi\u00f3 el cambio en el \u00faltimo partido contra el Betis y result\u00f3 tener afectado un \u201cm\u00fasculo semitendinoso&#8221; en la &#8220;pierna izquierda\u201d.<\/p>\n<\/header>\n<div class=\"detail-highlighted-multimedia content-protected-false\">\n<figure class=\"detail-highlighted-multimedia__figure\">  <img fetchpriority=\"high\" decoding=\"async\" src=\"data:image\/gif;base64,R0lGODlhAQABAIAAAAAAAP\/\/\/ywAAAAAAQABAAACAUwAOw==\" fifu-lazy=\"1\" fifu-data-sizes=\"auto\" fifu-data-srcset=\"https:\/\/i2.wp.com\/chacosintesis.com.ar\/wp-content\/uploads\/2026\/04\/Preocupacion-en-Francia-que-lesion-tiene-Kylian-Mbappe-a-45.png?ssl=1&w=75&resize=75&ssl=1 75w, https:\/\/i2.wp.com\/chacosintesis.com.ar\/wp-content\/uploads\/2026\/04\/Preocupacion-en-Francia-que-lesion-tiene-Kylian-Mbappe-a-45.png?ssl=1&w=100&resize=100&ssl=1 100w, https:\/\/i2.wp.com\/chacosintesis.com.ar\/wp-content\/uploads\/2026\/04\/Preocupacion-en-Francia-que-lesion-tiene-Kylian-Mbappe-a-45.png?ssl=1&w=150&resize=150&ssl=1 150w, https:\/\/i2.wp.com\/chacosintesis.com.ar\/wp-content\/uploads\/2026\/04\/Preocupacion-en-Francia-que-lesion-tiene-Kylian-Mbappe-a-45.png?ssl=1&w=240&resize=240&ssl=1 240w, https:\/\/i2.wp.com\/chacosintesis.com.ar\/wp-content\/uploads\/2026\/04\/Preocupacion-en-Francia-que-lesion-tiene-Kylian-Mbappe-a-45.png?ssl=1&w=320&resize=320&ssl=1 320w, https:\/\/i2.wp.com\/chacosintesis.com.ar\/wp-content\/uploads\/2026\/04\/Preocupacion-en-Francia-que-lesion-tiene-Kylian-Mbappe-a-45.png?ssl=1&w=500&resize=500&ssl=1 500w, https:\/\/i2.wp.com\/chacosintesis.com.ar\/wp-content\/uploads\/2026\/04\/Preocupacion-en-Francia-que-lesion-tiene-Kylian-Mbappe-a-45.png?ssl=1&w=640&resize=640&ssl=1 640w, https:\/\/i2.wp.com\/chacosintesis.com.ar\/wp-content\/uploads\/2026\/04\/Preocupacion-en-Francia-que-lesion-tiene-Kylian-Mbappe-a-45.png?ssl=1&w=800&resize=800&ssl=1 800w, https:\/\/i2.wp.com\/chacosintesis.com.ar\/wp-content\/uploads\/2026\/04\/Preocupacion-en-Francia-que-lesion-tiene-Kylian-Mbappe-a-45.png?ssl=1&w=1024&resize=1024&ssl=1 1024w, https:\/\/i2.wp.com\/chacosintesis.com.ar\/wp-content\/uploads\/2026\/04\/Preocupacion-en-Francia-que-lesion-tiene-Kylian-Mbappe-a-45.png?ssl=1&w=1280&resize=1280&ssl=1 1280w, https:\/\/i2.wp.com\/chacosintesis.com.ar\/wp-content\/uploads\/2026\/04\/Preocupacion-en-Francia-que-lesion-tiene-Kylian-Mbappe-a-45.png?ssl=1&w=1600&resize=1600&ssl=1 1600w\" fifu-data-src=\"https:\/\/i2.wp.com\/chacosintesis.com.ar\/wp-content\/uploads\/2026\/04\/Preocupacion-en-Francia-que-lesion-tiene-Kylian-Mbappe-a-45.png?ssl=1\" class=\"detail-highlighted-multimedia__figure-img img-fluid\" alt=\"El n\u00famero 10 del Real Madrid y Francia hab\u00eda pedido salir contra el Real Betis, luego de haber sentido una molestia que finalmente lo dejar\u00e1 fuera de las canchas por varios partidos.\u00a0\" width=\"655\" height=\"368\" crossorigin=\"anonymous\" fetchpriority=\"high\" decode=\"async\"\/><figcaption class=\"detail-highlighted-multimedia__figcaption\">  <\/figcaption><\/figure>\n<\/p><\/div>\n<article class=\"article-body article-body--first-paragraph content-protected-false\" data-td-script-src=\"https:\/\/www.ambito.com\/td\/modulos\/encuestas\/js\/function-embeds-min-version-1777262880.js\">\n<p id=\"p-1777316199938-30365\"><strong> <a href=\"https:\/\/www.ambito.com\/deportes\/lamine-yamal-se-lesiono-pateando-un-penal-el-barcelona-y-peligra-su-participacion-el-mundial-2026-n6269785\" target=\"_blank\" rel=\"follow\">S<\/a><a href=\"https:\/\/www.ambito.com\/deportes\/lamine-yamal-se-lesiono-pateando-un-penal-el-barcelona-y-peligra-su-participacion-el-mundial-2026-n6269785\" target=\"_blank\" rel=\"follow\">e conoci\u00f3 este lunes la magnitud de la lesi\u00f3n que sufri\u00f3<\/a> Kylian Mbapp\u00e9<\/strong> el viernes pasado, cuando se encontraba jugando un partido de liga espa\u00f1ola contra el Real Betis (1-1). El astro franc\u00e9s pidi\u00f3 salir al minuto 80\u00b4luego de sentir una molestia en su pierna izquierda, y no dud\u00f3 en cuidarse para llegar \u00f3ptimo al Mundial, que inicia en apenas 45 d\u00edas.<\/p>\n<\/article>\n<section class=\"suscription-false printed-edition\" style=\"display:none\">\n<p> El contenido al que quiere acceder es exclusivo para suscriptores.<\/p>\n<p>  <span> <button type=\"button\" name=\"button\" class=\"subscribe-btn mercadopago-btn\">suscribirse<\/button><\/span>  <span class=\"btns\"><button type=\"button\" name=\"button\" class=\"subscribe-btn reload-login\"> ya estoy suscripto<\/button><\/span>  <\/p>\n<\/section>\n<article class=\"article-body article-body--second-paragraph content-protected-false\">\n<p id=\"p-1777313804227-13097\">El grado de la lesi\u00f3n del capit\u00e1n de Francia la dio a conocer el Real Madrid a trav\u00e9s de un comunicado, donde se explica que Mbapp\u00e9 padece <strong> una lesi\u00f3n en el \u201cm\u00fasculo semitendinoso de la pierna izquierda\u201d, que forma parte de los isquiotibiales.<\/strong><\/p>\n<\/article>\n<section class=\"related-news\">\n<div class=\"row row--eq-height\">\n<div class=\"col-12 col-md-6\">\n<article class=\"news-article news-article--landscape-news news-article--landscape-news\">\n<figure class=\"news-article__figure figure\">\t\t<a href=\"https:\/\/www.ambito.com\/deportes\/real-madrid-ejecuta-la-clausula-compra-nico-paz-y-volvera-al-club-luego-del-mundial-2026-n6271011\" target=\"\" title=\"\u00e1mbito.com | Real Madrid ejecuta la cl\u00e1usula de compra de Nico Paz y volver\u00e1 al club luego del Mundial 2026\" alt=\"\u00e1mbito.com | Real Madrid ejecuta la cl\u00e1usula de compra de Nico Paz y volver\u00e1 al club luego del Mundial 2026\" rel=\"noindex nofollow noreferrer\"><br \/>\n\t\t\t\t\t\t\t\t\t\t\t<img loading=\"lazy\" loading=\"lazy\" decoding=\"async\" src=\"data:image\/gif;base64,R0lGODlhAQABAIAAAAAAAP\/\/\/ywAAAAAAQABAAACAUwAOw==\" fifu-lazy=\"1\" fifu-data-sizes=\"auto\" fifu-data-srcset=\"https:\/\/i3.wp.com\/chacosintesis.com.ar\/wp-content\/uploads\/2026\/04\/Preocupacion-en-Francia-que-lesion-tiene-Kylian-Mbappe-a-45.jpg?ssl=1&w=75&resize=75&ssl=1 75w, https:\/\/i3.wp.com\/chacosintesis.com.ar\/wp-content\/uploads\/2026\/04\/Preocupacion-en-Francia-que-lesion-tiene-Kylian-Mbappe-a-45.jpg?ssl=1&w=100&resize=100&ssl=1 100w, https:\/\/i3.wp.com\/chacosintesis.com.ar\/wp-content\/uploads\/2026\/04\/Preocupacion-en-Francia-que-lesion-tiene-Kylian-Mbappe-a-45.jpg?ssl=1&w=150&resize=150&ssl=1 150w, https:\/\/i3.wp.com\/chacosintesis.com.ar\/wp-content\/uploads\/2026\/04\/Preocupacion-en-Francia-que-lesion-tiene-Kylian-Mbappe-a-45.jpg?ssl=1&w=240&resize=240&ssl=1 240w, https:\/\/i3.wp.com\/chacosintesis.com.ar\/wp-content\/uploads\/2026\/04\/Preocupacion-en-Francia-que-lesion-tiene-Kylian-Mbappe-a-45.jpg?ssl=1&w=320&resize=320&ssl=1 320w, https:\/\/i3.wp.com\/chacosintesis.com.ar\/wp-content\/uploads\/2026\/04\/Preocupacion-en-Francia-que-lesion-tiene-Kylian-Mbappe-a-45.jpg?ssl=1&w=500&resize=500&ssl=1 500w, https:\/\/i3.wp.com\/chacosintesis.com.ar\/wp-content\/uploads\/2026\/04\/Preocupacion-en-Francia-que-lesion-tiene-Kylian-Mbappe-a-45.jpg?ssl=1&w=640&resize=640&ssl=1 640w, https:\/\/i3.wp.com\/chacosintesis.com.ar\/wp-content\/uploads\/2026\/04\/Preocupacion-en-Francia-que-lesion-tiene-Kylian-Mbappe-a-45.jpg?ssl=1&w=800&resize=800&ssl=1 800w, https:\/\/i3.wp.com\/chacosintesis.com.ar\/wp-content\/uploads\/2026\/04\/Preocupacion-en-Francia-que-lesion-tiene-Kylian-Mbappe-a-45.jpg?ssl=1&w=1024&resize=1024&ssl=1 1024w, https:\/\/i3.wp.com\/chacosintesis.com.ar\/wp-content\/uploads\/2026\/04\/Preocupacion-en-Francia-que-lesion-tiene-Kylian-Mbappe-a-45.jpg?ssl=1&w=1280&resize=1280&ssl=1 1280w, https:\/\/i3.wp.com\/chacosintesis.com.ar\/wp-content\/uploads\/2026\/04\/Preocupacion-en-Francia-que-lesion-tiene-Kylian-Mbappe-a-45.jpg?ssl=1&w=1600&resize=1600&ssl=1 1600w\" fifu-data-src=\"https:\/\/i3.wp.com\/chacosintesis.com.ar\/wp-content\/uploads\/2026\/04\/Preocupacion-en-Francia-que-lesion-tiene-Kylian-Mbappe-a-45.jpg?ssl=1\" alt=\"El mediocampista argentino volver\u00e1 tras su paso por el Como de Italia.\" title=\"El mediocampista argentino volver\u00e1 tras su paso por el Como de Italia.\" width=\"93\" height=\"52\" class=\"news-article__figure-img figure-img img-fluid\"\/>\t\t<\/a><\/figure>\n<\/article><\/div>\n<\/div>\n<\/section>\n<article class=\"article-body article-body--third-paragraph content-protected-false\">\n<p id=\"p-1777314000693-16904\">El viernes, ya fuera Champions y Copa del Rey, el Madrid se jugaba una de sus \u00faltimas cartas para alcanzar al Barcelona en La Liga, enfrentando al Betis de local, por la jornada 32. A pesar de haber ido ganando desde el minuto 17 con gol de Vin\u00edcius J\u00fanior, <strong>la Casa Blanca del f\u00fatbol termin\u00f3 recibiendo un baldazo de agua fr\u00eda al minuto 90+4<\/strong>, cu\u00e1ndo H\u00e9ctor Beller\u00edn empat\u00f3 el encuentro para el festejo del equipo <span>b\u00e9tico<\/span>.<\/p>\n<\/article>\n<article class=\"article-body article-body--fourth-paragraph content-protected-false\">\n<p id=\"p-1777314251835-9943\">El empate parece terminar de entregarle La Liga al Barcelona, aunque no termin\u00f3 siendo lo que m\u00e1s preocup\u00f3 al equipo que dirige \u00c1lvaro Arbeloa. La salida de Mbapp\u00e9 encendi\u00f3 las alarmas en el Bernab\u00e9u debido a que a\u00fan queda disputar El Cl\u00e1sico contra el conjunto Cul\u00e9, y de perder, podr\u00eda tener que ver a su eterno rival, festejarle el campeonato en su cara.<\/p>\n<\/article>\n<article class=\"article-body article-body--fifth-paragraph content-protected-false\">\n<h2 id=\"p-1777315158470-53628\">Mbapp\u00e9 es duda para el Cl\u00e1sico con Barcelona<\/h2>\n<p id=\"p-1777314541715-3404\">Seg\u00fan la prensa deportiva espa\u00f1ola, <strong>es un hecho que el diez del Real Madrid no jugar\u00e1 contra el Espanyol de Barcelona por la fecha 34. <\/strong>En la siguiente jornada, el 10 de mayo, se disputar\u00e1 el Madrid Barcelona, donde est\u00e1 en duda la presencia de Mbapp\u00e9. Al existir una posibilidad de que el franc\u00e9s juegue el \u00faltimo partido importante de la temporada, no deber\u00eda haber sobresaltos para que llegue a disputar el primer partido de Les Bleus en la Copa del Mundo, contra Senegal, el pr\u00f3ximo 16 de junio en Nueva York, EEUU.<\/p>\n<\/article>\n<article class=\"article-body article-body--remaining-paragraph content-protected-false\">  <\/article>\n<p>\t\t\t\t<!-- REGION4 } -->\n\t\t\t\t\t\t<\/div>\n<p><script>\n!function(f,b,e,v,n,t,s)\n{if(f.fbq)return;n=f.fbq=function(){n.callMethod?\nn.callMethod.apply(n,arguments):n.queue.push(arguments)};\nif(!f._fbq)f._fbq=n;n.push=n;n.loaded=!0;n.version='2.0';\nn.queue=[];t=b.createElement(e);t.async=!0;\nt.src=v;s=b.getElementsByTagName(e)[0];\ns.parentNode.insertBefore(t,s)}(window,document,'script',\n'https:\/\/connect.facebook.net\/en_US\/fbevents.js');\nfbq('init', '2047048335588113');\nfbq('track', 'PageView');\n<\/script><\/p>\n<p>Ambito.-<\/p>\n","protected":false},"excerpt":{"rendered":"<p>El crack franc\u00e9s pidi\u00f3 el cambio en el \u00faltimo partido contra el Betis y result\u00f3 tener afectado un \u201cm\u00fasculo semitendinoso&#8221; en la &#8220;pierna izquierda\u201d. Se conoci\u00f3 este lunes la magnitud de la lesi\u00f3n que sufri\u00f3 Kylian Mbapp\u00e9 el viernes pasado, cuando se encontraba jugando un partido de liga espa\u00f1ola contra el Real Betis (1-1). El [&hellip;]<\/p>\n","protected":false},"author":1,"featured_media":220872,"comment_status":"closed","ping_status":"","sticky":false,"template":"","format":"standard","meta":{"footnotes":""},"categories":[7],"tags":[],"class_list":{"0":"post-220849","1":"post","2":"type-post","3":"status-publish","4":"format-standard","5":"has-post-thumbnail","7":"category-deportes"},"_links":{"self":[{"href":"https:\/\/chacosintesis.com.ar\/index.php\/wp-json\/wp\/v2\/posts\/220849","targetHints":{"allow":["GET"]}}],"collection":[{"href":"https:\/\/chacosintesis.com.ar\/index.php\/wp-json\/wp\/v2\/posts"}],"about":[{"href":"https:\/\/chacosintesis.com.ar\/index.php\/wp-json\/wp\/v2\/types\/post"}],"author":[{"embeddable":true,"href":"https:\/\/chacosintesis.com.ar\/index.php\/wp-json\/wp\/v2\/users\/1"}],"replies":[{"embeddable":true,"href":"https:\/\/chacosintesis.com.ar\/index.php\/wp-json\/wp\/v2\/comments?post=220849"}],"version-history":[{"count":0,"href":"https:\/\/chacosintesis.com.ar\/index.php\/wp-json\/wp\/v2\/posts\/220849\/revisions"}],"wp:featuredmedia":[{"embeddable":true,"href":"https:\/\/chacosintesis.com.ar\/index.php\/wp-json\/wp\/v2\/media\/220872"}],"wp:attachment":[{"href":"https:\/\/chacosintesis.com.ar\/index.php\/wp-json\/wp\/v2\/media?parent=220849"}],"wp:term":[{"taxonomy":"category","embeddable":true,"href":"https:\/\/chacosintesis.com.ar\/index.php\/wp-json\/wp\/v2\/categories?post=220849"},{"taxonomy":"post_tag","embeddable":true,"href":"https:\/\/chacosintesis.com.ar\/index.php\/wp-json\/wp\/v2\/tags?post=220849"}],"curies":[{"name":"wp","href":"https:\/\/api.w.org\/{rel}","templated":true}]}}