{"id":220823,"date":"2026-04-27T18:09:23","date_gmt":"2026-04-27T21:09:23","guid":{"rendered":"https:\/\/chacosintesis.com.ar\/index.php\/gral-san-martin-zdero-reactivo-238-viviendas-paralizadas-y-garantizo-su-finalizacion-con-fondos-provinciales\/"},"modified":"2026-04-27T18:10:09","modified_gmt":"2026-04-27T21:10:09","slug":"gral-san-martin-zdero-reactivo-238-viviendas-paralizadas-y-garantizo-su-finalizacion-con-fondos-provinciales","status":"publish","type":"post","link":"https:\/\/chacosintesis.com.ar\/index.php\/gral-san-martin-zdero-reactivo-238-viviendas-paralizadas-y-garantizo-su-finalizacion-con-fondos-provinciales\/","title":{"rendered":"Gral. San Mart\u00edn: Zdero Reactiv\u00f3 238 Viviendas Paralizadas Y Garantiz\u00f3 Su Finalizaci\u00f3n Con Fondos Provinciales"},"content":{"rendered":"<p><\/p>\n<p>\n                            &#8220;A estas viviendas las vamos a terminar. Son obras que no ten\u00edan garantizado el financiamiento y hoy la Provincia se est\u00e1 haciendo cargo para que puedan concluirse\u201d, expres\u00f3 el Gobernador Leandro Zdero, destacando el trabajo conjunto con las empresas que ejecutan los distintos grupos habitacionales.\n                        <\/p>\n<div id=\"\">\n<p><strong>Este lunes, el gobernador Leandro Zdero junto al presidente del Instituto de Vivienda, Fernando Berecoechea, verificaron el avance de las obras y se ratific\u00f3 el compromiso de finalizarlas con financiamiento provincial.<\/strong><br \/>En ese sentido, remarc\u00f3 que adem\u00e1s de la construcci\u00f3n de las unidades, se avanza en la infraestructura b\u00e1sica necesaria para su habitabilidad. \u201cEstamos garantizando la energ\u00eda el\u00e9ctrica, con la instalaci\u00f3n de transformadores, y tambi\u00e9n el perfilado de calles, desag\u00fces y todos los servicios que no estaban previstos inicialmente\u201d, se\u00f1al\u00f3.<br \/>Zdero adelant\u00f3 que, una vez concluidas las obras y asegurados los servicios esenciales, se avanzar\u00e1 con la adjudicaci\u00f3n de las viviendas mediante sorteo p\u00fablico. \u201cLe damos la tranquilidad a la gente que el proceso es transparente, sin privilegios ni discrecionalidad, para que todas las familias que cumplan los requisitos tengan las mismas oportunidades\u201d, afirm\u00f3.<br \/>El complejo beneficiar\u00e1 a m\u00e1s de 200 familias, con un total de 238 viviendas. En relaci\u00f3n a los plazos, indic\u00f3 que el sorteo podr\u00eda realizarse en los pr\u00f3ximos meses, conforme al avance de obra y los procesos administrativos correspondientes.<br \/>Por su parte, el presidente del Instituto Provincial de Desarrollo Urbano y Vivienda, Fernando Berecoechea, pidi\u00f3 a los vecinos \u201ctener confianza\u201d en el proceso. \u201cNos encontramos con una obra paralizada, sin infraestructura planificada, y hoy estamos avanzando para resolver cada uno de esos problemas, tal como nos indic\u00f3 el gobernador\u201d, explic\u00f3.<br \/>Asimismo, detall\u00f3 que se llevaron adelante las licitaciones necesarias para completar las redes de servicios y reactivar los trabajos en los seis grupos de viviendas. \u201cEl sorteo es el mecanismo m\u00e1s transparente para la adjudicaci\u00f3n y en los pr\u00f3ximos meses vamos a informar los requisitos, la fecha y el lugar para su realizaci\u00f3n\u201d, agreg\u00f3.<br \/>Berecoechea tambi\u00e9n se\u00f1al\u00f3 que, si bien las condiciones clim\u00e1ticas han generado algunas demoras, el objetivo es avanzar para concretar el sorteo antes de la primera mitad del a\u00f1o.<br \/>El proyecto se enmarca en el programa Fo.Pro.Vi. (ex \u201cCasa Propia \u2013 Construir Futuro\u201d) y contempla la construcci\u00f3n de 238 viviendas distribuidas en seis grupos operativos, con un avance f\u00edsico promedio del 75%. Las unidades incluyen el prototipo \u201cDigna Adaptada\u201d, dise\u00f1ado para garantizar tambi\u00e9n la accesibilidad de personas con discapacidad. Cabe destacar que algunos grupos fueron finalizados pero <strong>sin contar con redes b\u00e1sicas como energ\u00eda el\u00e9ctrica, agua potable o infraestructura vial. Ante esta situaci\u00f3n, el Gobierno provincial decidi\u00f3 continuar la obra incorporando la totalidad de los servicios necesarios para asegurar condiciones adecuadas de habitabilidad.<\/strong><br \/>Adem\u00e1s, se ejecutan 8 viviendas adicionales bajo el prototipo \u00d1achec, cuya finalizaci\u00f3n estar\u00eda prevista mediados de a\u00f1o.<br \/>Acompa\u00f1aron al Gobernador, Edgardo Marinoff; Zulma Kaenel; la concejal Clarisa Vallejos; el intendente de Laguna Limpia Juan De la Cruz Riquelme; dem\u00e1s funcionarios provinciales y vecinos de la localidad.<\/p>\n<\/p><\/div>\n","protected":false},"excerpt":{"rendered":"<p>&#8220;A estas viviendas las vamos a terminar. Son obras que no ten\u00edan garantizado el financiamiento y hoy la Provincia se est\u00e1 haciendo cargo para que puedan concluirse\u201d, expres\u00f3 el Gobernador Leandro Zdero, destacando el trabajo conjunto con las empresas que ejecutan los distintos grupos habitacionales. Este lunes, el gobernador Leandro Zdero junto al presidente del [&hellip;]<\/p>\n","protected":false},"author":1,"featured_media":220834,"comment_status":"closed","ping_status":"","sticky":false,"template":"","format":"standard","meta":{"footnotes":""},"categories":[6],"tags":[],"class_list":{"0":"post-220823","1":"post","2":"type-post","3":"status-publish","4":"format-standard","5":"has-post-thumbnail","7":"category-chaco"},"_links":{"self":[{"href":"https:\/\/chacosintesis.com.ar\/index.php\/wp-json\/wp\/v2\/posts\/220823","targetHints":{"allow":["GET"]}}],"collection":[{"href":"https:\/\/chacosintesis.com.ar\/index.php\/wp-json\/wp\/v2\/posts"}],"about":[{"href":"https:\/\/chacosintesis.com.ar\/index.php\/wp-json\/wp\/v2\/types\/post"}],"author":[{"embeddable":true,"href":"https:\/\/chacosintesis.com.ar\/index.php\/wp-json\/wp\/v2\/users\/1"}],"replies":[{"embeddable":true,"href":"https:\/\/chacosintesis.com.ar\/index.php\/wp-json\/wp\/v2\/comments?post=220823"}],"version-history":[{"count":1,"href":"https:\/\/chacosintesis.com.ar\/index.php\/wp-json\/wp\/v2\/posts\/220823\/revisions"}],"predecessor-version":[{"id":220835,"href":"https:\/\/chacosintesis.com.ar\/index.php\/wp-json\/wp\/v2\/posts\/220823\/revisions\/220835"}],"wp:featuredmedia":[{"embeddable":true,"href":"https:\/\/chacosintesis.com.ar\/index.php\/wp-json\/wp\/v2\/media\/220834"}],"wp:attachment":[{"href":"https:\/\/chacosintesis.com.ar\/index.php\/wp-json\/wp\/v2\/media?parent=220823"}],"wp:term":[{"taxonomy":"category","embeddable":true,"href":"https:\/\/chacosintesis.com.ar\/index.php\/wp-json\/wp\/v2\/categories?post=220823"},{"taxonomy":"post_tag","embeddable":true,"href":"https:\/\/chacosintesis.com.ar\/index.php\/wp-json\/wp\/v2\/tags?post=220823"}],"curies":[{"name":"wp","href":"https:\/\/api.w.org\/{rel}","templated":true}]}}