{"id":220811,"date":"2026-04-27T18:08:22","date_gmt":"2026-04-27T21:08:22","guid":{"rendered":"http:\/\/chacosintesis.com.ar\/index.php\/un-bebe-cayo-30-metros-por-la-pendiente-de-un-cerro-tras-desprenderse-de-una-mochila-de-trekking\/"},"modified":"2026-04-27T18:08:22","modified_gmt":"2026-04-27T21:08:22","slug":"un-bebe-cayo-30-metros-por-la-pendiente-de-un-cerro-tras-desprenderse-de-una-mochila-de-trekking","status":"publish","type":"post","link":"https:\/\/chacosintesis.com.ar\/index.php\/un-bebe-cayo-30-metros-por-la-pendiente-de-un-cerro-tras-desprenderse-de-una-mochila-de-trekking\/","title":{"rendered":"Un beb\u00e9 cay\u00f3 30 metros por la pendiente de un cerro tras desprenderse de una mochila de trekking"},"content":{"rendered":"<p><\/p>\n<div>\n<aside class=\"scaip scaip-1    \">\n\t\t<\/aside>\n<p>Un beb\u00e9 de un a\u00f1o y medio cay\u00f3 este domingo por una pendiente del cerro Ventana, en Bariloche, luego de desprenderse de la mochila de trekking en la que era transportado por sus padres, <strong>un matrimonio de origen ruso.<\/strong><\/p>\n<p>El menor rod\u00f3 aproximadamente 30 metros por la ladera y <strong>fue asistido en el lugar <\/strong>antes de ser trasladado a un centro de salud. <strong>Present\u00f3 golpes y escoriaciones,<\/strong> pero se encuentra fuera de peligro. Actualmente, permanece internado en observaci\u00f3n en el hospital zonal de Bariloche, donde le realizan estudios complementarios.<\/p>\n<aside class=\"scaip scaip-2    \">\n\t\t<\/aside>\n<figure class=\"wp-block-image size-full\"><img loading=\"lazy\" loading=\"lazy\" data-recalc-dims=\"1\" decoding=\"async\" width=\"780\" height=\"780\" src=\"https:\/\/i0.wp.com\/www.elsol.com.ar\/wp-content\/uploads\/2026\/04\/image-125.png?resize=780%2C780&amp;quality=80&amp;ssl=1\" alt=\"\" class=\"wp-image-2212351\" srcset=\"https:\/\/i0.wp.com\/www.elsol.com.ar\/wp-content\/uploads\/2026\/04\/image-125.png?w=992&amp;quality=80&amp;ssl=1 992w, https:\/\/i0.wp.com\/www.elsol.com.ar\/wp-content\/uploads\/2026\/04\/image-125.png?resize=300%2C300&amp;quality=80&amp;ssl=1 300w, https:\/\/i0.wp.com\/www.elsol.com.ar\/wp-content\/uploads\/2026\/04\/image-125.png?resize=150%2C150&amp;quality=80&amp;ssl=1 150w, https:\/\/i0.wp.com\/www.elsol.com.ar\/wp-content\/uploads\/2026\/04\/image-125.png?resize=768%2C768&amp;quality=80&amp;ssl=1 768w, https:\/\/i0.wp.com\/www.elsol.com.ar\/wp-content\/uploads\/2026\/04\/image-125.png?resize=800%2C800&amp;quality=80&amp;ssl=1 800w, https:\/\/i0.wp.com\/www.elsol.com.ar\/wp-content\/uploads\/2026\/04\/image-125.png?resize=600%2C600&amp;quality=80&amp;ssl=1 600w, https:\/\/i0.wp.com\/www.elsol.com.ar\/wp-content\/uploads\/2026\/04\/image-125.png?resize=400%2C400&amp;quality=80&amp;ssl=1 400w, https:\/\/i0.wp.com\/www.elsol.com.ar\/wp-content\/uploads\/2026\/04\/image-125.png?resize=200%2C200&amp;quality=80&amp;ssl=1 200w, https:\/\/i0.wp.com\/www.elsol.com.ar\/wp-content\/uploads\/2026\/04\/image-125.png?resize=780%2C780&amp;quality=80&amp;ssl=1 780w, https:\/\/i0.wp.com\/www.elsol.com.ar\/wp-content\/uploads\/2026\/04\/image-125.png?w=370&amp;quality=80&amp;ssl=1 370w\" sizes=\"auto, (max-width: 780px) 100vw, 780px\"\/><figcaption class=\"wp-element-caption\">Foto: La monta\u00f1a (diario de Rio Negro)<\/figcaption><\/figure>\n<p>El director del hospital, V\u00edctor Parodi, indic\u00f3 que <strong>el estado general del ni\u00f1o es bueno. <\/strong>Seg\u00fan precis\u00f3, sufri\u00f3 <strong>un traumatismo facial con contusiones y lesiones<\/strong> compatibles con la ca\u00edda.<\/p>\n<aside class=\"scaip scaip-3    \">\n\t\t<\/aside>\n<p>En paralelo, la Justicia inici\u00f3 una investigaci\u00f3n de oficio para determinar las circunstancias del hecho y <strong>establecer si existi\u00f3 alg\u00fan tipo de negligencia<\/strong> por parte de los padres.<\/p>\n<p>De acuerdo con lo informado por el jefe de operaciones de <strong>Protecci\u00f3n Civil, Jes\u00fas Vargas<\/strong>, el beb\u00e9 habr\u00eda rodado por la pendiente a\u00fan dentro de la mochila, lo que amortigu\u00f3 el impacto. Adem\u00e1s, advirti\u00f3 que el sendero presenta sectores de <strong>dificultad t\u00e9cnica y riesgo<\/strong>, pese a que a simple vista puede parecer accesible.<\/p>\n<aside class=\"scaip scaip-4    \">\n\t\t<\/aside>\n<figure class=\"wp-block-image size-full\"><img loading=\"lazy\" loading=\"lazy\" data-recalc-dims=\"1\" decoding=\"async\" width=\"780\" height=\"439\" src=\"https:\/\/i0.wp.com\/www.elsol.com.ar\/wp-content\/uploads\/2026\/04\/image-126.png?resize=780%2C439&amp;quality=80&amp;ssl=1\" alt=\"\" class=\"wp-image-2212352\" srcset=\"https:\/\/i0.wp.com\/www.elsol.com.ar\/wp-content\/uploads\/2026\/04\/image-126.png?w=992&amp;quality=80&amp;ssl=1 992w, https:\/\/i0.wp.com\/www.elsol.com.ar\/wp-content\/uploads\/2026\/04\/image-126.png?resize=300%2C169&amp;quality=80&amp;ssl=1 300w, https:\/\/i0.wp.com\/www.elsol.com.ar\/wp-content\/uploads\/2026\/04\/image-126.png?resize=768%2C432&amp;quality=80&amp;ssl=1 768w, https:\/\/i0.wp.com\/www.elsol.com.ar\/wp-content\/uploads\/2026\/04\/image-126.png?resize=780%2C439&amp;quality=80&amp;ssl=1 780w, https:\/\/i0.wp.com\/www.elsol.com.ar\/wp-content\/uploads\/2026\/04\/image-126.png?resize=400%2C225&amp;quality=80&amp;ssl=1 400w, https:\/\/i0.wp.com\/www.elsol.com.ar\/wp-content\/uploads\/2026\/04\/image-126.png?w=370&amp;quality=80&amp;ssl=1 370w\" sizes=\"auto, (max-width: 780px) 100vw, 780px\"\/><figcaption class=\"wp-element-caption\">Imagen del cerro Ventana<\/figcaption><\/figure>\n<p>Vargas tambi\u00e9n se\u00f1al\u00f3 que parte del circuito se encuentra en terrenos privados y <strong>carece de se\u00f1alizaci\u00f3n adecuada<\/strong>, lo que incrementa el peligro para quienes transitan la zona.<\/p>\n<p>Tras el accidente, los padres y otras personas que estaban en el lugar trasladaron al menor hasta el inicio del sendero, donde ya los esperaban equipos de emergencia que hab\u00edan sido alertados a trav\u00e9s del 911.<\/p>\n<p>En el operativo intervinieron efectivos de la <strong>Polic\u00eda de R\u00edo Negro,<\/strong> personal de <strong>Parques Nacionales,<\/strong> brigadistas del <strong>Servicio de Prevenci\u00f3n y Lucha Contra Incendios Forestales<\/strong> y profesionales del hospital zonal.<\/p>\n<p>Como parte de la investigaci\u00f3n, la polic\u00eda secuestr\u00f3 <strong>la mochila<\/strong> utilizada para trasladar al ni\u00f1o, que <strong>ser\u00e1 sometida a peritajes<\/strong> para determinar si hubo una falla en el equipo o un uso indebido.<\/p>\n<p><h3 class=\"jp-relatedposts-headline\"><em>M\u00c1S NOTICIAS:<\/em><\/h3>\n<\/p>\n<section id=\"block-24\" class=\"below-content widget widget_block\"\/>\t<\/div>\n","protected":false},"excerpt":{"rendered":"<p>Un beb\u00e9 de un a\u00f1o y medio cay\u00f3 este domingo por una pendiente del cerro Ventana, en Bariloche, luego de desprenderse de la mochila de trekking en la que era transportado por sus padres, un matrimonio de origen ruso. El menor rod\u00f3 aproximadamente 30 metros por la ladera y fue asistido en el lugar antes [&hellip;]<\/p>\n","protected":false},"author":1,"featured_media":220822,"comment_status":"","ping_status":"","sticky":false,"template":"","format":"standard","meta":{"footnotes":""},"categories":[8],"tags":[],"class_list":{"0":"post-220811","1":"post","2":"type-post","3":"status-publish","4":"format-standard","5":"has-post-thumbnail","7":"category-nacionales"},"_links":{"self":[{"href":"https:\/\/chacosintesis.com.ar\/index.php\/wp-json\/wp\/v2\/posts\/220811","targetHints":{"allow":["GET"]}}],"collection":[{"href":"https:\/\/chacosintesis.com.ar\/index.php\/wp-json\/wp\/v2\/posts"}],"about":[{"href":"https:\/\/chacosintesis.com.ar\/index.php\/wp-json\/wp\/v2\/types\/post"}],"author":[{"embeddable":true,"href":"https:\/\/chacosintesis.com.ar\/index.php\/wp-json\/wp\/v2\/users\/1"}],"replies":[{"embeddable":true,"href":"https:\/\/chacosintesis.com.ar\/index.php\/wp-json\/wp\/v2\/comments?post=220811"}],"version-history":[{"count":0,"href":"https:\/\/chacosintesis.com.ar\/index.php\/wp-json\/wp\/v2\/posts\/220811\/revisions"}],"wp:featuredmedia":[{"embeddable":true,"href":"https:\/\/chacosintesis.com.ar\/index.php\/wp-json\/wp\/v2\/media\/220822"}],"wp:attachment":[{"href":"https:\/\/chacosintesis.com.ar\/index.php\/wp-json\/wp\/v2\/media?parent=220811"}],"wp:term":[{"taxonomy":"category","embeddable":true,"href":"https:\/\/chacosintesis.com.ar\/index.php\/wp-json\/wp\/v2\/categories?post=220811"},{"taxonomy":"post_tag","embeddable":true,"href":"https:\/\/chacosintesis.com.ar\/index.php\/wp-json\/wp\/v2\/tags?post=220811"}],"curies":[{"name":"wp","href":"https:\/\/api.w.org\/{rel}","templated":true}]}}