{"id":220795,"date":"2026-04-27T17:04:36","date_gmt":"2026-04-27T20:04:36","guid":{"rendered":"https:\/\/chacosintesis.com.ar\/index.php\/la-nueva-salida-de-franco-colapinto-y-maia-reficco-en-canitas-_a69efb8347825f88153604f3a\/"},"modified":"2026-04-27T17:04:36","modified_gmt":"2026-04-27T20:04:36","slug":"la-nueva-salida-de-franco-colapinto-y-maia-reficco-en-canitas-_a69efb8347825f88153604f3a","status":"publish","type":"post","link":"https:\/\/chacosintesis.com.ar\/index.php\/la-nueva-salida-de-franco-colapinto-y-maia-reficco-en-canitas-_a69efb8347825f88153604f3a\/","title":{"rendered":"La nueva salida de Franco Colapinto y Maia Reficco en Ca\u00f1itas"},"content":{"rendered":"<p><img decoding=\"async\" src=\"data:image\/gif;base64,R0lGODlhAQABAIAAAAAAAP\/\/\/ywAAAAAAQABAAACAUwAOw==\" fifu-lazy=\"1\" fifu-data-sizes=\"auto\" fifu-data-srcset=\"https:\/\/i3.wp.com\/chacosintesis.com.ar\/wp-content\/uploads\/2026\/04\/La-nueva-salida-de-Franco-Colapinto-y-Maia-Reficco-en.jpeg?ssl=1&w=75&resize=75&ssl=1 75w, https:\/\/i3.wp.com\/chacosintesis.com.ar\/wp-content\/uploads\/2026\/04\/La-nueva-salida-de-Franco-Colapinto-y-Maia-Reficco-en.jpeg?ssl=1&w=100&resize=100&ssl=1 100w, https:\/\/i3.wp.com\/chacosintesis.com.ar\/wp-content\/uploads\/2026\/04\/La-nueva-salida-de-Franco-Colapinto-y-Maia-Reficco-en.jpeg?ssl=1&w=150&resize=150&ssl=1 150w, https:\/\/i3.wp.com\/chacosintesis.com.ar\/wp-content\/uploads\/2026\/04\/La-nueva-salida-de-Franco-Colapinto-y-Maia-Reficco-en.jpeg?ssl=1&w=240&resize=240&ssl=1 240w, https:\/\/i3.wp.com\/chacosintesis.com.ar\/wp-content\/uploads\/2026\/04\/La-nueva-salida-de-Franco-Colapinto-y-Maia-Reficco-en.jpeg?ssl=1&w=320&resize=320&ssl=1 320w, https:\/\/i3.wp.com\/chacosintesis.com.ar\/wp-content\/uploads\/2026\/04\/La-nueva-salida-de-Franco-Colapinto-y-Maia-Reficco-en.jpeg?ssl=1&w=500&resize=500&ssl=1 500w, https:\/\/i3.wp.com\/chacosintesis.com.ar\/wp-content\/uploads\/2026\/04\/La-nueva-salida-de-Franco-Colapinto-y-Maia-Reficco-en.jpeg?ssl=1&w=640&resize=640&ssl=1 640w, https:\/\/i3.wp.com\/chacosintesis.com.ar\/wp-content\/uploads\/2026\/04\/La-nueva-salida-de-Franco-Colapinto-y-Maia-Reficco-en.jpeg?ssl=1&w=800&resize=800&ssl=1 800w, https:\/\/i3.wp.com\/chacosintesis.com.ar\/wp-content\/uploads\/2026\/04\/La-nueva-salida-de-Franco-Colapinto-y-Maia-Reficco-en.jpeg?ssl=1&w=1024&resize=1024&ssl=1 1024w, https:\/\/i3.wp.com\/chacosintesis.com.ar\/wp-content\/uploads\/2026\/04\/La-nueva-salida-de-Franco-Colapinto-y-Maia-Reficco-en.jpeg?ssl=1&w=1280&resize=1280&ssl=1 1280w, https:\/\/i3.wp.com\/chacosintesis.com.ar\/wp-content\/uploads\/2026\/04\/La-nueva-salida-de-Franco-Colapinto-y-Maia-Reficco-en.jpeg?ssl=1&w=1600&resize=1600&ssl=1 1600w\" fifu-data-src=\"https:\/\/i3.wp.com\/chacosintesis.com.ar\/wp-content\/uploads\/2026\/04\/La-nueva-salida-de-Franco-Colapinto-y-Maia-Reficco-en.jpeg?ssl=1\" \/><\/p>\n<div itemprop=\"articleBody\">\n<p><a href=\"\/\"><strong>Buenos Aires, 27 abril (NA)<\/strong><\/a><strong> <\/strong>\u2014 El piloto de F\u00f3rmula 1, <strong>Franco Colapinto<\/strong>, y la actriz <strong>Maia Reficco<\/strong> pasearon por las calles de Ca\u00f1itas en una nueva salida p\u00fablica desde que confirmaron su relaci\u00f3n en redes sociales.<\/p>\n<p>Seg\u00fan supo la <strong>Agencia Noticias Argentinas<\/strong>, la pareja fue vista caminando relajada y de la mano en la zona porte\u00f1a de Ca\u00f1itas; luego ingresaron a un bar junto a amigos de ambos, entre ellos la influencer <strong>Ailin Tokman<\/strong>.<\/p>\n<figure class=\"multimedia\" data-html=\"\" data-tadevel-template=\"web\/multimedia\" data-type=\"rich\" data-url=\"https:\/\/noticiasargentinas.com\/espectaculos\/franco-colapinto-y-maia-reficco--a-los-besos-en-buenos-aires_a69efaacf7825f881535f5fc6\"><figcaption class=\"caption\">\n<p>Franco Colapinto y Maia Reficco, a los besos en Buenos Aires<\/p>\n<\/figcaption><\/figure>\n<\/p>\n<p>Ambos fueron captados por las c\u00e1maras de los paparazzis; sin embargo, decidieron no ocultar su amor.<\/p>\n<p><tadevel-ad  class=\"block-4d\" slot-id=\"article-inline-01\"\/><\/p>\n<p style=\"--ipspy: __IP__;color: __IP__;text-decoration: __IP__;\" alt=\"__IP__\" data-ipspy=\"__IP__\" title=\"__IP__\">Colapinto llevaba un atuendo conformado por un su\u00e9ter blanco, jeans y una gorra que hac\u00eda juego. Por otra parte, su flamante novia llevaba puesto un buzo color negro, jeans y su pelo en un rodete.<span style=\"opacity: 0;\" data-nosnippet=\"\">__IP__<\/span><\/p>\n<p>Este domingo, Maia Reficco oficializ\u00f3 su relaci\u00f3n con Colapinto a trav\u00e9s de una foto rom\u00e1ntica que public\u00f3 en sus historias de Instagram, poco despu\u00e9s de aparecer juntos en un almuerzo familiar en <strong>Estancia Vigil<\/strong>, en Cardales.<\/p>\n<p><a href=\"\/-agenciana_t6916e70a4551e78eb9423f59\">#AgenciaNA<\/a>\u00a0<\/p>\n<\/div>\n<p><img decoding=\"async\" src=\"data:image\/gif;base64,R0lGODlhAQABAIAAAAAAAP\/\/\/ywAAAAAAQABAAACAUwAOw==\" fifu-lazy=\"1\" fifu-data-sizes=\"auto\" fifu-data-srcset=\"https:\/\/i3.wp.com\/chacosintesis.com.ar\/wp-content\/uploads\/2026\/04\/1777320275_685_La-nueva-salida-de-Franco-Colapinto-y-Maia-Reficco-en.jpeg?ssl=1&w=75&resize=75&ssl=1 75w, https:\/\/i3.wp.com\/chacosintesis.com.ar\/wp-content\/uploads\/2026\/04\/1777320275_685_La-nueva-salida-de-Franco-Colapinto-y-Maia-Reficco-en.jpeg?ssl=1&w=100&resize=100&ssl=1 100w, https:\/\/i3.wp.com\/chacosintesis.com.ar\/wp-content\/uploads\/2026\/04\/1777320275_685_La-nueva-salida-de-Franco-Colapinto-y-Maia-Reficco-en.jpeg?ssl=1&w=150&resize=150&ssl=1 150w, https:\/\/i3.wp.com\/chacosintesis.com.ar\/wp-content\/uploads\/2026\/04\/1777320275_685_La-nueva-salida-de-Franco-Colapinto-y-Maia-Reficco-en.jpeg?ssl=1&w=240&resize=240&ssl=1 240w, https:\/\/i3.wp.com\/chacosintesis.com.ar\/wp-content\/uploads\/2026\/04\/1777320275_685_La-nueva-salida-de-Franco-Colapinto-y-Maia-Reficco-en.jpeg?ssl=1&w=320&resize=320&ssl=1 320w, https:\/\/i3.wp.com\/chacosintesis.com.ar\/wp-content\/uploads\/2026\/04\/1777320275_685_La-nueva-salida-de-Franco-Colapinto-y-Maia-Reficco-en.jpeg?ssl=1&w=500&resize=500&ssl=1 500w, https:\/\/i3.wp.com\/chacosintesis.com.ar\/wp-content\/uploads\/2026\/04\/1777320275_685_La-nueva-salida-de-Franco-Colapinto-y-Maia-Reficco-en.jpeg?ssl=1&w=640&resize=640&ssl=1 640w, https:\/\/i3.wp.com\/chacosintesis.com.ar\/wp-content\/uploads\/2026\/04\/1777320275_685_La-nueva-salida-de-Franco-Colapinto-y-Maia-Reficco-en.jpeg?ssl=1&w=800&resize=800&ssl=1 800w, https:\/\/i3.wp.com\/chacosintesis.com.ar\/wp-content\/uploads\/2026\/04\/1777320275_685_La-nueva-salida-de-Franco-Colapinto-y-Maia-Reficco-en.jpeg?ssl=1&w=1024&resize=1024&ssl=1 1024w, https:\/\/i3.wp.com\/chacosintesis.com.ar\/wp-content\/uploads\/2026\/04\/1777320275_685_La-nueva-salida-de-Franco-Colapinto-y-Maia-Reficco-en.jpeg?ssl=1&w=1280&resize=1280&ssl=1 1280w, https:\/\/i3.wp.com\/chacosintesis.com.ar\/wp-content\/uploads\/2026\/04\/1777320275_685_La-nueva-salida-de-Franco-Colapinto-y-Maia-Reficco-en.jpeg?ssl=1&w=1600&resize=1600&ssl=1 1600w\" fifu-data-src=\"https:\/\/i3.wp.com\/chacosintesis.com.ar\/wp-content\/uploads\/2026\/04\/1777320275_685_La-nueva-salida-de-Franco-Colapinto-y-Maia-Reficco-en.jpeg?ssl=1\"><\/p>\n<p>Noticias Argentinas<\/p>\n","protected":false},"excerpt":{"rendered":"<p>Buenos Aires, 27 abril (NA) \u2014 El piloto de F\u00f3rmula 1, Franco Colapinto, y la actriz Maia Reficco pasearon por las calles de Ca\u00f1itas en una nueva salida p\u00fablica desde que confirmaron su relaci\u00f3n en redes sociales. Seg\u00fan supo la Agencia Noticias Argentinas, la pareja fue vista caminando relajada y de la mano en la [&hellip;]<\/p>\n","protected":false},"author":1,"featured_media":220810,"comment_status":"closed","ping_status":"","sticky":false,"template":"","format":"standard","meta":{"footnotes":""},"categories":[188],"tags":[],"class_list":{"0":"post-220795","1":"post","2":"type-post","3":"status-publish","4":"format-standard","5":"has-post-thumbnail","7":"category-farandula"},"_links":{"self":[{"href":"https:\/\/chacosintesis.com.ar\/index.php\/wp-json\/wp\/v2\/posts\/220795","targetHints":{"allow":["GET"]}}],"collection":[{"href":"https:\/\/chacosintesis.com.ar\/index.php\/wp-json\/wp\/v2\/posts"}],"about":[{"href":"https:\/\/chacosintesis.com.ar\/index.php\/wp-json\/wp\/v2\/types\/post"}],"author":[{"embeddable":true,"href":"https:\/\/chacosintesis.com.ar\/index.php\/wp-json\/wp\/v2\/users\/1"}],"replies":[{"embeddable":true,"href":"https:\/\/chacosintesis.com.ar\/index.php\/wp-json\/wp\/v2\/comments?post=220795"}],"version-history":[{"count":0,"href":"https:\/\/chacosintesis.com.ar\/index.php\/wp-json\/wp\/v2\/posts\/220795\/revisions"}],"wp:featuredmedia":[{"embeddable":true,"href":"https:\/\/chacosintesis.com.ar\/index.php\/wp-json\/wp\/v2\/media\/220810"}],"wp:attachment":[{"href":"https:\/\/chacosintesis.com.ar\/index.php\/wp-json\/wp\/v2\/media?parent=220795"}],"wp:term":[{"taxonomy":"category","embeddable":true,"href":"https:\/\/chacosintesis.com.ar\/index.php\/wp-json\/wp\/v2\/categories?post=220795"},{"taxonomy":"post_tag","embeddable":true,"href":"https:\/\/chacosintesis.com.ar\/index.php\/wp-json\/wp\/v2\/tags?post=220795"}],"curies":[{"name":"wp","href":"https:\/\/api.w.org\/{rel}","templated":true}]}}