{"id":220786,"date":"2026-04-27T17:03:30","date_gmt":"2026-04-27T20:03:30","guid":{"rendered":"https:\/\/chacosintesis.com.ar\/index.php\/fontana-dos-detenidos-por-la-muerte-de-un-hombre-de-70-anos\/"},"modified":"2026-04-27T17:04:43","modified_gmt":"2026-04-27T20:04:43","slug":"fontana-dos-detenidos-por-la-muerte-de-un-hombre-de-70-anos","status":"publish","type":"post","link":"https:\/\/chacosintesis.com.ar\/index.php\/fontana-dos-detenidos-por-la-muerte-de-un-hombre-de-70-anos\/","title":{"rendered":"FONTANA: Dos Detenidos Por La Muerte De Un Hombre De 70 A\u00f1os"},"content":{"rendered":"<p><\/p>\n<div id=\"post-362869\">\n<p><\/p>\n<div class=\"single-post-image\">\n<figure><\/figure>\n<\/p><\/div>\n<p><!-- .single-post-image --><br \/>\n\t\t<!-- .entry-header --><\/p>\n<div class=\"entry-content\">\n<p>El caso comenz\u00f3 a tomar forma pasada la medianoche del domingo, cuando un hombre de 59 a\u00f1os ingres\u00f3 con heridas de arma blanca al Hospital Luis Fleitas. Mientras era atendido, relat\u00f3 a los efectivos que hab\u00eda estado bebiendo alcohol junto a otro hombre en el barrio Balastro y que, tras una discusi\u00f3n, se produjo una pelea.<\/p>\n<p>En paralelo, personal de la Comisar\u00eda Primera acudi\u00f3 al lugar mencionado y encontr\u00f3 a un hombre de 70 a\u00f1os sin signos vitales. Ante la gravedad de la escena, se dio inmediata intervenci\u00f3n a la fiscal\u00eda en turno.<\/p>\n<p>El hombre hospitalizado qued\u00f3 bajo custodia policial al ser considerado uno de los protagonistas del hecho. En el lugar trabajaron efectivos del Departamento de Investigaciones Complejas junto al gabinete cient\u00edfico del Poder Judicial, quienes realizaron el relevamiento de la escena.<\/p>\n<p>Durante las pericias se tomaron muestras de sangre mediante hisopados, se secuestr\u00f3 un tel\u00e9fono celular y un vaso de vidrio, y se inici\u00f3 un relevamiento de testimonios entre vecinos. A partir de esos datos, los investigadores hallaron a pocos metros del lugar un machete con manchas de sangre, oculto entre la maleza.<\/p>\n<p>La fiscal\u00eda dispuso la aprehensi\u00f3n de los dos involucrados, el secuestro de sus prendas de vestir y la realizaci\u00f3n de los correspondientes test de alcoholemia, mientras avanza la investigaci\u00f3n para esclarecer la mec\u00e1nica del hecho.<\/p>\n<div class=\"heateor_sss_sharing_container heateor_sss_horizontal_sharing\" data-heateor-sss-href=\"https:\/\/www.noticiasdelparana.com.ar\/NuevaEdicion\/2026\/04\/27\/fontana-dos-detenidos-por-la-muerte-de-un-hombre-de-70-anos\/\">\n<p>Compart\u00ed esta nota en tus redes sociales&#8230;<\/p>\n<\/div><\/div>\n<p><!-- .entry-content --><\/p>\n<p>\t<!-- .entry-footer -->\n<\/div>\n<p><img decoding=\"async\" src=\"\"><\/p>\n<p>Noticias del Paran\u00e1<\/p>\n","protected":false},"excerpt":{"rendered":"<p>El caso comenz\u00f3 a tomar forma pasada la medianoche del domingo, cuando un hombre de 59 a\u00f1os ingres\u00f3 con heridas de arma blanca al Hospital Luis Fleitas. Mientras era atendido, relat\u00f3 a los efectivos que hab\u00eda estado bebiendo alcohol junto a otro hombre en el barrio Balastro y que, tras una discusi\u00f3n, se produjo una [&hellip;]<\/p>\n","protected":false},"author":1,"featured_media":220799,"comment_status":"closed","ping_status":"","sticky":false,"template":"","format":"standard","meta":{"footnotes":""},"categories":[5],"tags":[],"class_list":{"0":"post-220786","1":"post","2":"type-post","3":"status-publish","4":"format-standard","5":"has-post-thumbnail","7":"category-policiales"},"_links":{"self":[{"href":"https:\/\/chacosintesis.com.ar\/index.php\/wp-json\/wp\/v2\/posts\/220786","targetHints":{"allow":["GET"]}}],"collection":[{"href":"https:\/\/chacosintesis.com.ar\/index.php\/wp-json\/wp\/v2\/posts"}],"about":[{"href":"https:\/\/chacosintesis.com.ar\/index.php\/wp-json\/wp\/v2\/types\/post"}],"author":[{"embeddable":true,"href":"https:\/\/chacosintesis.com.ar\/index.php\/wp-json\/wp\/v2\/users\/1"}],"replies":[{"embeddable":true,"href":"https:\/\/chacosintesis.com.ar\/index.php\/wp-json\/wp\/v2\/comments?post=220786"}],"version-history":[{"count":1,"href":"https:\/\/chacosintesis.com.ar\/index.php\/wp-json\/wp\/v2\/posts\/220786\/revisions"}],"predecessor-version":[{"id":220800,"href":"https:\/\/chacosintesis.com.ar\/index.php\/wp-json\/wp\/v2\/posts\/220786\/revisions\/220800"}],"wp:featuredmedia":[{"embeddable":true,"href":"https:\/\/chacosintesis.com.ar\/index.php\/wp-json\/wp\/v2\/media\/220799"}],"wp:attachment":[{"href":"https:\/\/chacosintesis.com.ar\/index.php\/wp-json\/wp\/v2\/media?parent=220786"}],"wp:term":[{"taxonomy":"category","embeddable":true,"href":"https:\/\/chacosintesis.com.ar\/index.php\/wp-json\/wp\/v2\/categories?post=220786"},{"taxonomy":"post_tag","embeddable":true,"href":"https:\/\/chacosintesis.com.ar\/index.php\/wp-json\/wp\/v2\/tags?post=220786"}],"curies":[{"name":"wp","href":"https:\/\/api.w.org\/{rel}","templated":true}]}}