{"id":220737,"date":"2026-04-27T14:07:17","date_gmt":"2026-04-27T17:07:17","guid":{"rendered":"https:\/\/chacosintesis.com.ar\/index.php\/secheep-fuerte-despliegue-en-zonas-anegadas-del-chaco-para-normalizar-el-servicio\/"},"modified":"2026-04-27T14:08:10","modified_gmt":"2026-04-27T17:08:10","slug":"secheep-fuerte-despliegue-en-zonas-anegadas-del-chaco-para-normalizar-el-servicio","status":"publish","type":"post","link":"https:\/\/chacosintesis.com.ar\/index.php\/secheep-fuerte-despliegue-en-zonas-anegadas-del-chaco-para-normalizar-el-servicio\/","title":{"rendered":"Secheep: Fuerte Despliegue En Zonas Anegadas Del Chaco Para Normalizar El Servicio"},"content":{"rendered":"<p><\/p>\n<div><strong>El presidente de Secheep, Jos\u00e9 Bistoletti, se\u00f1al\u00f3 que \u201cdesde hace m\u00e1s de una semana se ha multiplicado la presencia de personal y maquinarias en toda la provincia, principalmente en Juan Jos\u00e9 Castelli, Villa R\u00edo Bermejito, Miraflores, El Espinillo y Pampa del Indio, entre otros, donde el gran caudal de agua aneg\u00f3 amplios sectores\u201d.<\/strong><\/p>\n<p>En ese marco, la empresa junto a las dem\u00e1s \u00e1reas del gobierno provincial, activaron su Plan de Contingencia para intervenir de manera r\u00e1pida y segura ante las contingencias clim\u00e1ticas. \u201cLa red de media tensi\u00f3n fue restablecida r\u00e1pidamente, y luego se avanz\u00f3 en tareas puntuales en zonas cr\u00edticas, especialmente en \u00e1reas rurales\u201d, agreg\u00f3 Bistoletti. <\/p>\n<p><strong>INTENSA TAREA EN EL NORTE PROVINCIAL<\/strong><br \/>Por su parte, el gerente de la zona Norte, Eduardo Mart\u00ednez, explic\u00f3 que las primeras acciones estuvieron orientadas a prevenir riesgos el\u00e9ctricos. \u201cSe trabaj\u00f3 en la eliminaci\u00f3n de posibles focos de electrocuci\u00f3n en zonas anegadas y luego en la normalizaci\u00f3n del servicio afectado\u201d, indic\u00f3.<br \/>El temporal provoc\u00f3 da\u00f1os\u00a0 muy considerables en la infraestructura el\u00e9ctrica.<br \/>En muchos casos, las cuadrillas debieron acceder a zonas rurales mediante tractores, a pie o incluso a caballo, debido a las dificultades de circulaci\u00f3n generadas por el agua acumulada.<br \/>Adem\u00e1s de las lluvias r\u00e9cord, fuertes vientos y descargas el\u00e9ctricas generaron la ca\u00edda de \u00e1rboles, postes y l\u00edneas de distribuci\u00f3n, afectando el normal abastecimiento energ\u00e9tico.<br \/>Tambi\u00e9n en la zona rural de Colonia Popular y Laguna Blanca, un tornado derrib\u00f3 nueve torres met\u00e1licas de alta tensi\u00f3n en una l\u00ednea de 132 KV, en un \u00e1rea de dif\u00edcil acceso. La reparaci\u00f3n demandar\u00e1 aproximadamente dos meses y una inversi\u00f3n superior a los 500 millones de pesos, en un trabajo conjunto con la Subsecretar\u00eda de Energ\u00eda del Ministerio de Infraestructura.<br \/>En paralelo, contin\u00faan las intervenciones en el centro y sudoeste provincial, sum\u00e1ndose a los trabajos realizados en el \u00e1rea metropolitana durante la \u00faltima semana.<br \/>Desde la empresa solicitaron a la comunidad colaboraci\u00f3n y precauci\u00f3n ante el contexto clim\u00e1tico, recomendando evitar el contacto con postes ca\u00eddos o cables sueltos. <strong>Para emergencias, se encuentran habilitadas las v\u00edas de contacto: 0800-7777-589, WhatsApp 364-4377044, la aplicaci\u00f3n oficial y las redes sociales de la empresa.<\/strong><\/p>\n<\/div>\n","protected":false},"excerpt":{"rendered":"<p>El presidente de Secheep, Jos\u00e9 Bistoletti, se\u00f1al\u00f3 que \u201cdesde hace m\u00e1s de una semana se ha multiplicado la presencia de personal y maquinarias en toda la provincia, principalmente en Juan Jos\u00e9 Castelli, Villa R\u00edo Bermejito, Miraflores, El Espinillo y Pampa del Indio, entre otros, donde el gran caudal de agua aneg\u00f3 amplios sectores\u201d. En ese [&hellip;]<\/p>\n","protected":false},"author":1,"featured_media":220748,"comment_status":"closed","ping_status":"","sticky":false,"template":"","format":"standard","meta":{"footnotes":""},"categories":[6],"tags":[],"class_list":{"0":"post-220737","1":"post","2":"type-post","3":"status-publish","4":"format-standard","5":"has-post-thumbnail","7":"category-chaco"},"_links":{"self":[{"href":"https:\/\/chacosintesis.com.ar\/index.php\/wp-json\/wp\/v2\/posts\/220737","targetHints":{"allow":["GET"]}}],"collection":[{"href":"https:\/\/chacosintesis.com.ar\/index.php\/wp-json\/wp\/v2\/posts"}],"about":[{"href":"https:\/\/chacosintesis.com.ar\/index.php\/wp-json\/wp\/v2\/types\/post"}],"author":[{"embeddable":true,"href":"https:\/\/chacosintesis.com.ar\/index.php\/wp-json\/wp\/v2\/users\/1"}],"replies":[{"embeddable":true,"href":"https:\/\/chacosintesis.com.ar\/index.php\/wp-json\/wp\/v2\/comments?post=220737"}],"version-history":[{"count":1,"href":"https:\/\/chacosintesis.com.ar\/index.php\/wp-json\/wp\/v2\/posts\/220737\/revisions"}],"predecessor-version":[{"id":220749,"href":"https:\/\/chacosintesis.com.ar\/index.php\/wp-json\/wp\/v2\/posts\/220737\/revisions\/220749"}],"wp:featuredmedia":[{"embeddable":true,"href":"https:\/\/chacosintesis.com.ar\/index.php\/wp-json\/wp\/v2\/media\/220748"}],"wp:attachment":[{"href":"https:\/\/chacosintesis.com.ar\/index.php\/wp-json\/wp\/v2\/media?parent=220737"}],"wp:term":[{"taxonomy":"category","embeddable":true,"href":"https:\/\/chacosintesis.com.ar\/index.php\/wp-json\/wp\/v2\/categories?post=220737"},{"taxonomy":"post_tag","embeddable":true,"href":"https:\/\/chacosintesis.com.ar\/index.php\/wp-json\/wp\/v2\/tags?post=220737"}],"curies":[{"name":"wp","href":"https:\/\/api.w.org\/{rel}","templated":true}]}}