{"id":220726,"date":"2026-04-27T14:06:16","date_gmt":"2026-04-27T17:06:16","guid":{"rendered":"https:\/\/chacosintesis.com.ar\/index.php\/la-cgt-escala-el-conflicto-judicial-y-exige-anular-el-fallo-que-valida-la-reforma-laboral\/"},"modified":"2026-04-27T14:06:16","modified_gmt":"2026-04-27T17:06:16","slug":"la-cgt-escala-el-conflicto-judicial-y-exige-anular-el-fallo-que-valida-la-reforma-laboral","status":"publish","type":"post","link":"https:\/\/chacosintesis.com.ar\/index.php\/la-cgt-escala-el-conflicto-judicial-y-exige-anular-el-fallo-que-valida-la-reforma-laboral\/","title":{"rendered":"La CGT escala el conflicto judicial y exige anular el fallo que valida la reforma laboral"},"content":{"rendered":"<p><\/p>\n<div id=\"post-2212302\">\n<div class=\"entry-content\">\n<aside class=\"scaip scaip-1    \">\n\t\t<\/aside>\n<p>La<strong> Confederaci\u00f3n General del Trabajo (CGT)<\/strong> lanz\u00f3 una ofensiva legal contundente para frenar la vigencia de la <strong>reforma laboral.<\/strong> La entidad sindical present\u00f3 un <strong>pedido formal de nulidad <\/strong>contra la sentencia de la Sala VIII de la C\u00e1mara Nacional de Apelaciones del Trabajo, que recientemente hab\u00eda dado luz verde a la aplicaci\u00f3n de los cambios legislativos. <\/p>\n<p>La central obrera argumenta que el fallo carece de sustento jur\u00eddico v\u00e1lido y que vulnera derechos constitucionales fundamentales de los <strong>trabajadores<\/strong> argentinos.<\/p>\n<aside class=\"scaip scaip-2    \">\n\t\t<\/aside>\n<p>La estrategia gremialista incluye la recusaci\u00f3n con causa de los magistrados que firmaron la resoluci\u00f3n. Los abogados de la CGT cuestionan la imparcialidad de los jueces, se\u00f1alando que su decisi\u00f3n se aparta de la jurisprudencia previa y que favorece arbitrariamente los intereses del Poder Ejecutivo. <\/p>\n<p>Esta medida busca apartar a los camaristas del expediente y forzar una nueva revisi\u00f3n de la norma por parte de un tribunal que los sindicalistas consideren neutral.<\/p>\n<aside class=\"scaip scaip-3    \">\n\t\t<\/aside>\n<p>El reclamo hace foco en la supuesta invalidez del proceso t\u00e9cnico que permiti\u00f3 la vigencia de la ley. Seg\u00fan la presentaci\u00f3n judicial, el fallo recurrido contiene vicios procesales graves que deber\u00edan derivar en su anulaci\u00f3n inmediata. <\/p>\n<p>Mientras se resuelve esta disputa en los tribunales, la incertidumbre sobre la aplicaci\u00f3n de las nuevas modalidades de contrataci\u00f3n y el r\u00e9gimen de indemnizaciones genera un clima de tensi\u00f3n constante entre las c\u00e1maras empresariales y los sectores sindicales.<\/p>\n<aside class=\"scaip scaip-4    \">\n\t\t<\/aside>\n<p>La CGT advirti\u00f3 que agotar\u00e1 todas las instancias, incluyendo la llegada a la <strong>Corte Suprema de Justicia<\/strong>, para impedir que la reforma se consolide. Los dirigentes sindicales sostienen que los cambios impulsados por el Gobierno precarizan el empleo y eliminan conquistas hist\u00f3ricas. Por su parte, la justicia deber\u00e1 definir en los pr\u00f3ximos d\u00edas si acepta la recusaci\u00f3n de los jueces o si mantiene firme la vigencia de la reforma, en lo que representa uno de los desaf\u00edos legales m\u00e1s cr\u00edticos para la gesti\u00f3n actual.<\/p>\n<p><em>Con informaci\u00f3n de TN y La Naci\u00f3n.<\/em><\/p>\n<p><h3 class=\"jp-relatedposts-headline\"><em>M\u00c1S NOTICIAS:<\/em><\/h3>\n<\/p>\n<section id=\"block-24\" class=\"below-content widget widget_block\"\/>\t<\/div>\n<p><!-- .entry-content --><\/p>\n<p>\t<!-- .entry-footer --><\/p>\n<\/div>\n","protected":false},"excerpt":{"rendered":"<p>La Confederaci\u00f3n General del Trabajo (CGT) lanz\u00f3 una ofensiva legal contundente para frenar la vigencia de la reforma laboral. La entidad sindical present\u00f3 un pedido formal de nulidad contra la sentencia de la Sala VIII de la C\u00e1mara Nacional de Apelaciones del Trabajo, que recientemente hab\u00eda dado luz verde a la aplicaci\u00f3n de los cambios [&hellip;]<\/p>\n","protected":false},"author":1,"featured_media":220736,"comment_status":"","ping_status":"","sticky":false,"template":"","format":"standard","meta":{"footnotes":""},"categories":[8],"tags":[],"class_list":{"0":"post-220726","1":"post","2":"type-post","3":"status-publish","4":"format-standard","5":"has-post-thumbnail","7":"category-nacionales"},"_links":{"self":[{"href":"https:\/\/chacosintesis.com.ar\/index.php\/wp-json\/wp\/v2\/posts\/220726","targetHints":{"allow":["GET"]}}],"collection":[{"href":"https:\/\/chacosintesis.com.ar\/index.php\/wp-json\/wp\/v2\/posts"}],"about":[{"href":"https:\/\/chacosintesis.com.ar\/index.php\/wp-json\/wp\/v2\/types\/post"}],"author":[{"embeddable":true,"href":"https:\/\/chacosintesis.com.ar\/index.php\/wp-json\/wp\/v2\/users\/1"}],"replies":[{"embeddable":true,"href":"https:\/\/chacosintesis.com.ar\/index.php\/wp-json\/wp\/v2\/comments?post=220726"}],"version-history":[{"count":0,"href":"https:\/\/chacosintesis.com.ar\/index.php\/wp-json\/wp\/v2\/posts\/220726\/revisions"}],"wp:featuredmedia":[{"embeddable":true,"href":"https:\/\/chacosintesis.com.ar\/index.php\/wp-json\/wp\/v2\/media\/220736"}],"wp:attachment":[{"href":"https:\/\/chacosintesis.com.ar\/index.php\/wp-json\/wp\/v2\/media?parent=220726"}],"wp:term":[{"taxonomy":"category","embeddable":true,"href":"https:\/\/chacosintesis.com.ar\/index.php\/wp-json\/wp\/v2\/categories?post=220726"},{"taxonomy":"post_tag","embeddable":true,"href":"https:\/\/chacosintesis.com.ar\/index.php\/wp-json\/wp\/v2\/tags?post=220726"}],"curies":[{"name":"wp","href":"https:\/\/api.w.org\/{rel}","templated":true}]}}