{"id":22072,"date":"2023-05-24T16:30:28","date_gmt":"2023-05-24T19:30:28","guid":{"rendered":"https:\/\/chacosintesis.com.ar\/?p=22072"},"modified":"2023-05-24T16:36:57","modified_gmt":"2023-05-24T19:36:57","slug":"con-desfile-civico-y-festival-el-chaco-conmemora-el-213o-aniversario-de-la-revolucion-de-mayo-2","status":"publish","type":"post","link":"https:\/\/chacosintesis.com.ar\/index.php\/con-desfile-civico-y-festival-el-chaco-conmemora-el-213o-aniversario-de-la-revolucion-de-mayo-2\/","title":{"rendered":"Con desfile c\u00edvico y festival, el Chaco conmemora el 213\u00ba aniversario de la Revoluci\u00f3n de Mayo"},"content":{"rendered":"<p>En v\u00edsperas de la fecha patria, habr\u00e1 una velada de gala y festejos del 26\u00ba aniversario del complejo cultural \u201cGuido Miranda\u201d en Resistencia.<br \/>\nCon desfile c\u00edvico y un festival en la plaza, la provincia del Chaco conmemorar\u00e1 el 213\u00ba aniversario de la Revoluci\u00f3n de Mayo de 1810. El acto oficial se realizar\u00e1 en Las Palmas desde las 9, con la presencia del gobernador Jorge Capitanich. El mandatario provincial, estar\u00e1 acompa\u00f1ado por la vicegobernadora Anal\u00eda Rach Quiroga, el jefe comunal V\u00edctor Armella, alumnos y representantes de entidades, entre otros.<br \/>\nEl programa, prev\u00e9 las siguientes actividades:<br \/>\n-Entonaci\u00f3n del Himno Nacional Argentino<br \/>\n-Invocaci\u00f3n religiosa<br \/>\n-Palabras del intendente de Las Palmas, V\u00edctor Armella<br \/>\n-Palabras del gobernador Jorge Capitanich<br \/>\n-Desfile c\u00edvico<br \/>\n-Recorrida y festival en la plaza central<br \/>\nEn tanto, el 24 a la noche, en v\u00edsperas de la fecha patria, a las 21,30 habr\u00e1 una velada de gala y 26\u00ba aniversario del complejo cultural \u201cGuido Miranda\u201d. Actuaci\u00f3n art\u00edstica de la obra \u201cPulsores\u201d y entonaci\u00f3n del Himno Nacional Argentino en v\u00edsperas dl 25 de mayo.<br \/>\nLa Revoluci\u00f3n de Mayo<\/p>\n<p>La Revoluci\u00f3n de Mayo fue una serie de acontecimientos revolucionarios ocurridos en Buenos Aires, capital del Virreinato del R\u00edo de la Plata, dependiente del rey de Espa\u00f1a, que sucedieron durante la llamada Semana de Mayo, entre el 18 de mayo de 1810, fecha en la que se publicaron noticias de la ca\u00edda de la Junta Suprema Central, y el 25 de mayo, fecha en que jur\u00f3 la llamada Primera Junta de gobierno. La nueva Junta declaraba actuar \u00aba nombre del Sr. D. Fernando S\u00e9ptimo, y para guarda de sus augustos derechos\u00bb, la que es considerada por algunos historiadores como una maniobra pol\u00edtica para ocultar las intenciones independentistas, y que lleva el nombre de m\u00e1scara de Fernando VII. Si bien inici\u00f3 el proceso de surgimiento del Estado argentino, no hubo una proclamaci\u00f3n de la independencia formal, ya que la Primera Junta a\u00fan gobernaba nominalmente en nombre del rey de Espa\u00f1a Fernando VII, quien hab\u00eda sido depuesto y su lugar ocupado por el franc\u00e9s Jos\u00e9 Bonaparte. La declaraci\u00f3n de independencia de la Argentina tuvo lugar seis a\u00f1os despu\u00e9s durante el Congreso de Tucum\u00e1n el 9 de julio de 1816.<\/p>\n","protected":false},"excerpt":{"rendered":"<p>En v\u00edsperas de la fecha patria, habr\u00e1 una velada de gala y festejos del 26\u00ba aniversario del complejo cultural \u201cGuido Miranda\u201d en Resistencia. Con desfile c\u00edvico y un festival en la plaza, la provincia del Chaco conmemorar\u00e1 el 213\u00ba aniversario de la Revoluci\u00f3n de Mayo de 1810. El acto oficial se realizar\u00e1 en Las Palmas [&hellip;]<\/p>\n","protected":false},"author":1,"featured_media":22073,"comment_status":"closed","ping_status":"closed","sticky":false,"template":"","format":"standard","meta":{"footnotes":""},"categories":[6],"tags":[],"class_list":{"0":"post-22072","1":"post","2":"type-post","3":"status-publish","4":"format-standard","5":"has-post-thumbnail","7":"category-chaco"},"_links":{"self":[{"href":"https:\/\/chacosintesis.com.ar\/index.php\/wp-json\/wp\/v2\/posts\/22072","targetHints":{"allow":["GET"]}}],"collection":[{"href":"https:\/\/chacosintesis.com.ar\/index.php\/wp-json\/wp\/v2\/posts"}],"about":[{"href":"https:\/\/chacosintesis.com.ar\/index.php\/wp-json\/wp\/v2\/types\/post"}],"author":[{"embeddable":true,"href":"https:\/\/chacosintesis.com.ar\/index.php\/wp-json\/wp\/v2\/users\/1"}],"replies":[{"embeddable":true,"href":"https:\/\/chacosintesis.com.ar\/index.php\/wp-json\/wp\/v2\/comments?post=22072"}],"version-history":[{"count":0,"href":"https:\/\/chacosintesis.com.ar\/index.php\/wp-json\/wp\/v2\/posts\/22072\/revisions"}],"wp:featuredmedia":[{"embeddable":true,"href":"https:\/\/chacosintesis.com.ar\/index.php\/wp-json\/wp\/v2\/media\/22073"}],"wp:attachment":[{"href":"https:\/\/chacosintesis.com.ar\/index.php\/wp-json\/wp\/v2\/media?parent=22072"}],"wp:term":[{"taxonomy":"category","embeddable":true,"href":"https:\/\/chacosintesis.com.ar\/index.php\/wp-json\/wp\/v2\/categories?post=22072"},{"taxonomy":"post_tag","embeddable":true,"href":"https:\/\/chacosintesis.com.ar\/index.php\/wp-json\/wp\/v2\/tags?post=22072"}],"curies":[{"name":"wp","href":"https:\/\/api.w.org\/{rel}","templated":true}]}}