{"id":220714,"date":"2026-04-27T14:03:13","date_gmt":"2026-04-27T17:03:13","guid":{"rendered":"http:\/\/chacosintesis.com.ar\/index.php\/la-reaccion-de-pampita-al-ver-que-sofia-la-reini-gonet-le-gano-en-los-martin-fierro-_a69ef602c7825f8815358bb14\/"},"modified":"2026-04-27T14:03:13","modified_gmt":"2026-04-27T17:03:13","slug":"la-reaccion-de-pampita-al-ver-que-sofia-la-reini-gonet-le-gano-en-los-martin-fierro-_a69ef602c7825f8815358bb14","status":"publish","type":"post","link":"https:\/\/chacosintesis.com.ar\/index.php\/la-reaccion-de-pampita-al-ver-que-sofia-la-reini-gonet-le-gano-en-los-martin-fierro-_a69ef602c7825f8815358bb14\/","title":{"rendered":"La reacci\u00f3n de Pampita al ver que Sof\u00eda \u201cLa Reini\u201d Gonet le gan\u00f3 en los Mart\u00edn Fierro"},"content":{"rendered":"<p><img decoding=\"async\" src=\"data:image\/gif;base64,R0lGODlhAQABAIAAAAAAAP\/\/\/ywAAAAAAQABAAACAUwAOw==\" fifu-lazy=\"1\" fifu-data-sizes=\"auto\" fifu-data-srcset=\"https:\/\/i2.wp.com\/chacosintesis.com.ar\/wp-content\/uploads\/2026\/04\/La-reaccion-de-Pampita-al-ver-que-Sofia-La-Reini.jpeg?ssl=1&w=75&resize=75&ssl=1 75w, https:\/\/i2.wp.com\/chacosintesis.com.ar\/wp-content\/uploads\/2026\/04\/La-reaccion-de-Pampita-al-ver-que-Sofia-La-Reini.jpeg?ssl=1&w=100&resize=100&ssl=1 100w, https:\/\/i2.wp.com\/chacosintesis.com.ar\/wp-content\/uploads\/2026\/04\/La-reaccion-de-Pampita-al-ver-que-Sofia-La-Reini.jpeg?ssl=1&w=150&resize=150&ssl=1 150w, https:\/\/i2.wp.com\/chacosintesis.com.ar\/wp-content\/uploads\/2026\/04\/La-reaccion-de-Pampita-al-ver-que-Sofia-La-Reini.jpeg?ssl=1&w=240&resize=240&ssl=1 240w, https:\/\/i2.wp.com\/chacosintesis.com.ar\/wp-content\/uploads\/2026\/04\/La-reaccion-de-Pampita-al-ver-que-Sofia-La-Reini.jpeg?ssl=1&w=320&resize=320&ssl=1 320w, https:\/\/i2.wp.com\/chacosintesis.com.ar\/wp-content\/uploads\/2026\/04\/La-reaccion-de-Pampita-al-ver-que-Sofia-La-Reini.jpeg?ssl=1&w=500&resize=500&ssl=1 500w, https:\/\/i2.wp.com\/chacosintesis.com.ar\/wp-content\/uploads\/2026\/04\/La-reaccion-de-Pampita-al-ver-que-Sofia-La-Reini.jpeg?ssl=1&w=640&resize=640&ssl=1 640w, https:\/\/i2.wp.com\/chacosintesis.com.ar\/wp-content\/uploads\/2026\/04\/La-reaccion-de-Pampita-al-ver-que-Sofia-La-Reini.jpeg?ssl=1&w=800&resize=800&ssl=1 800w, https:\/\/i2.wp.com\/chacosintesis.com.ar\/wp-content\/uploads\/2026\/04\/La-reaccion-de-Pampita-al-ver-que-Sofia-La-Reini.jpeg?ssl=1&w=1024&resize=1024&ssl=1 1024w, https:\/\/i2.wp.com\/chacosintesis.com.ar\/wp-content\/uploads\/2026\/04\/La-reaccion-de-Pampita-al-ver-que-Sofia-La-Reini.jpeg?ssl=1&w=1280&resize=1280&ssl=1 1280w, https:\/\/i2.wp.com\/chacosintesis.com.ar\/wp-content\/uploads\/2026\/04\/La-reaccion-de-Pampita-al-ver-que-Sofia-La-Reini.jpeg?ssl=1&w=1600&resize=1600&ssl=1 1600w\" fifu-data-src=\"https:\/\/i2.wp.com\/chacosintesis.com.ar\/wp-content\/uploads\/2026\/04\/La-reaccion-de-Pampita-al-ver-que-Sofia-La-Reini.jpeg?ssl=1\" \/><\/p>\n<div itemprop=\"articleBody\">\n<p><a href=\"\/\"><strong>Buenos Aires, 27 abril (NA)<\/strong><\/a> \u2013 Los <a href=\"http:\/\/noticiasargentinas.com\/espectaculos\/todos-los-ganadores-de-los-premios-martin-fierro-de-la-moda_a69ee8e097825f8815345eb87\"><strong>Mart\u00edn Fierro de Moda 2026<\/strong><\/a> de este domingo reunieron a las figuras fashionistas m\u00e1s relevantes de este \u00faltimo tiempo, como tambi\u00e9n a nuevas caras que supieron ganarse su lugar en la industria de la moda, para un <a href=\"http:\/\/noticiasargentinas.com\/espectaculos\/los-looks-de-los-martin-fierro-de-moda-2026_a69ef37ef7825f8815354df38\">evento enfocado en los looks en la televisi\u00f3n argentina<\/a>.<\/p>\n<p>Seg\u00fan supo la <strong>Agencia Noticias Argentinas<\/strong>, una de las ganadoras m\u00e1s comentadas fue la influencer Sof\u00eda \u201cLa reini\u201d Gonet.\u00a0<\/p>\n<p>Entre las nominadas a <strong>Mejor estilo femenino en big show,<\/strong>\u00a0se encontraban<strong> Lali <\/strong><span>(La Voz Argentina), <\/span><strong>Sof\u00eda Gonet<\/strong><span> (MasterChef Celebrity), <\/span><strong>Wanda Nara<\/strong><span> (MasterChef Celebrity) y <\/span><strong>Carolina \u201cPampita\u201d Ardohain <\/strong>(Los 8 escalones). Finalmente, La Reini se impuso sobre el resto y se llev\u00f3 la estuilla por destacarse con sus looks en el reality de cocina.\u00a0<\/p>\n<p><tadevel-ad  class=\"block-4d\" slot-id=\"article-inline-01\"\/><\/p>\n<h3>La reacci\u00f3n de Pampita al perder en la terna Mejor estilo femenino en Big Show<\/h3>\n<p>Gonet rompi\u00f3 en llanto al escuchar que su nombre fue el ganador, sobreponi\u00e9ndose a nombres ya establecidos en la industria de la moda. La c\u00e1mara del evento busc\u00f3 la reacci\u00f3n de Pampita que, lejos de mostrarse decepcionada por perder, aplaudi\u00f3 euf\u00f3ricamente por su colega.\u00a0<\/p>\n<p style=\"--ipspy: __IP__;color: __IP__;text-decoration: __IP__;\" alt=\"__IP__\" data-ipspy=\"__IP__\" title=\"__IP__\">Con una sonrisa de oreja a oreja, le grit\u00f3 desde su asiento: \u201cTe felicito\u201d.<span style=\"opacity: 0;\" data-nosnippet=\"\">__IP__<\/span><\/p>\n<figure class=\"multimedia\" data-tadevel-template=\"web\/multimedia\" data-type=\"video\"><figcaption class=\"caption\">\n<p>X de telefe<\/p>\n<\/figcaption><\/figure>\n<\/p>\n<p>Gonet, nacida en redes sociales y alcanzando la fama mainstream con su participaci\u00f3n en MasterChef Celebrity, celebr\u00f3 poder ganar el Mart\u00edn Fierro: <span><strong>\u201cMuchas gracias. <\/strong><\/span><strong>Para m\u00ed esto es inimaginable. No s\u00e9 qu\u00e9 decir porque jam\u00e1s cre\u00ed que pod\u00eda ganar este premio. Es un honor estar ac\u00e1 y compartir la terna con semejantes \u00edconos absolutos<\/strong>\u201d.<\/p>\n<p><tadevel-ad  class=\"block-4d\" slot-id=\"article-inline-02\"\/><\/p>\n<p>#AgenciaNA<\/p>\n<\/div>\n<p><img decoding=\"async\" src=\"data:image\/gif;base64,R0lGODlhAQABAIAAAAAAAP\/\/\/ywAAAAAAQABAAACAUwAOw==\" fifu-lazy=\"1\" fifu-data-sizes=\"auto\" fifu-data-srcset=\"https:\/\/i1.wp.com\/chacosintesis.com.ar\/wp-content\/uploads\/2026\/04\/1777309393_628_La-reaccion-de-Pampita-al-ver-que-Sofia-La-Reini.jpeg?ssl=1&w=75&resize=75&ssl=1 75w, https:\/\/i1.wp.com\/chacosintesis.com.ar\/wp-content\/uploads\/2026\/04\/1777309393_628_La-reaccion-de-Pampita-al-ver-que-Sofia-La-Reini.jpeg?ssl=1&w=100&resize=100&ssl=1 100w, https:\/\/i1.wp.com\/chacosintesis.com.ar\/wp-content\/uploads\/2026\/04\/1777309393_628_La-reaccion-de-Pampita-al-ver-que-Sofia-La-Reini.jpeg?ssl=1&w=150&resize=150&ssl=1 150w, https:\/\/i1.wp.com\/chacosintesis.com.ar\/wp-content\/uploads\/2026\/04\/1777309393_628_La-reaccion-de-Pampita-al-ver-que-Sofia-La-Reini.jpeg?ssl=1&w=240&resize=240&ssl=1 240w, https:\/\/i1.wp.com\/chacosintesis.com.ar\/wp-content\/uploads\/2026\/04\/1777309393_628_La-reaccion-de-Pampita-al-ver-que-Sofia-La-Reini.jpeg?ssl=1&w=320&resize=320&ssl=1 320w, https:\/\/i1.wp.com\/chacosintesis.com.ar\/wp-content\/uploads\/2026\/04\/1777309393_628_La-reaccion-de-Pampita-al-ver-que-Sofia-La-Reini.jpeg?ssl=1&w=500&resize=500&ssl=1 500w, https:\/\/i1.wp.com\/chacosintesis.com.ar\/wp-content\/uploads\/2026\/04\/1777309393_628_La-reaccion-de-Pampita-al-ver-que-Sofia-La-Reini.jpeg?ssl=1&w=640&resize=640&ssl=1 640w, https:\/\/i1.wp.com\/chacosintesis.com.ar\/wp-content\/uploads\/2026\/04\/1777309393_628_La-reaccion-de-Pampita-al-ver-que-Sofia-La-Reini.jpeg?ssl=1&w=800&resize=800&ssl=1 800w, https:\/\/i1.wp.com\/chacosintesis.com.ar\/wp-content\/uploads\/2026\/04\/1777309393_628_La-reaccion-de-Pampita-al-ver-que-Sofia-La-Reini.jpeg?ssl=1&w=1024&resize=1024&ssl=1 1024w, https:\/\/i1.wp.com\/chacosintesis.com.ar\/wp-content\/uploads\/2026\/04\/1777309393_628_La-reaccion-de-Pampita-al-ver-que-Sofia-La-Reini.jpeg?ssl=1&w=1280&resize=1280&ssl=1 1280w, https:\/\/i1.wp.com\/chacosintesis.com.ar\/wp-content\/uploads\/2026\/04\/1777309393_628_La-reaccion-de-Pampita-al-ver-que-Sofia-La-Reini.jpeg?ssl=1&w=1600&resize=1600&ssl=1 1600w\" fifu-data-src=\"https:\/\/i1.wp.com\/chacosintesis.com.ar\/wp-content\/uploads\/2026\/04\/1777309393_628_La-reaccion-de-Pampita-al-ver-que-Sofia-La-Reini.jpeg?ssl=1\"><\/p>\n<p>Noticias Argentinas<\/p>\n","protected":false},"excerpt":{"rendered":"<p>Buenos Aires, 27 abril (NA) \u2013 Los Mart\u00edn Fierro de Moda 2026 de este domingo reunieron a las figuras fashionistas m\u00e1s relevantes de este \u00faltimo tiempo, como tambi\u00e9n a nuevas caras que supieron ganarse su lugar en la industria de la moda, para un evento enfocado en los looks en la televisi\u00f3n argentina. Seg\u00fan supo [&hellip;]<\/p>\n","protected":false},"author":1,"featured_media":220725,"comment_status":"closed","ping_status":"","sticky":false,"template":"","format":"standard","meta":{"footnotes":""},"categories":[188],"tags":[],"class_list":{"0":"post-220714","1":"post","2":"type-post","3":"status-publish","4":"format-standard","5":"has-post-thumbnail","7":"category-farandula"},"_links":{"self":[{"href":"https:\/\/chacosintesis.com.ar\/index.php\/wp-json\/wp\/v2\/posts\/220714","targetHints":{"allow":["GET"]}}],"collection":[{"href":"https:\/\/chacosintesis.com.ar\/index.php\/wp-json\/wp\/v2\/posts"}],"about":[{"href":"https:\/\/chacosintesis.com.ar\/index.php\/wp-json\/wp\/v2\/types\/post"}],"author":[{"embeddable":true,"href":"https:\/\/chacosintesis.com.ar\/index.php\/wp-json\/wp\/v2\/users\/1"}],"replies":[{"embeddable":true,"href":"https:\/\/chacosintesis.com.ar\/index.php\/wp-json\/wp\/v2\/comments?post=220714"}],"version-history":[{"count":0,"href":"https:\/\/chacosintesis.com.ar\/index.php\/wp-json\/wp\/v2\/posts\/220714\/revisions"}],"wp:featuredmedia":[{"embeddable":true,"href":"https:\/\/chacosintesis.com.ar\/index.php\/wp-json\/wp\/v2\/media\/220725"}],"wp:attachment":[{"href":"https:\/\/chacosintesis.com.ar\/index.php\/wp-json\/wp\/v2\/media?parent=220714"}],"wp:term":[{"taxonomy":"category","embeddable":true,"href":"https:\/\/chacosintesis.com.ar\/index.php\/wp-json\/wp\/v2\/categories?post=220714"},{"taxonomy":"post_tag","embeddable":true,"href":"https:\/\/chacosintesis.com.ar\/index.php\/wp-json\/wp\/v2\/tags?post=220714"}],"curies":[{"name":"wp","href":"https:\/\/api.w.org\/{rel}","templated":true}]}}