{"id":220704,"date":"2026-04-27T14:02:08","date_gmt":"2026-04-27T17:02:08","guid":{"rendered":"https:\/\/chacosintesis.com.ar\/index.php\/chaco-fin-de-semana-caminera-continua-con-los-operativos-de-patrullajes-nocturno\/"},"modified":"2026-04-27T14:02:08","modified_gmt":"2026-04-27T17:02:08","slug":"chaco-fin-de-semana-caminera-continua-con-los-operativos-de-patrullajes-nocturno","status":"publish","type":"post","link":"https:\/\/chacosintesis.com.ar\/index.php\/chaco-fin-de-semana-caminera-continua-con-los-operativos-de-patrullajes-nocturno\/","title":{"rendered":"CHACO:   Fin De Semana: Caminera Contin\u00faa Con Los Operativos De Patrullajes Nocturno"},"content":{"rendered":"<p><\/p>\n<div>\n<p>\u00a0Pte Gral Belgrano\u00a0<\/p>\n<p>Agentes Viales, intervinieron una carga forestal de 25.000 kg de carb\u00f3n vinal, al momento del control no contaba con el sello de ingreso a la provincia.<\/p>\n<p>\u00a0\u00a0Ruta N\u00b011 y Prov.13- Mar\u00eda Sara\u00a0<\/p>\n<p>Adem\u00e1s, demoraron un cami\u00f3n que transportaba 29 toneladas de chatarra compactada y suelta.Agentes viales dieron intervenci\u00f3n a la entidad Arca porque presentaba irregularidades.<\/p>\n<p>\u00a0S\u00e1enz Pe\u00f1a-Planta Verificadora\u00a0<\/p>\n<p>Por otra parte, secuestraron una\u00a0 moto marca\u00a0 Honda Wave con\u00a0 Pedido de Secuestro en causa \u201cSupuesto Hurto\u201d a solicitud de la comisar\u00eda Primera de S\u00e1enz Pe\u00f1a.<\/p>\n<p>\u00a0\u00a0Resistencia-Juan D.Per\u00f3n 370.<\/p>\n<p>Agentes viales en\u00a0 operativo de control nocturno procedieron a la detenci\u00f3n de un joven de 19 a\u00f1os y al secuestro de una r\u00e9plica de arma de fuego.<\/p>\n<p>\u00a0\u00a0Tambi\u00e9n, realizaron tareas de regulaci\u00f3n y c\u00e1psula de Seguridad en el evento futbol\u00edstico en el estadio Centenario Sarmiento entre el Club Defensor de Vilelas Vs Club Deportivo Juventud Antoniana de la provincia de Salta referente al torneo federal \u201cA\u201d.<\/p>\n<p>\u00a0Junto al Municipio\u00a0<\/p>\n<p>Se realiz\u00f3 un operativo de Prevenci\u00f3n en operativo Antiwileros\u00a0 conjunto al personal municipal de Resistencia donde\u00a0 secuestraron 20\u00a0 motocicletas por C\u00f3digo de Faltas de la municipalidad de Resistencia.<\/p>\n<p>\u00a0\u00a0Tambi\u00e9n en distintos operativos de control de toda la provincia se llevo a cabo el secuestro de\u00a0 18 motocicletas.<\/p>\n<p>\u00a0Por otra parte, el d\u00eda Domingo realizaron operativo Antiwileros en conjunto a unidades de la Polic\u00eda del Chaco en el Aeropuerto Internacional de Rcia, donde secuestraron 2 motocicletas por el c\u00f3digo de infracci\u00f3n al 850-J.Adem\u00e1s realizaron concientizaci\u00f3n vial.<\/p>\n<p>\u00a0Sigebi-Sifcop<\/p>\n<p>En toda la provincia 2 personas fueron detenidas por presentar pedido de captura.<\/p>\n<p>\u00a0Se registraron 3 incidentes viales de car\u00e1cter leve.<\/p>\n<div class=\"heateor_sss_sharing_container heateor_sss_horizontal_sharing\" data-heateor-sss-href=\"https:\/\/www.noticiasdelparana.com.ar\/NuevaEdicion\/2026\/04\/27\/chaco-fin-de-semana-caminera-continua-con-los-operativos-de-patrullajes-nocturno\/\">\n<p>Compart\u00ed esta nota en tus redes sociales&#8230;<\/p>\n<\/div><\/div>\n<p><img decoding=\"async\" src=\"\"><\/p>\n<p>Noticias del Paran\u00e1<\/p>\n","protected":false},"excerpt":{"rendered":"<p>\u00a0Pte Gral Belgrano\u00a0 Agentes Viales, intervinieron una carga forestal de 25.000 kg de carb\u00f3n vinal, al momento del control no contaba con el sello de ingreso a la provincia. \u00a0\u00a0Ruta N\u00b011 y Prov.13- Mar\u00eda Sara\u00a0 Adem\u00e1s, demoraron un cami\u00f3n que transportaba 29 toneladas de chatarra compactada y suelta.Agentes viales dieron intervenci\u00f3n a la entidad Arca [&hellip;]<\/p>\n","protected":false},"author":1,"featured_media":0,"comment_status":"closed","ping_status":"","sticky":false,"template":"","format":"standard","meta":{"footnotes":""},"categories":[5],"tags":[],"class_list":{"0":"post-220704","1":"post","2":"type-post","3":"status-publish","4":"format-standard","6":"category-policiales"},"_links":{"self":[{"href":"https:\/\/chacosintesis.com.ar\/index.php\/wp-json\/wp\/v2\/posts\/220704","targetHints":{"allow":["GET"]}}],"collection":[{"href":"https:\/\/chacosintesis.com.ar\/index.php\/wp-json\/wp\/v2\/posts"}],"about":[{"href":"https:\/\/chacosintesis.com.ar\/index.php\/wp-json\/wp\/v2\/types\/post"}],"author":[{"embeddable":true,"href":"https:\/\/chacosintesis.com.ar\/index.php\/wp-json\/wp\/v2\/users\/1"}],"replies":[{"embeddable":true,"href":"https:\/\/chacosintesis.com.ar\/index.php\/wp-json\/wp\/v2\/comments?post=220704"}],"version-history":[{"count":0,"href":"https:\/\/chacosintesis.com.ar\/index.php\/wp-json\/wp\/v2\/posts\/220704\/revisions"}],"wp:attachment":[{"href":"https:\/\/chacosintesis.com.ar\/index.php\/wp-json\/wp\/v2\/media?parent=220704"}],"wp:term":[{"taxonomy":"category","embeddable":true,"href":"https:\/\/chacosintesis.com.ar\/index.php\/wp-json\/wp\/v2\/categories?post=220704"},{"taxonomy":"post_tag","embeddable":true,"href":"https:\/\/chacosintesis.com.ar\/index.php\/wp-json\/wp\/v2\/tags?post=220704"}],"curies":[{"name":"wp","href":"https:\/\/api.w.org\/{rel}","templated":true}]}}