{"id":220667,"date":"2026-04-27T12:02:11","date_gmt":"2026-04-27T15:02:11","guid":{"rendered":"https:\/\/chacosintesis.com.ar\/index.php\/esteban-andrada-rompio-el-silencio-tras-el-escandalo-en-el-ascenso-espanol-que-dijo\/"},"modified":"2026-04-27T12:02:11","modified_gmt":"2026-04-27T15:02:11","slug":"esteban-andrada-rompio-el-silencio-tras-el-escandalo-en-el-ascenso-espanol-que-dijo","status":"publish","type":"post","link":"https:\/\/chacosintesis.com.ar\/index.php\/esteban-andrada-rompio-el-silencio-tras-el-escandalo-en-el-ascenso-espanol-que-dijo\/","title":{"rendered":"Esteban Andrada rompi\u00f3 el silencio tras el esc\u00e1ndalo en el ascenso espa\u00f1ol: qu\u00e9 dijo"},"content":{"rendered":"<p><\/p>\n<div>\t\t<!-- { REGION4 --> <\/p>\n<header class=\"news-headline\">\n<h2 class=\"news-headline__article-summary\">\t\t<\/h2>\n<p id=\"p-1777297973136-80812\" class=\"ignore-parser\">El arquero de Real Zaragoza reconoci\u00f3 su error luego del golpe a Jorge Pulido en el duelo ante Huesca y asegur\u00f3 que se trat\u00f3 de una reacci\u00f3n fuera de contexto.<\/p>\n<\/header>\n<div class=\"detail-highlighted-multimedia content-protected-false\">\n<figure class=\"detail-highlighted-multimedia__figure\">  <img fetchpriority=\"high\" decoding=\"async\" src=\"data:image\/gif;base64,R0lGODlhAQABAIAAAAAAAP\/\/\/ywAAAAAAQABAAACAUwAOw==\" fifu-lazy=\"1\" fifu-data-sizes=\"auto\" fifu-data-srcset=\"https:\/\/i3.wp.com\/chacosintesis.com.ar\/wp-content\/uploads\/2026\/04\/Esteban-Andrada-rompio-el-silencio-tras-el-escandalo-en-el.jpeg?ssl=1&w=75&resize=75&ssl=1 75w, https:\/\/i3.wp.com\/chacosintesis.com.ar\/wp-content\/uploads\/2026\/04\/Esteban-Andrada-rompio-el-silencio-tras-el-escandalo-en-el.jpeg?ssl=1&w=100&resize=100&ssl=1 100w, https:\/\/i3.wp.com\/chacosintesis.com.ar\/wp-content\/uploads\/2026\/04\/Esteban-Andrada-rompio-el-silencio-tras-el-escandalo-en-el.jpeg?ssl=1&w=150&resize=150&ssl=1 150w, https:\/\/i3.wp.com\/chacosintesis.com.ar\/wp-content\/uploads\/2026\/04\/Esteban-Andrada-rompio-el-silencio-tras-el-escandalo-en-el.jpeg?ssl=1&w=240&resize=240&ssl=1 240w, https:\/\/i3.wp.com\/chacosintesis.com.ar\/wp-content\/uploads\/2026\/04\/Esteban-Andrada-rompio-el-silencio-tras-el-escandalo-en-el.jpeg?ssl=1&w=320&resize=320&ssl=1 320w, https:\/\/i3.wp.com\/chacosintesis.com.ar\/wp-content\/uploads\/2026\/04\/Esteban-Andrada-rompio-el-silencio-tras-el-escandalo-en-el.jpeg?ssl=1&w=500&resize=500&ssl=1 500w, https:\/\/i3.wp.com\/chacosintesis.com.ar\/wp-content\/uploads\/2026\/04\/Esteban-Andrada-rompio-el-silencio-tras-el-escandalo-en-el.jpeg?ssl=1&w=640&resize=640&ssl=1 640w, https:\/\/i3.wp.com\/chacosintesis.com.ar\/wp-content\/uploads\/2026\/04\/Esteban-Andrada-rompio-el-silencio-tras-el-escandalo-en-el.jpeg?ssl=1&w=800&resize=800&ssl=1 800w, https:\/\/i3.wp.com\/chacosintesis.com.ar\/wp-content\/uploads\/2026\/04\/Esteban-Andrada-rompio-el-silencio-tras-el-escandalo-en-el.jpeg?ssl=1&w=1024&resize=1024&ssl=1 1024w, https:\/\/i3.wp.com\/chacosintesis.com.ar\/wp-content\/uploads\/2026\/04\/Esteban-Andrada-rompio-el-silencio-tras-el-escandalo-en-el.jpeg?ssl=1&w=1280&resize=1280&ssl=1 1280w, https:\/\/i3.wp.com\/chacosintesis.com.ar\/wp-content\/uploads\/2026\/04\/Esteban-Andrada-rompio-el-silencio-tras-el-escandalo-en-el.jpeg?ssl=1&w=1600&resize=1600&ssl=1 1600w\" fifu-data-src=\"https:\/\/i3.wp.com\/chacosintesis.com.ar\/wp-content\/uploads\/2026\/04\/Esteban-Andrada-rompio-el-silencio-tras-el-escandalo-en-el.jpeg?ssl=1\" class=\"detail-highlighted-multimedia__figure-img img-fluid\" alt=\"Esteban Andrada rompi\u00f3 el silencio\u00a0\" width=\"655\" height=\"368\" crossorigin=\"anonymous\" fetchpriority=\"high\" decode=\"async\"\/><figcaption class=\"detail-highlighted-multimedia__figcaption\">  <\/figcaption><\/figure>\n<\/p><\/div>\n<article class=\"article-body article-body--first-paragraph content-protected-false\" data-td-script-src=\"https:\/\/www.ambito.com\/td\/modulos\/encuestas\/js\/function-embeds-min-version-1777262880.js\">\n<p id=\"p-1777298063191-85655\" data-start=\"343\" data-end=\"682\">El episodio protagonizado por <strong data-start=\"373\" data-end=\"392\"><a href=\"https:\/\/www.ambito.com\/deportes\/escandalo-espana-el-video-esteban-andrada-expulsado-golpear-un-futbolista-n6271155\" target=\"_blank\" rel=\"follow\">Esteban Andrada<\/a><\/strong> en el partido entre <strong data-start=\"413\" data-end=\"423\">Huesca<\/strong> y <strong data-start=\"426\" data-end=\"443\">Real Zaragoza<\/strong> sigue generando repercusiones. Luego de su expulsi\u00f3n por agredir con un pu\u00f1etazo al capit\u00e1n rival, el arquero argentino sali\u00f3 a dar explicaciones y expres\u00f3 p\u00fablicamente su arrepentimiento por lo ocurrido en el denominado cl\u00e1sico aragon\u00e9s.<\/p>\n<\/article>\n<section class=\"suscription-false printed-edition\" style=\"display:none\">\n<p> El contenido al que quiere acceder es exclusivo para suscriptores.<\/p>\n<p>  <span> <button type=\"button\" name=\"button\" class=\"subscribe-btn mercadopago-btn\">suscribirse<\/button><\/span>  <span class=\"btns\"><button type=\"button\" name=\"button\" class=\"subscribe-btn reload-login\"> ya estoy suscripto<\/button><\/span>  <\/p>\n<\/section>\n<article class=\"article-body article-body--second-paragraph content-protected-false\">\n<p id=\"p-1777298063191-7992\" data-start=\"684\" data-end=\"968\">\u201c<strong data-start=\"685\" data-end=\"817\">Estoy muy arrepentido de lo sucedido. No es una buena imagen para el club, para la gente y menos para un profesional como lo soy<\/strong>\u201d, manifest\u00f3 el ex <strong data-start=\"836\" data-end=\"852\">Boca Juniors<\/strong> en un video difundido por su equipo, en medio de la pol\u00e9mica que se instal\u00f3 tanto en Espa\u00f1a como en redes sociales.<\/p>\n<\/article>\n<section class=\"related-news\">\n<div class=\"row row--eq-height\">\n<div class=\"col-12 col-md-6\">\n<article class=\"news-article news-article--landscape-news news-article--landscape-news\">\n<figure class=\"news-article__figure figure\">\t\t<a href=\"https:\/\/www.ambito.com\/deportes\/flavio-briatore-elogio-franco-colapinto-el-impacto-del-show-buenos-aires-n6271158\" target=\"\" title=\"\u00e1mbito.com | Briatore elogi\u00f3 a Colapinto tras el impacto del show en Buenos Aires\" alt=\"\u00e1mbito.com | Briatore elogi\u00f3 a Colapinto tras el impacto del show en Buenos Aires\" rel=\"noindex nofollow noreferrer\"><br \/>\n\t\t\t\t\t\t\t\t\t\t\t<img loading=\"lazy\" loading=\"lazy\" decoding=\"async\" src=\"data:image\/gif;base64,R0lGODlhAQABAIAAAAAAAP\/\/\/ywAAAAAAQABAAACAUwAOw==\" fifu-lazy=\"1\" fifu-data-sizes=\"auto\" fifu-data-srcset=\"https:\/\/i0.wp.com\/chacosintesis.com.ar\/wp-content\/uploads\/2026\/04\/Esteban-Andrada-rompio-el-silencio-tras-el-escandalo-en-el.jpg?ssl=1&w=75&resize=75&ssl=1 75w, https:\/\/i0.wp.com\/chacosintesis.com.ar\/wp-content\/uploads\/2026\/04\/Esteban-Andrada-rompio-el-silencio-tras-el-escandalo-en-el.jpg?ssl=1&w=100&resize=100&ssl=1 100w, https:\/\/i0.wp.com\/chacosintesis.com.ar\/wp-content\/uploads\/2026\/04\/Esteban-Andrada-rompio-el-silencio-tras-el-escandalo-en-el.jpg?ssl=1&w=150&resize=150&ssl=1 150w, https:\/\/i0.wp.com\/chacosintesis.com.ar\/wp-content\/uploads\/2026\/04\/Esteban-Andrada-rompio-el-silencio-tras-el-escandalo-en-el.jpg?ssl=1&w=240&resize=240&ssl=1 240w, https:\/\/i0.wp.com\/chacosintesis.com.ar\/wp-content\/uploads\/2026\/04\/Esteban-Andrada-rompio-el-silencio-tras-el-escandalo-en-el.jpg?ssl=1&w=320&resize=320&ssl=1 320w, https:\/\/i0.wp.com\/chacosintesis.com.ar\/wp-content\/uploads\/2026\/04\/Esteban-Andrada-rompio-el-silencio-tras-el-escandalo-en-el.jpg?ssl=1&w=500&resize=500&ssl=1 500w, https:\/\/i0.wp.com\/chacosintesis.com.ar\/wp-content\/uploads\/2026\/04\/Esteban-Andrada-rompio-el-silencio-tras-el-escandalo-en-el.jpg?ssl=1&w=640&resize=640&ssl=1 640w, https:\/\/i0.wp.com\/chacosintesis.com.ar\/wp-content\/uploads\/2026\/04\/Esteban-Andrada-rompio-el-silencio-tras-el-escandalo-en-el.jpg?ssl=1&w=800&resize=800&ssl=1 800w, https:\/\/i0.wp.com\/chacosintesis.com.ar\/wp-content\/uploads\/2026\/04\/Esteban-Andrada-rompio-el-silencio-tras-el-escandalo-en-el.jpg?ssl=1&w=1024&resize=1024&ssl=1 1024w, https:\/\/i0.wp.com\/chacosintesis.com.ar\/wp-content\/uploads\/2026\/04\/Esteban-Andrada-rompio-el-silencio-tras-el-escandalo-en-el.jpg?ssl=1&w=1280&resize=1280&ssl=1 1280w, https:\/\/i0.wp.com\/chacosintesis.com.ar\/wp-content\/uploads\/2026\/04\/Esteban-Andrada-rompio-el-silencio-tras-el-escandalo-en-el.jpg?ssl=1&w=1600&resize=1600&ssl=1 1600w\" fifu-data-src=\"https:\/\/i0.wp.com\/chacosintesis.com.ar\/wp-content\/uploads\/2026\/04\/Esteban-Andrada-rompio-el-silencio-tras-el-escandalo-en-el.jpg?ssl=1\" alt=\"briatore elogio a colapinto tras el impacto del show en buenos aires\" title=\"briatore elogio a colapinto tras el impacto del show en buenos aires\" width=\"93\" height=\"52\" class=\"news-article__figure-img figure-img img-fluid\"\/>\t\t<\/a><\/figure>\n<\/article><\/div>\n<\/div>\n<\/section>\n<article class=\"article-body article-body--third-paragraph content-protected-false\">\n<p id=\"p-1777298063191-3985\" data-start=\"970\" data-end=\"1303\">El mendocino tambi\u00e9n intent\u00f3 poner en contexto la situaci\u00f3n, remarcando que no se trata de una conducta habitual en su carrera: \u201c<strong data-start=\"1099\" data-end=\"1301\">A lo largo de mi carrera he tenido una sola expulsi\u00f3n; la toqu\u00e9 afuera del \u00e1rea con la mano. Se puede ver en mi trayectoria que fue una situaci\u00f3n l\u00edmite, me sal\u00ed de contexto y reaccion\u00e9 de esa forma<\/strong>\u201d.<\/p>\n<\/article>\n<article class=\"article-body article-body--fourth-paragraph content-protected-false\">    <\/article>\n<article class=\"article-body article-body--fifth-paragraph content-protected-false\">\n<h2 id=\"p-1777298063191-80939\">Pedido de disculpas y posible sanci\u00f3n para Andrada<\/h2>\n<p id=\"p-1777298063191-31108\" data-start=\"1350\" data-end=\"1753\">Adem\u00e1s de su descargo, <strong data-start=\"1373\" data-end=\"1384\">Andrada<\/strong> dirigi\u00f3 un mensaje directo a <strong data-start=\"1414\" data-end=\"1430\">Jorge Pulido<\/strong> y al entorno del <strong data-start=\"1448\" data-end=\"1458\">Huesca<\/strong>, reconociendo su error y el impacto de su accionar: \u201c<strong data-start=\"1512\" data-end=\"1751\">No lo volver\u00e9 a hacer porque s\u00e9 que soy una persona p\u00fablica, un profesional con muchos a\u00f1os de carrera. Tambi\u00e9n quiero pedirle disculpas a Jorge Pulido porque somos colegas y, sinceramente, fue un acto m\u00edo: me desconect\u00e9 en ese momento<\/strong>\u201d.<\/p>\n<\/article>\n<article class=\"article-body article-body--remaining-paragraph content-protected-false\">\n<p id=\"p-1777298063191-3377\" data-start=\"1755\" data-end=\"2137\">El arquero, surgido de <strong data-start=\"1778\" data-end=\"1787\">Lan\u00fas<\/strong>, qued\u00f3 en el centro de la escena y su futuro en el club espa\u00f1ol es incierto. Desde la dirigencia del <strong data-start=\"1889\" data-end=\"1906\">Real Zaragoza<\/strong> ya iniciaron un proceso interno para evaluar posibles sanciones, mientras que en el entorno del f\u00fatbol espa\u00f1ol se especula con una suspensi\u00f3n prolongada e incluso con la posibilidad de que el jugador no contin\u00fae en la instituci\u00f3n.<\/p>\n<p id=\"p-1777298063191-69383\" data-start=\"2139\" data-end=\"2408\">En ese marco, el propio futbolista se puso a disposici\u00f3n de las autoridades de <strong data-start=\"2218\" data-end=\"2229\">La Liga<\/strong> para dar las explicaciones necesarias: \u201c<strong data-start=\"2270\" data-end=\"2396\">Ac\u00e1 estoy para ver las consecuencias de La Liga, o si quieren que les vaya a dar explicaciones. Estoy disponible para ello<\/strong>\u201d, concluy\u00f3.<\/p>\n<p id=\"p-1777298063191-5458\" data-start=\"2410\" data-end=\"2636\" data-is-last-node=\"\" data-is-only-node=\"\">El incidente no solo complica su situaci\u00f3n personal, sino tambi\u00e9n el presente deportivo del <strong data-start=\"2502\" data-end=\"2519\">Real Zaragoza<\/strong>, que atraviesa un momento delicado en la temporada y podr\u00eda perder a su arquero en un tramo decisivo del campeonato.<\/p>\n<\/article>\n<p>\t\t\t\t<!-- REGION4 } -->\n\t\t\t\t\t\t<\/div>\n<p><script>\n!function(f,b,e,v,n,t,s)\n{if(f.fbq)return;n=f.fbq=function(){n.callMethod?\nn.callMethod.apply(n,arguments):n.queue.push(arguments)};\nif(!f._fbq)f._fbq=n;n.push=n;n.loaded=!0;n.version='2.0';\nn.queue=[];t=b.createElement(e);t.async=!0;\nt.src=v;s=b.getElementsByTagName(e)[0];\ns.parentNode.insertBefore(t,s)}(window,document,'script',\n'https:\/\/connect.facebook.net\/en_US\/fbevents.js');\nfbq('init', '2047048335588113');\nfbq('track', 'PageView');\n<\/script><\/p>\n<p>Ambito.-<\/p>\n","protected":false},"excerpt":{"rendered":"<p>El arquero de Real Zaragoza reconoci\u00f3 su error luego del golpe a Jorge Pulido en el duelo ante Huesca y asegur\u00f3 que se trat\u00f3 de una reacci\u00f3n fuera de contexto. El episodio protagonizado por Esteban Andrada en el partido entre Huesca y Real Zaragoza sigue generando repercusiones. Luego de su expulsi\u00f3n por agredir con un [&hellip;]<\/p>\n","protected":false},"author":1,"featured_media":220678,"comment_status":"closed","ping_status":"","sticky":false,"template":"","format":"standard","meta":{"footnotes":""},"categories":[7],"tags":[],"class_list":{"0":"post-220667","1":"post","2":"type-post","3":"status-publish","4":"format-standard","5":"has-post-thumbnail","7":"category-deportes"},"_links":{"self":[{"href":"https:\/\/chacosintesis.com.ar\/index.php\/wp-json\/wp\/v2\/posts\/220667","targetHints":{"allow":["GET"]}}],"collection":[{"href":"https:\/\/chacosintesis.com.ar\/index.php\/wp-json\/wp\/v2\/posts"}],"about":[{"href":"https:\/\/chacosintesis.com.ar\/index.php\/wp-json\/wp\/v2\/types\/post"}],"author":[{"embeddable":true,"href":"https:\/\/chacosintesis.com.ar\/index.php\/wp-json\/wp\/v2\/users\/1"}],"replies":[{"embeddable":true,"href":"https:\/\/chacosintesis.com.ar\/index.php\/wp-json\/wp\/v2\/comments?post=220667"}],"version-history":[{"count":0,"href":"https:\/\/chacosintesis.com.ar\/index.php\/wp-json\/wp\/v2\/posts\/220667\/revisions"}],"wp:featuredmedia":[{"embeddable":true,"href":"https:\/\/chacosintesis.com.ar\/index.php\/wp-json\/wp\/v2\/media\/220678"}],"wp:attachment":[{"href":"https:\/\/chacosintesis.com.ar\/index.php\/wp-json\/wp\/v2\/media?parent=220667"}],"wp:term":[{"taxonomy":"category","embeddable":true,"href":"https:\/\/chacosintesis.com.ar\/index.php\/wp-json\/wp\/v2\/categories?post=220667"},{"taxonomy":"post_tag","embeddable":true,"href":"https:\/\/chacosintesis.com.ar\/index.php\/wp-json\/wp\/v2\/tags?post=220667"}],"curies":[{"name":"wp","href":"https:\/\/api.w.org\/{rel}","templated":true}]}}