{"id":22058,"date":"2023-05-24T16:15:45","date_gmt":"2023-05-24T19:15:45","guid":{"rendered":"https:\/\/chacosintesis.com.ar\/?p=22058"},"modified":"2023-05-24T16:36:51","modified_gmt":"2023-05-24T19:36:51","slug":"perez-pons-se-reunio-con-estudiantes-de-ingenieria-de-la-unne","status":"publish","type":"post","link":"https:\/\/chacosintesis.com.ar\/index.php\/perez-pons-se-reunio-con-estudiantes-de-ingenieria-de-la-unne\/","title":{"rendered":"P\u00e9rez Pons se reuni\u00f3 con estudiantes de Ingenier\u00eda de la UNNE"},"content":{"rendered":"<p>En la oportunidad, evaluaron los programas implementados para las juventudes desde el Estado provincial.<br \/>\nEl ministro de Planificaci\u00f3n, Econom\u00eda e Infraestructura, Santiago P\u00e9rez Pons junto a la ministra de Desarrollo Social, Mar\u00eda P\u00eda Chiacchio Cavana, visitaron el Centro de Estudiantes de la Facultad de Ingenier\u00eda de la Universidad Nacional del Nordeste (Unne), en donde dialogaron con estudiantes sobre avances logrados en el fortalecimiento de la infraestructura universitaria y las respuestas dadas a las demandas de equipamiento a trav\u00e9s de los programas \u201cReactiva\u201d y \u201cTom\u00e1 la Posta\u201d. Adem\u00e1s, evaluaron en conjunto el alcance de las pol\u00edticas definidas desde el Estado para la juventud. \u201cDesde el Gobierno llevamos adelante programas destinados a la inclusi\u00f3n y al acompa\u00f1amiento de estudiantes como Construir Futuro, Enfoque, Inclusi\u00f3n Digital y el Boleto Estudiantil Gratuito\u201d, expres\u00f3 el ministro P\u00e9rez Pons, quien valor\u00f3: \u201cllegamos a los estudiantes en t\u00e9rminos econ\u00f3micos, permitiendo desde el Estado a trav\u00e9s de Inclusi\u00f3n Digital que los estudiantes pueden tener su computadora y con \u201cConstruir Futuro\u201d que cada inicio de cuatrimestre puedan comprarse fotocopias, libros y materiales\u201d. En el caso de \u201cEnfoque\u201d, se trata de un programa de becas y pasant\u00edas destinado a estudiantes y profesionales que potencien el desarrollo de nuestra provincia. \u201cLa carrera de Ingenier\u00eda es una de la Facultad que m\u00e1s potenciamos en el inicio de la carrera, porque necesitamos m\u00e1s ingenieros, la provincia necesita m\u00e1s profesionales de la ingenier\u00eda para su desarrollo econ\u00f3mico\u201d, explic\u00f3 el ministro.<\/p>\n<p>Fortalecimiento de centros de estudiantes<br \/>\nLos centros de estudiantes \u201cson una herramienta indispensable principalmente por la organizaci\u00f3n de la Facultad y por lo que le brindan en el d\u00eda a d\u00eda a los estudiantes\u201d, resalt\u00f3 el ministro P\u00e9rez Pons al se\u00f1alar la importancia del fortalecimiento de los centros de estudiantes de las distintas facultades. \u201cNos mantenemos siempre cerca de los estudiantes acompa\u00f1ando su proceso de formaci\u00f3n. Estamos muy contentos porque los programas sirvieron y mucho\u201d, subray\u00f3 el funcionario. Por \u00faltimo, record\u00f3 las mejoras en materia edilicia llevadas adelante en el campus universitario donde el Gobierno a trav\u00e9s del Ministerio de Planificaci\u00f3n, Econom\u00eda e Infraestructura ejecut\u00f3 la refacci\u00f3n y ampliaci\u00f3n del Jard\u00edn Maternal y del Comedor Universitario. A su vez se avanzar\u00e1 en la construcci\u00f3n de un lactario en la Facultad de Humanidades.<\/p>\n<p>Un Estado presente<\/p>\n<p>Daniela Fleitas estudiante del Centro y agradeci\u00f3 el apoyo permanente del Gobierno. \u201cLe pudimos mostrar todas las cosas que pudimos hacer con su acompa\u00f1amiento para seguir asistiendo a chicas y chicos que estudian la carrera de Ingenier\u00eda. La verdad que estamos muy agradecidos y nos sentimos muy acompa\u00f1ados por el Gobierno provincial. Santiago es un genio y estuvo con nosotros desde un primer momento acompa\u00f1\u00e1ndonos y escuch\u00e1ndonos\u201d. Por su parte el presidente del Centro, Gino Lavia, resalt\u00f3 que \u201ces la primera vez que sentimos que nuestras demandas llegan con respuestas. Muchos pol\u00edticos vienen y solo escuchan nuestros proyectos pero Santiago nos visita, nos escucha y atiende con respuestas concretas para cada uno de nuestros proyectos. Sentirnos contenidos es muy importante porque nos anima a seguir estudiando con la convicci\u00f3n de que nosotros somos el futuro del pa\u00eds\u201d, concluy\u00f3.<\/p>\n","protected":false},"excerpt":{"rendered":"<p>En la oportunidad, evaluaron los programas implementados para las juventudes desde el Estado provincial. El ministro de Planificaci\u00f3n, Econom\u00eda e Infraestructura, Santiago P\u00e9rez Pons junto a la ministra de Desarrollo Social, Mar\u00eda P\u00eda Chiacchio Cavana, visitaron el Centro de Estudiantes de la Facultad de Ingenier\u00eda de la Universidad Nacional del Nordeste (Unne), en donde dialogaron [&hellip;]<\/p>\n","protected":false},"author":1,"featured_media":22059,"comment_status":"closed","ping_status":"closed","sticky":false,"template":"","format":"standard","meta":{"footnotes":""},"categories":[6],"tags":[],"class_list":{"0":"post-22058","1":"post","2":"type-post","3":"status-publish","4":"format-standard","5":"has-post-thumbnail","7":"category-chaco"},"_links":{"self":[{"href":"https:\/\/chacosintesis.com.ar\/index.php\/wp-json\/wp\/v2\/posts\/22058","targetHints":{"allow":["GET"]}}],"collection":[{"href":"https:\/\/chacosintesis.com.ar\/index.php\/wp-json\/wp\/v2\/posts"}],"about":[{"href":"https:\/\/chacosintesis.com.ar\/index.php\/wp-json\/wp\/v2\/types\/post"}],"author":[{"embeddable":true,"href":"https:\/\/chacosintesis.com.ar\/index.php\/wp-json\/wp\/v2\/users\/1"}],"replies":[{"embeddable":true,"href":"https:\/\/chacosintesis.com.ar\/index.php\/wp-json\/wp\/v2\/comments?post=22058"}],"version-history":[{"count":0,"href":"https:\/\/chacosintesis.com.ar\/index.php\/wp-json\/wp\/v2\/posts\/22058\/revisions"}],"wp:featuredmedia":[{"embeddable":true,"href":"https:\/\/chacosintesis.com.ar\/index.php\/wp-json\/wp\/v2\/media\/22059"}],"wp:attachment":[{"href":"https:\/\/chacosintesis.com.ar\/index.php\/wp-json\/wp\/v2\/media?parent=22058"}],"wp:term":[{"taxonomy":"category","embeddable":true,"href":"https:\/\/chacosintesis.com.ar\/index.php\/wp-json\/wp\/v2\/categories?post=22058"},{"taxonomy":"post_tag","embeddable":true,"href":"https:\/\/chacosintesis.com.ar\/index.php\/wp-json\/wp\/v2\/tags?post=22058"}],"curies":[{"name":"wp","href":"https:\/\/api.w.org\/{rel}","templated":true}]}}