{"id":220578,"date":"2026-04-27T08:02:20","date_gmt":"2026-04-27T11:02:20","guid":{"rendered":"https:\/\/chacosintesis.com.ar\/index.php\/intensa-semana-politica-para-milei-adorni-en-el-congreso-y-cena-de-la-fundacion-libertad\/"},"modified":"2026-04-27T08:02:20","modified_gmt":"2026-04-27T11:02:20","slug":"intensa-semana-politica-para-milei-adorni-en-el-congreso-y-cena-de-la-fundacion-libertad","status":"publish","type":"post","link":"https:\/\/chacosintesis.com.ar\/index.php\/intensa-semana-politica-para-milei-adorni-en-el-congreso-y-cena-de-la-fundacion-libertad\/","title":{"rendered":"Intensa semana pol\u00edtica para Milei: Adorni en el Congreso y cena de la Fundaci\u00f3n Libertad"},"content":{"rendered":"<p><\/p>\n<div>\n<aside class=\"scaip scaip-1    \">\n\t\t<\/aside>\n<p>\u00a0El presidente\u00a0<strong>Javier Milei<\/strong>\u00a0se prepara para encarar una compleja semana para el <strong>Gobierno Nacional <\/strong>que incluye la ruptura del silencio del jefe de Gabinete,\u00a0<strong>Manuel Adorni<\/strong>, cuando este mi\u00e9rcoles asista a la C\u00e1mara de Diputados a brindar su primer <strong>informe de gesti\u00f3n<\/strong>.<\/p>\n<p>El mandatario se encarg\u00f3 de anticipar que lo acompa\u00f1ar\u00eda y seguir\u00e1 la exposici\u00f3n desde el palco presidencial. Se espera adem\u00e1s la participaci\u00f3n de la secretaria general de la Presidencia, <strong>Karina Milei<\/strong>.<\/p>\n<aside class=\"scaip scaip-2    \">\n\t\t<\/aside>\n<p>Lo cierto es que se trata de una parada clave para la administraci\u00f3n libertaria, en particular para el ministro coordinador que abandon\u00f3 la exposici\u00f3n medi\u00e1tica y fij\u00f3 el informe de gesti\u00f3n como fecha clave para quebrar la inacci\u00f3n luego de que la Justicia lo investigara por presunto enriquecimiento il\u00edcito.<\/p>\n<p>El funcionario dispuso dos equipos para preparar el detalle del informe: por un lado, lo relativo a la din\u00e1mica de gesti\u00f3n, y por el otro, el legal que evacuar\u00e1 las consultas recibidas sobre su causa y las investigaciones abiertas por la difusi\u00f3n de la <strong>criptomoneda $Libra <\/strong>y el presunto desv\u00edo de fondos de la <strong>Agencia Nacional de Discapacidad (ANDIS)<\/strong>. <\/p>\n<aside class=\"scaip scaip-3    \">\n\t\t<\/aside>\n<p>Adorni deber\u00e1 hacer frente a las <strong>m\u00e1s de 2.200 preguntas<\/strong> de los distintos bloques para intentar recuperar el perfil que, desde la presencia de su esposa, <strong>Bettina Angeletti<\/strong>, en el avi\u00f3n ARG 01 que viaj\u00f3 a Estados Unidos a principios de marzo debi\u00f3 neutralizar. Sin embargo, en Balcarce 50 anticipan que no habr\u00e1 confrontaciones ante los intentos de chicanas.<\/p>\n<p>Pese a los cuestionamientos de los aliados, incluido el del jefe de bloque del PRO, Cristian Ritondo, que anticip\u00f3 que la exposici\u00f3n puede convertirse en un \u201c<em>show innecesario<\/em>\u201d, en Casa Rosada se muestran optimistas y conf\u00edan en el esclarecimiento judicial de la causa abierta. \u201c<em>La justicia investigar\u00e1. Manuel contestar\u00e1 los requerimientos. La situaci\u00f3n se aclarar\u00e1 y el mundo sigue girando<\/em>\u201d, sintetiz\u00f3 un integrante de la mesa pol\u00edtica.<\/p>\n<aside class=\"scaip scaip-4    \">\n\t\t<\/aside>\n<p>En los planes del oficialismo, pasada la exposici\u00f3n ante la oposici\u00f3n en el Congreso, podr\u00edan reeditarse las habituales conferencias de prensa a cargo del ex vocero presidencial. \u201c<em>Esto se combate con Manuel siendo Manuel<\/em>\u201d, plante\u00f3 una importante voz con acceso al despacho presidencial.<\/p>\n<p>Para eso, el ministro coordinador deber\u00e1 volver a enfrentarse a las preguntas de la prensa acreditada que hasta entonces se ve impedida de ingresar por orden directa del libertario. Ese configura otro de los problemas que la administraci\u00f3n libertaria deber\u00e1 resolver si quiere evitar una nueva escalada internacional sobre el tema y eludir el mote de \u201c<em>autoritario<\/em>\u201d que le adjudican a Milei.<\/p>\n<p>El jueves 30 es otra fecha clave del calendario libertario dado que configura el plazo l\u00edmite para que los titulares de los nueve ministerios presenten el<strong> plan de ajuste<\/strong> de sus \u00e1reas y organismos con una meta que implica una reducci\u00f3n del 2% en gastos corrientes y 20% en gastos capitales.<\/p>\n<p>En tanto, este lunes el mandatario participar\u00e1 de una cena 2026 en la <strong>Fundaci\u00f3n Libertad<\/strong>, el martes encabezar\u00e1 el debate \u201c<em>Keynes vs Libertad<\/em>\u201d en el Palacio Libertad, y el mi\u00e9rcoles, luego presenciar el informe de gesti\u00f3n cerrar\u00e1 el Congreso Econ\u00f3mico Argentino en el Centro de Convenciones de Buenos Aires.<\/p>\n<p><em>Con informaci\u00f3n de Noticias Argentinas.<\/em><\/p>\n<p><h3 class=\"jp-relatedposts-headline\"><em>M\u00c1S NOTICIAS:<\/em><\/h3>\n<\/p>\n<section id=\"block-24\" class=\"below-content widget widget_block\"\/>\t<\/div>\n","protected":false},"excerpt":{"rendered":"<p>\u00a0El presidente\u00a0Javier Milei\u00a0se prepara para encarar una compleja semana para el Gobierno Nacional que incluye la ruptura del silencio del jefe de Gabinete,\u00a0Manuel Adorni, cuando este mi\u00e9rcoles asista a la C\u00e1mara de Diputados a brindar su primer informe de gesti\u00f3n. El mandatario se encarg\u00f3 de anticipar que lo acompa\u00f1ar\u00eda y seguir\u00e1 la exposici\u00f3n desde el [&hellip;]<\/p>\n","protected":false},"author":1,"featured_media":220588,"comment_status":"","ping_status":"","sticky":false,"template":"","format":"standard","meta":{"footnotes":""},"categories":[8],"tags":[],"class_list":{"0":"post-220578","1":"post","2":"type-post","3":"status-publish","4":"format-standard","5":"has-post-thumbnail","7":"category-nacionales"},"_links":{"self":[{"href":"https:\/\/chacosintesis.com.ar\/index.php\/wp-json\/wp\/v2\/posts\/220578","targetHints":{"allow":["GET"]}}],"collection":[{"href":"https:\/\/chacosintesis.com.ar\/index.php\/wp-json\/wp\/v2\/posts"}],"about":[{"href":"https:\/\/chacosintesis.com.ar\/index.php\/wp-json\/wp\/v2\/types\/post"}],"author":[{"embeddable":true,"href":"https:\/\/chacosintesis.com.ar\/index.php\/wp-json\/wp\/v2\/users\/1"}],"replies":[{"embeddable":true,"href":"https:\/\/chacosintesis.com.ar\/index.php\/wp-json\/wp\/v2\/comments?post=220578"}],"version-history":[{"count":0,"href":"https:\/\/chacosintesis.com.ar\/index.php\/wp-json\/wp\/v2\/posts\/220578\/revisions"}],"wp:featuredmedia":[{"embeddable":true,"href":"https:\/\/chacosintesis.com.ar\/index.php\/wp-json\/wp\/v2\/media\/220588"}],"wp:attachment":[{"href":"https:\/\/chacosintesis.com.ar\/index.php\/wp-json\/wp\/v2\/media?parent=220578"}],"wp:term":[{"taxonomy":"category","embeddable":true,"href":"https:\/\/chacosintesis.com.ar\/index.php\/wp-json\/wp\/v2\/categories?post=220578"},{"taxonomy":"post_tag","embeddable":true,"href":"https:\/\/chacosintesis.com.ar\/index.php\/wp-json\/wp\/v2\/tags?post=220578"}],"curies":[{"name":"wp","href":"https:\/\/api.w.org\/{rel}","templated":true}]}}