{"id":220553,"date":"2026-04-27T08:01:19","date_gmt":"2026-04-27T11:01:19","guid":{"rendered":"https:\/\/chacosintesis.com.ar\/index.php\/daniel-scioli-celebro-la-exhibicion-de-franco-colapinto-y-aseguro-que-la-f1-esta-mas-cerca-de-volver-a-la-argentina\/"},"modified":"2026-04-27T08:01:19","modified_gmt":"2026-04-27T11:01:19","slug":"daniel-scioli-celebro-la-exhibicion-de-franco-colapinto-y-aseguro-que-la-f1-esta-mas-cerca-de-volver-a-la-argentina","status":"publish","type":"post","link":"https:\/\/chacosintesis.com.ar\/index.php\/daniel-scioli-celebro-la-exhibicion-de-franco-colapinto-y-aseguro-que-la-f1-esta-mas-cerca-de-volver-a-la-argentina\/","title":{"rendered":"Daniel Scioli celebr\u00f3 la exhibici\u00f3n de Franco Colapinto y asegur\u00f3 que la F1 est\u00e1 m\u00e1s cerca de volver a la Argentina"},"content":{"rendered":"<p><\/p>\n<div>\t\t<!-- { REGION4 --> <\/p>\n<header class=\"news-headline\">\n<h2 class=\"news-headline__article-summary\">\t\t<\/h2>\n<p id=\"p-1777252805251-46335\" class=\"ignore-parser\">El funcionario destac\u00f3 el contexto econ\u00f3mico y pol\u00edtico actual como clave para atraer la categor\u00eda y afirm\u00f3 que el pa\u00eds re\u00fane condiciones para recuperar una fecha en el calendario.<\/p>\n<\/header>\n<div class=\"detail-highlighted-multimedia content-protected-false\">\n<figure class=\"detail-highlighted-multimedia__figure\">  <img fetchpriority=\"high\" decoding=\"async\" src=\"data:image\/gif;base64,R0lGODlhAQABAIAAAAAAAP\/\/\/ywAAAAAAQABAAACAUwAOw==\" fifu-lazy=\"1\" fifu-data-sizes=\"auto\" fifu-data-srcset=\"https:\/\/i2.wp.com\/chacosintesis.com.ar\/wp-content\/uploads\/2026\/04\/Daniel-Scioli-celebro-la-exhibicion-de-Franco-Colapinto-y-aseguro.jpg?ssl=1&w=75&resize=75&ssl=1 75w, https:\/\/i2.wp.com\/chacosintesis.com.ar\/wp-content\/uploads\/2026\/04\/Daniel-Scioli-celebro-la-exhibicion-de-Franco-Colapinto-y-aseguro.jpg?ssl=1&w=100&resize=100&ssl=1 100w, https:\/\/i2.wp.com\/chacosintesis.com.ar\/wp-content\/uploads\/2026\/04\/Daniel-Scioli-celebro-la-exhibicion-de-Franco-Colapinto-y-aseguro.jpg?ssl=1&w=150&resize=150&ssl=1 150w, https:\/\/i2.wp.com\/chacosintesis.com.ar\/wp-content\/uploads\/2026\/04\/Daniel-Scioli-celebro-la-exhibicion-de-Franco-Colapinto-y-aseguro.jpg?ssl=1&w=240&resize=240&ssl=1 240w, https:\/\/i2.wp.com\/chacosintesis.com.ar\/wp-content\/uploads\/2026\/04\/Daniel-Scioli-celebro-la-exhibicion-de-Franco-Colapinto-y-aseguro.jpg?ssl=1&w=320&resize=320&ssl=1 320w, https:\/\/i2.wp.com\/chacosintesis.com.ar\/wp-content\/uploads\/2026\/04\/Daniel-Scioli-celebro-la-exhibicion-de-Franco-Colapinto-y-aseguro.jpg?ssl=1&w=500&resize=500&ssl=1 500w, https:\/\/i2.wp.com\/chacosintesis.com.ar\/wp-content\/uploads\/2026\/04\/Daniel-Scioli-celebro-la-exhibicion-de-Franco-Colapinto-y-aseguro.jpg?ssl=1&w=640&resize=640&ssl=1 640w, https:\/\/i2.wp.com\/chacosintesis.com.ar\/wp-content\/uploads\/2026\/04\/Daniel-Scioli-celebro-la-exhibicion-de-Franco-Colapinto-y-aseguro.jpg?ssl=1&w=800&resize=800&ssl=1 800w, https:\/\/i2.wp.com\/chacosintesis.com.ar\/wp-content\/uploads\/2026\/04\/Daniel-Scioli-celebro-la-exhibicion-de-Franco-Colapinto-y-aseguro.jpg?ssl=1&w=1024&resize=1024&ssl=1 1024w, https:\/\/i2.wp.com\/chacosintesis.com.ar\/wp-content\/uploads\/2026\/04\/Daniel-Scioli-celebro-la-exhibicion-de-Franco-Colapinto-y-aseguro.jpg?ssl=1&w=1280&resize=1280&ssl=1 1280w, https:\/\/i2.wp.com\/chacosintesis.com.ar\/wp-content\/uploads\/2026\/04\/Daniel-Scioli-celebro-la-exhibicion-de-Franco-Colapinto-y-aseguro.jpg?ssl=1&w=1600&resize=1600&ssl=1 1600w\" fifu-data-src=\"https:\/\/i2.wp.com\/chacosintesis.com.ar\/wp-content\/uploads\/2026\/04\/Daniel-Scioli-celebro-la-exhibicion-de-Franco-Colapinto-y-aseguro.jpg?ssl=1\" class=\"detail-highlighted-multimedia__figure-img img-fluid\" alt=\"Daniel Scioli asegur\u00f3 que la F\u00f3rmula 1 est\u00e1 cerca de regresar a la Argentina.\" width=\"1422\" height=\"800\" crossorigin=\"anonymous\" fetchpriority=\"high\" decode=\"async\"\/><figcaption class=\"detail-highlighted-multimedia__figcaption\">  <\/figcaption><\/figure>\n<\/p><\/div>\n<article class=\"article-body article-body--first-paragraph content-protected-false\" data-td-script-src=\"https:\/\/www.ambito.com\/td\/modulos\/encuestas\/js\/function-embeds-min-version-1777262880.js\">\n<p id=\"p-1777254448002-49635\">El secretario de Turismo, Ambiente y Deportes, <strong><a href=\"https:\/\/www.ambito.com\/politica\/daniel-scioli-lanzo-su-yerba-pichichi-el-juego-humor-futbolero-y-un-particular-eslogan-n6215928\" target=\"_blank\" rel=\"follow\">Daniel Scioli<\/a><\/strong>, celebr\u00f3 la <a href=\"https:\/\/www.ambito.com\/deportes\/franco-colapinto-deslumbra-al-publico-argentino-una-exhibicion-pura-velocidad-n6270995\" target=\"_blank\" rel=\"follow\"> exhibici\u00f3n de Franco Colapinto en Palermo<\/a> y asegur\u00f3 que la <strong><a href=\"https:\/\/www.ambito.com\/economia\/cuanto-sale-un-simulador-formula-1-precios-y-alternativas-correr-como-colapinto-n6268964\" target=\"_blank\" rel=\"follow\">F\u00f3rmula 1<\/a> est\u00e1 m\u00e1s cerca de regresar a la Argentina<\/strong>, al considerar que el pa\u00eds atraviesa un momento favorable. <\/p>\n<\/article>\n<section class=\"suscription-false printed-edition\" style=\"display:none\">\n<p> El contenido al que quiere acceder es exclusivo para suscriptores.<\/p>\n<p>  <span> <button type=\"button\" name=\"button\" class=\"subscribe-btn mercadopago-btn\">suscribirse<\/button><\/span>  <span class=\"btns\"><button type=\"button\" name=\"button\" class=\"subscribe-btn reload-login\"> ya estoy suscripto<\/button><\/span>  <\/p>\n<\/section>\n<article class=\"article-body article-body--second-paragraph content-protected-false\">\n<p id=\"p-1777254448002-87522\">A trav\u00e9s de sus redes sociales, Scioli vincul\u00f3 directamente el evento con el objetivo de recuperar una fecha en el calendario internacional. \u201cFranco Colapinto se lanz\u00f3 con esta hist\u00f3rica exhibici\u00f3n con el gran objetivo de que la F\u00f3rmula 1 vuelva a la Argentina\u201d, afirm\u00f3.<\/p>\n<\/article>\n<section class=\"related-news\">\n<div class=\"row row--eq-height\">\n<div class=\"col-12 col-md-6\">\n<article class=\"news-article news-article--landscape-news news-article--landscape-news\">\n<figure class=\"news-article__figure figure\">\t\t<a href=\"https:\/\/www.ambito.com\/deportes\/mundial-2026-youtube-cuales-son-los-partidos-que-se-transmitiran-gratis-n6270630\" target=\"\" title=\"\u00e1mbito.com | Mundial 2026 por Youtube: cu\u00e1les son los partidos que se transmitir\u00e1n gratis\" alt=\"\u00e1mbito.com | Mundial 2026 por Youtube: cu\u00e1les son los partidos que se transmitir\u00e1n gratis\" rel=\"noindex nofollow noreferrer\"><br \/>\n\t\t\t\t\t\t\t\t\t\t\t<img loading=\"lazy\" loading=\"lazy\" decoding=\"async\" src=\"data:image\/gif;base64,R0lGODlhAQABAIAAAAAAAP\/\/\/ywAAAAAAQABAAACAUwAOw==\" fifu-lazy=\"1\" fifu-data-sizes=\"auto\" fifu-data-srcset=\"https:\/\/i2.wp.com\/chacosintesis.com.ar\/wp-content\/uploads\/2026\/04\/1777244756_976_Con-gol-de-Enzo-Fernandez-Chelsea-vencio-al-Leeds-y.jpg?ssl=1&w=75&resize=75&ssl=1 75w, https:\/\/i2.wp.com\/chacosintesis.com.ar\/wp-content\/uploads\/2026\/04\/1777244756_976_Con-gol-de-Enzo-Fernandez-Chelsea-vencio-al-Leeds-y.jpg?ssl=1&w=100&resize=100&ssl=1 100w, https:\/\/i2.wp.com\/chacosintesis.com.ar\/wp-content\/uploads\/2026\/04\/1777244756_976_Con-gol-de-Enzo-Fernandez-Chelsea-vencio-al-Leeds-y.jpg?ssl=1&w=150&resize=150&ssl=1 150w, https:\/\/i2.wp.com\/chacosintesis.com.ar\/wp-content\/uploads\/2026\/04\/1777244756_976_Con-gol-de-Enzo-Fernandez-Chelsea-vencio-al-Leeds-y.jpg?ssl=1&w=240&resize=240&ssl=1 240w, https:\/\/i2.wp.com\/chacosintesis.com.ar\/wp-content\/uploads\/2026\/04\/1777244756_976_Con-gol-de-Enzo-Fernandez-Chelsea-vencio-al-Leeds-y.jpg?ssl=1&w=320&resize=320&ssl=1 320w, https:\/\/i2.wp.com\/chacosintesis.com.ar\/wp-content\/uploads\/2026\/04\/1777244756_976_Con-gol-de-Enzo-Fernandez-Chelsea-vencio-al-Leeds-y.jpg?ssl=1&w=500&resize=500&ssl=1 500w, https:\/\/i2.wp.com\/chacosintesis.com.ar\/wp-content\/uploads\/2026\/04\/1777244756_976_Con-gol-de-Enzo-Fernandez-Chelsea-vencio-al-Leeds-y.jpg?ssl=1&w=640&resize=640&ssl=1 640w, https:\/\/i2.wp.com\/chacosintesis.com.ar\/wp-content\/uploads\/2026\/04\/1777244756_976_Con-gol-de-Enzo-Fernandez-Chelsea-vencio-al-Leeds-y.jpg?ssl=1&w=800&resize=800&ssl=1 800w, https:\/\/i2.wp.com\/chacosintesis.com.ar\/wp-content\/uploads\/2026\/04\/1777244756_976_Con-gol-de-Enzo-Fernandez-Chelsea-vencio-al-Leeds-y.jpg?ssl=1&w=1024&resize=1024&ssl=1 1024w, https:\/\/i2.wp.com\/chacosintesis.com.ar\/wp-content\/uploads\/2026\/04\/1777244756_976_Con-gol-de-Enzo-Fernandez-Chelsea-vencio-al-Leeds-y.jpg?ssl=1&w=1280&resize=1280&ssl=1 1280w, https:\/\/i2.wp.com\/chacosintesis.com.ar\/wp-content\/uploads\/2026\/04\/1777244756_976_Con-gol-de-Enzo-Fernandez-Chelsea-vencio-al-Leeds-y.jpg?ssl=1&w=1600&resize=1600&ssl=1 1600w\" fifu-data-src=\"https:\/\/i2.wp.com\/chacosintesis.com.ar\/wp-content\/uploads\/2026\/04\/1777244756_976_Con-gol-de-Enzo-Fernandez-Chelsea-vencio-al-Leeds-y.jpg?ssl=1\" alt=\"La FIFA y la plataforma digital cerraron un acuerdo que favorecer\u00e1 al p\u00fablico en todo el mundo.\" title=\"La FIFA y la plataforma digital cerraron un acuerdo que favorecer\u00e1 al p\u00fablico en todo el mundo.\" width=\"93\" height=\"52\" class=\"news-article__figure-img figure-img img-fluid\"\/>  <span class=\"news-article__media-badge news-article__media-badge--video\"\/><\/a>\t\t<\/figure>\n<\/article><\/div>\n<\/div>\n<\/section>\n<article class=\"article-body article-body--third-paragraph content-protected-false\">\n<p id=\"p-1777254448002-49078\">En ese marco, el funcionario remarc\u00f3 que el pa\u00eds cuenta hoy con condiciones que podr\u00edan facilitar una inversi\u00f3n de este tipo, al mencionar <strong>\u201cestabilidad y seguridad, conectividad a\u00e9rea y un marco de pol\u00edticas\u201d<\/strong> que, seg\u00fan sostuvo, promueven la llegada de capitales bajo la gesti\u00f3n de <strong>Javier Milei<\/strong>.<\/p>\n<\/article>\n<article class=\"article-body article-body--fourth-paragraph content-protected-false\">\n<p id=\"p-1777254448002-38535\">Scioli tambi\u00e9n record\u00f3 que las gestiones para el regreso de la categor\u00eda comenzaron hace dos a\u00f1os, durante el <strong>Gran Premio de S\u00e3o Paulo 2024<\/strong>, cuando mantuvo un encuentro con el CEO de la F\u00f3rmula 1, <strong>Stefano Domenicali<\/strong>, y el propio Colapinto.<\/p>\n<\/article>\n<article class=\"article-body article-body--fifth-paragraph content-protected-false\">\n<p id=\"p-1777254448002-73431\">\u201cCelebro que estemos cada vez m\u00e1s cerca de que esto se concrete en el aut\u00f3dromo <strong>Oscar<\/strong> <strong>y<\/strong> <strong>Juan G\u00e1lvez<\/strong> de la Ciudad de Buenos Aires\u201d, expres\u00f3, en referencia al posible escenario de la competencia.<\/p>\n<\/article>\n<article class=\"article-body article-body--remaining-paragraph content-protected-false\">\n<div contenteditable=\"false\" class=\"embed_cont type_freetext\" rel=\"freetext\" id=\"embed7566_wrap\" data-provider=\"Twitter\">\n<p>Embed &#8211; https:\/\/publish.x.com\/oembed?url=https:\/\/x.com\/danielscioli\/status\/2048440093174624615?ref_src=twsrc%5Etfw%7Ctwcamp%5Etweetembed%7Ctwterm%5E2048440093174624615%7Ctwgr%5E7b4dea6852505acd40748984bc0f1768710acd4d%7Ctwcon%5Es1_c10&amp;ref_url=https%3A%2F%2Falpha-app.tadevel-cdn.com%2Fhostname%2Fnoticiasargentinas.com%2Fapi%2Fv1%2Fsandbox%2FPGJsb2NrcXVvdGUgY2xhc3M9InR3aXR0ZXItdHdlZXQiPjxwIGxhbmc9ImVzIiBkaXI9Imx0ciI2BRnJhbmNvIENvbGFwaW50byBzZSBsYW56w7MgY29uIGVzdGEgaGlzdMOzcmljYSBleGhpYmljacOzbiwgY29uIGVsIGdyYW4gb2JqZXRpdm8gZGUgcXVlIGxhIEbDs3JtdWxhIDEgdnVlbHZhIGEgbGEgQXJnZW50aW5hLiBIb3kgc2UgZGFuIHRvZGFzIGxhcyBjb25kaWNpb25lcyBuZWNlc2FyaWFzOiBlc3RhYmlsaWRhZCB5IHNlZ3VyaWRhZCwgY29uZWN0aXZpZGFkIGHDqXJlYSB5IHVuIG1hcmNvIGRlIHBvbMOtdGljYXMgcXVlLCBiYWpvIGVsIGxpZGVyYXpnbyBkZWwgcHJlc2lkZW50ZSA8YSBocmVmPSJodHRwczovL3R3aXR0ZXIuY29tL0pNaWxlaT9yZWZfc3JjPXR3c3JjJTVFdGZ3Ij5Aak1pbGVpPC9hPizigKYgPGEgaHJlZj0iaHR0cHM6Ly90LmNvL1A3Z2d4d09LdUgiPnBpYy50d2l0dGVyLmNvbS9QN2dneHdPS3VIPC9hPjwvcD4mbWRhc2g7IERhbmllbCBTY2lvbGkg8J2BHpvCfh7cgKEBkYW5pZWxzY2lvbGkpIDxhIGhyZWY9Imh0dHBzOi8vdHdpdHRlci5jb20vZGFuaWVsc2Npb2xpL3N0YXR1cy8yMDQ4NDQwMDkzMTc0NjI0NjE1P3JlZl9zcmM9dHdzcmMlNUV0ZnciPkFwcmlsIDI2LCAyMDI2PC9hPjwvYmxvY2txdW90ZT4KPHNjcmlwdCBhc3luYyBzcmM9Imh0dHBzOi8vcGxhdGZvcm0udHdpdHRlci5jb20vd2lkZ2V0cy5qcyIgY2hhcnNldD0idXRmLTgiPjwvc2NyaXB0PgoK%3Fv%3D0a21ed55d806920847ee248f6fc7f1bds%3D93cc9853ef9570dbc54b3bd574c93384&amp;partner=&amp;hide_thread=false<span onclick=\"parent.parent.TinyMCETdcuerpo.preview_embed('embed7566')\" class=\"embed_colapse less\" id=\"embed7566_colapse\"\/><span onclick=\"parent.parent.TinyMCETdcuerpo.delete_embed('embed7566')\" class=\"embed_delete less\" id=\"embed7566_delete\"\/><\/p>\n<div id=\"embed7566_content\" class=\"embed_content\">\n<div id=\"embed7566_embed\">\n<blockquote data-td-script-src=\"https:\/\/platform.twitter.com\/widgets.js\" class=\"twitter-tweet\">\n<p dir=\"ltr\" lang=\"es\"> Franco Colapinto se lanz\u00f3 con esta hist\u00f3rica exhibici\u00f3n, con el gran objetivo de que la F\u00f3rmula 1 vuelva a la Argentina. Hoy se dan todas las condiciones necesarias: estabilidad y seguridad, conectividad a\u00e9rea y un marco de pol\u00edticas que, bajo el liderazgo del presidente <a href=\"https:\/\/twitter.com\/JMilei?ref_src=twsrc%5Etfw\">@jMilei<\/a>,\u2026 <a href=\"https:\/\/t.co\/P7ggxwOKuH\">pic.twitter.com\/P7ggxwOKuH<\/a><\/p>\n<p> \u2014 Daniel Scioli (@danielscioli) <a href=\"https:\/\/twitter.com\/danielscioli\/status\/2048440093174624615?ref_src=twsrc%5Etfw\">April 26, 2026<\/a><\/p><\/blockquote>\n<\/div><\/div>\n<\/p><\/div>\n<p id=\"p-1777254448002-78439\">El funcionario sostuvo adem\u00e1s que el retorno de la m\u00e1xima categor\u00eda, ausente desde 1998, podr\u00eda generar un <strong>\u201cenorme impacto tur\u00edstico, deportivo y econ\u00f3mico\u201d<\/strong>, y posicionar nuevamente a Buenos Aires en el mapa del deporte internacional.<\/p>\n<p id=\"p-1777254448002-79368\">En esa l\u00ednea, destac\u00f3 que el proyecto se apoya en un modelo que busca impulsar la <strong>participaci\u00f3n del sector privado<\/strong>, como eje para financiar eventos de gran escala.<\/p>\n<h2 id=\"p-1777233839170-17133\">Franco Colapinto deslumbr\u00f3 al p\u00fablico argentino con una exhibici\u00f3n a pura velocidad<\/h2>\n<p id=\"p-1777231894883-36626\" data-start=\"324\" data-end=\"639\"><strong>Franco<\/strong> <strong>Colapinto<\/strong> transform\u00f3 una exhibici\u00f3n automovil\u00edstica en una fiesta. En su primera salida en<strong> Argentina<\/strong> con el <strong>Lotus E20<\/strong>, deslumbr\u00f3 con velocidad y mucho carisma en una jornada con clima de acontecimiento y un dato clave: <strong>tras 14 a\u00f1os, un F\u00f3rmula 1 volvi\u00f3 a girar en las calles de Buenos Aires.<\/strong><\/p>\n<p id=\"p-1777233875611-99054\" data-start=\"324\" data-end=\"639\">El piloto de 22 a\u00f1os protagoniz\u00f3 tres salidas a pista de alrededor de 20 minutos cada una: abri\u00f3 su participaci\u00f3n cerca del mediod\u00eda con el Lotus E20, m\u00e1s tarde se subi\u00f3 a la ic\u00f3nica r\u00e9plica de la Flecha de Plata de Juan Manuel Fangio (con casco alusivo incluido) y cerr\u00f3 nuevamente con el monoplaza de 2012.<\/p>\n<p id=\"p-1777231857442-11314\" data-start=\"0\" data-end=\"233\" data-is-last-node=\"\" data-is-only-node=\"\">La jornada confirm\u00f3 que Colapinto ya trasciende el automovilismo: cada aparici\u00f3n fue celebrada y alimenta una narrativa en crecimiento, donde no s\u00f3lo genera expectativas deportivas, sino tambi\u00e9n una conexi\u00f3n emocional con el p\u00fablico.<\/p>\n<p id=\"p-1777231838151-76698\" data-start=\"2172\" data-end=\"2478\" data-is-last-node=\"\" data-is-only-node=\"\">Tras un d\u00eda para el recuerdo, el foco vuelve r\u00e1pidamente a la competencia: la pr\u00f3xima semana, Colapinto afrontar\u00e1 el Gran Premio de Miami por el campeonato oficial de F\u00f3rmula 1, con una imagen ya consolidada que excede los resultados y lo posiciona como uno de los grandes fen\u00f3menos deportivos del momento.<\/p>\n<\/article>\n<p>\t\t\t\t<!-- REGION4 } -->\n\t\t\t\t\t\t<\/div>\n<p><script>\n!function(f,b,e,v,n,t,s)\n{if(f.fbq)return;n=f.fbq=function(){n.callMethod?\nn.callMethod.apply(n,arguments):n.queue.push(arguments)};\nif(!f._fbq)f._fbq=n;n.push=n;n.loaded=!0;n.version='2.0';\nn.queue=[];t=b.createElement(e);t.async=!0;\nt.src=v;s=b.getElementsByTagName(e)[0];\ns.parentNode.insertBefore(t,s)}(window,document,'script',\n'https:\/\/connect.facebook.net\/en_US\/fbevents.js');\nfbq('init', '2047048335588113');\nfbq('track', 'PageView');\n<\/script><\/p>\n<p>Ambito.-<\/p>\n","protected":false},"excerpt":{"rendered":"<p>El funcionario destac\u00f3 el contexto econ\u00f3mico y pol\u00edtico actual como clave para atraer la categor\u00eda y afirm\u00f3 que el pa\u00eds re\u00fane condiciones para recuperar una fecha en el calendario. El secretario de Turismo, Ambiente y Deportes, Daniel Scioli, celebr\u00f3 la exhibici\u00f3n de Franco Colapinto en Palermo y asegur\u00f3 que la F\u00f3rmula 1 est\u00e1 m\u00e1s cerca [&hellip;]<\/p>\n","protected":false},"author":1,"featured_media":220575,"comment_status":"closed","ping_status":"","sticky":false,"template":"","format":"standard","meta":{"footnotes":""},"categories":[7],"tags":[],"class_list":{"0":"post-220553","1":"post","2":"type-post","3":"status-publish","4":"format-standard","5":"has-post-thumbnail","7":"category-deportes"},"_links":{"self":[{"href":"https:\/\/chacosintesis.com.ar\/index.php\/wp-json\/wp\/v2\/posts\/220553","targetHints":{"allow":["GET"]}}],"collection":[{"href":"https:\/\/chacosintesis.com.ar\/index.php\/wp-json\/wp\/v2\/posts"}],"about":[{"href":"https:\/\/chacosintesis.com.ar\/index.php\/wp-json\/wp\/v2\/types\/post"}],"author":[{"embeddable":true,"href":"https:\/\/chacosintesis.com.ar\/index.php\/wp-json\/wp\/v2\/users\/1"}],"replies":[{"embeddable":true,"href":"https:\/\/chacosintesis.com.ar\/index.php\/wp-json\/wp\/v2\/comments?post=220553"}],"version-history":[{"count":0,"href":"https:\/\/chacosintesis.com.ar\/index.php\/wp-json\/wp\/v2\/posts\/220553\/revisions"}],"wp:featuredmedia":[{"embeddable":true,"href":"https:\/\/chacosintesis.com.ar\/index.php\/wp-json\/wp\/v2\/media\/220575"}],"wp:attachment":[{"href":"https:\/\/chacosintesis.com.ar\/index.php\/wp-json\/wp\/v2\/media?parent=220553"}],"wp:term":[{"taxonomy":"category","embeddable":true,"href":"https:\/\/chacosintesis.com.ar\/index.php\/wp-json\/wp\/v2\/categories?post=220553"},{"taxonomy":"post_tag","embeddable":true,"href":"https:\/\/chacosintesis.com.ar\/index.php\/wp-json\/wp\/v2\/tags?post=220553"}],"curies":[{"name":"wp","href":"https:\/\/api.w.org\/{rel}","templated":true}]}}