{"id":220551,"date":"2026-04-27T08:01:18","date_gmt":"2026-04-27T11:01:18","guid":{"rendered":"https:\/\/chacosintesis.com.ar\/index.php\/todos-los-ganadores-de-los-premios-martin-fierro-de-la-moda_a69ee8e097825f8815345eb87\/"},"modified":"2026-04-27T08:01:18","modified_gmt":"2026-04-27T11:01:18","slug":"todos-los-ganadores-de-los-premios-martin-fierro-de-la-moda_a69ee8e097825f8815345eb87","status":"publish","type":"post","link":"https:\/\/chacosintesis.com.ar\/index.php\/todos-los-ganadores-de-los-premios-martin-fierro-de-la-moda_a69ee8e097825f8815345eb87\/","title":{"rendered":"Fotos, nominados y ganadores de los premios Mart\u00edn Fierro de la Moda 2026"},"content":{"rendered":"<p><\/p>\n<div itemprop=\"articleBody\">\n<p><a href=\"\/\"><strong>Buenos Aires, 26 abril (NA)<\/strong><\/a> &#8212; Los premios Mart\u00edn Fierro de la Moda se llevan a cabo este domingo, la ceremonia ser\u00e1 conducida por <strong>Iv\u00e1n de Pineda<\/strong> y <strong>Valeria Mazza<\/strong>, y brindar\u00e1 galardones a las figuras y programas que se destacaron durante 2025.<\/p>\n<figure class=\"multimedia\" data-tadevel-template=\"web\/multimedia\" data-type=\"photo\">\n<div class=\"content\">\n<div class=\"sizer\" data-sizer=\"aspect-ratio\" data-tadevel-template=\"web\/aspect-ratio\" style=\"--aspect-ratio:150%;\"><picture data-tadevel-template=\"web\/picture\"><\/source><\/picture><\/div>\n<\/div>\n<\/figure>\n<p>La gala fue organizada por la <strong>Asociaci\u00f3n de Periodistas de la Televisi\u00f3n y la Radiofon\u00eda Argentina (APTRA)<\/strong> y cuenta con la participaci\u00f3n de invitados especiales, como referentes del estilo y destacadas figuras del espect\u00e1culo.<\/p>\n<p>La asociaci\u00f3n premia a los nominados de 13 de las 19 ternas y la celebraci\u00f3n dio inicio unos minutos pasadas las 22 horas, luego de la ya tradicional Alfombra Roja por la que desfilaron los famosos. <a href=\"\/-agenciana_t6916e70a4551e78eb9423f59\">#AgenciaNA<\/a>\u00a0<\/p>\n<p><tadevel-ad  class=\"block-4d\" slot-id=\"article-inline-01\"\/><\/p>\n<figure class=\"multimedia\" data-tadevel-template=\"web\/multimedia\" data-type=\"photo\">\n<div class=\"content\">\n<div class=\"sizer\" data-sizer=\"aspect-ratio\" data-tadevel-template=\"web\/aspect-ratio\" style=\"--aspect-ratio:150%;\"><picture data-tadevel-template=\"web\/picture\"><\/source><\/picture><\/div>\n<\/div>\n<\/figure>\n<h2>Todos los nominados y GANADORAES de los Premios Mart\u00edn Fierro de la Moda 2026<\/h2>\n<figure class=\"multimedia\" data-tadevel-template=\"web\/multimedia\" data-type=\"photo\">\n<div class=\"content\">\n<div class=\"sizer\" data-sizer=\"aspect-ratio\" data-tadevel-template=\"web\/aspect-ratio\" style=\"--aspect-ratio:66.66666666666667%;\"><picture data-tadevel-template=\"web\/picture\"><\/source><\/picture><\/div>\n<\/div>\n<\/figure>\n<h3>Mejor Influencer De Moda<\/h3>\n<figure class=\"multimedia\" data-tadevel-template=\"web\/multimedia\" data-type=\"photo\">\n<div class=\"content\">\n<div class=\"sizer\" data-sizer=\"aspect-ratio\" data-tadevel-template=\"web\/aspect-ratio\" style=\"--aspect-ratio:150%;\"><picture data-tadevel-template=\"web\/picture\"><\/source><\/picture><\/div>\n<\/div>\n<\/figure>\n<p><tadevel-ad  class=\"block-4d\" slot-id=\"article-inline-02\"\/><\/p>\n<p><mark><strong>Zaira Nara GANADORA<\/strong><\/mark><\/p>\n<p>Stephanie Demner<\/p>\n<p>Zuzu Codeu\u00a0<\/p>\n<h3>Mejor Estilo Femenino En Streaming<\/h3>\n<figure class=\"multimedia\" data-tadevel-template=\"web\/multimedia\" data-type=\"photo\">\n<div class=\"content\">\n<div class=\"sizer\" data-sizer=\"aspect-ratio\" data-tadevel-template=\"web\/aspect-ratio\" style=\"--aspect-ratio:150%;\"><picture data-tadevel-template=\"web\/picture\"><\/source><\/picture><\/div>\n<\/div>\n<\/figure>\n<p>Momi Giardina (Telefe &#8211; Luzu)<\/p>\n<p><mark><strong>Evelyn Botto (Olga) GANADORA<\/strong><\/mark><\/p>\n<p>Flor Jazm\u00edn Pe\u00f1a (Luzu)<\/p>\n<p>Nati Jota (Telefe &#8211; Olga)\u00a0<\/p>\n<h3>Mejor Estilo Masculino En Streaming\u00a0<\/h3>\n<p>Santi Talledo (Telefe &#8211; Luzu)<\/p>\n<p>Grego Rossello (Telefe)<\/p>\n<p><mark><strong>Fer Dente (Olga) GANADOR<\/strong><\/mark><\/p>\n<p>Nacho Elizalde (Olga)<\/p>\n<h3>Mejor Estilo En Redes<\/h3>\n<figure class=\"multimedia\" data-tadevel-template=\"web\/multimedia\" data-type=\"photo\">\n<div class=\"content\">\n<div class=\"sizer\" data-sizer=\"aspect-ratio\" data-tadevel-template=\"web\/aspect-ratio\" style=\"--aspect-ratio:150%;\"><picture data-tadevel-template=\"web\/picture\"><\/source><\/picture><\/div>\n<\/div>\n<\/figure>\n<p><mark><strong>Carolina Pampita Ardohain GANADARA<\/strong><\/mark><\/p>\n<p><tadevel-ad  class=\"block-4d\" slot-id=\"article-inline-03\"\/><\/p>\n<p>Valentina Zenere<\/p>\n<p>Martita Fort<\/p>\n<p>Tefi Russo<\/p>\n<h3>Mejor Estilo En Conducci\u00f3n Femenina En Programa Diario<\/h3>\n<p><mark><strong>Ver\u00f3nica Lozano (Cort\u00e1 Por Lozano) GANADORA<\/strong><\/mark><\/p>\n<p>Yanina Latorre (SQO)<\/p>\n<p>Mariana Fabbiani (DDM)<\/p>\n<p>Flor De La V (Los Profesionales)<\/p>\n<h3>Mejor Estilo En Conducci\u00f3n Femenina En Programa Semanal<\/h3>\n<figure class=\"multimedia\" data-tadevel-template=\"web\/multimedia\" data-type=\"photo\">\n<div class=\"content\">\n<div class=\"sizer\" data-sizer=\"aspect-ratio\" data-tadevel-template=\"web\/aspect-ratio\" style=\"--aspect-ratio:150%;\"><picture data-tadevel-template=\"web\/picture\"><\/source><\/picture><\/div>\n<\/div>\n<\/figure>\n<p>Mirtha Legrand (La Noche De Mirtha)<\/p>\n<p><mark><strong>Juana Viale (Almorzando Con Juana) GANADORA<\/strong><\/mark><\/p>\n<p>Tet\u00e9 Coustarot (Argentina De Pel\u00edcula)<\/p>\n<p>Josefina China Ansa (Lado V)<\/p>\n<h3>Mejor Estilo En Conducci\u00f3n Masculina<\/h3>\n<p>Mario Pergolini (Otro Dia Perdido)<\/p>\n<p>Ivan De Pineda (Pasapalabra)<\/p>\n<p>H\u00e9ctor Maugeri (+Caras)<\/p>\n<p>\u00c1ngel De Brito (LAM)<\/p>\n<p>Mariano I\u00fadica (Pol\u00e9mica En El Bar)<\/p>\n<h3>Mejor Estilo Panelista Femenina<\/h3>\n<figure class=\"multimedia\" data-tadevel-template=\"web\/multimedia\" data-type=\"photo\">\n<div class=\"content\">\n<div class=\"sizer\" data-sizer=\"aspect-ratio\" data-tadevel-template=\"web\/aspect-ratio\" style=\"--aspect-ratio:66.66666666666667%;\"><picture data-tadevel-template=\"web\/picture\"><\/source><\/picture><\/div>\n<\/div>\n<\/figure>\n<p><tadevel-ad  class=\"block-4d\" slot-id=\"article-inline-04\"\/><\/p>\n<p><mark><strong>Sol P\u00e9rez (Gran Hermano) GANADORA<\/strong><\/mark><\/p>\n<p>Carolina Molinari (Puro Show)<\/p>\n<p>Anal\u00eda Franch\u00edn (A La Barbarossa)<\/p>\n<h3>Mejor Estilo Panelista Masculino<\/h3>\n<p>Hern\u00e1n Drago (Los 8 Escalones)<\/p>\n<p>Fabi\u00e1n Paz (DDM)<\/p>\n<p><mark><strong>Lizardo Ponce (SQP)<\/strong><\/mark><\/p>\n<p>Gast\u00f3n Trezeguet (GH)<\/p>\n<h3>Actriz Con Mejor Estilo En Ficci\u00f3n<\/h3>\n<p>Griselda Siciliani (Envidiosa)<\/p>\n<p>M\u00f3nica Anton\u00f3pulos (Menem)<\/p>\n<p><mark><strong>Julieta Zylberberg (Yiya) GANADORA<\/strong><\/mark><\/p>\n<p>B\u00e1rbara Lombardo (Envidiosa)<\/p>\n<h3>Actor Con Mejor Estilo En Ficci\u00f3n<\/h3>\n<figure class=\"multimedia\" data-tadevel-template=\"web\/multimedia\" data-type=\"photo\">\n<div class=\"content\">\n<div class=\"sizer\" data-sizer=\"aspect-ratio\" data-tadevel-template=\"web\/aspect-ratio\" style=\"--aspect-ratio:150%;\"><picture data-tadevel-template=\"web\/picture\"><\/source><\/picture><\/div>\n<\/div>\n<\/figure>\n<p><mark><strong>Benjam\u00edn Vicu\u00f1a (Coraz\u00f3n Delator) GANADOR<\/strong><\/mark><\/p>\n<p>Franco Masini (El Retorno)<\/p>\n<p>Leonardo Sbaraglia (Menem)\u00a0<\/p>\n<h3>Mejor Estilo Femenino En Big Show<\/h3>\n<p>Lali Esp\u00f3sito (La Voz Argentina)<\/p>\n<p><mark><strong>Sof\u00eda Gonet (Masterchef Celebrity GANADORA<\/strong><\/mark><\/p>\n<p>)Wanda Nara (Masterchef Celebrity)<\/p>\n<p><tadevel-ad  class=\"block-4d\" slot-id=\"article-inline-05\"\/><\/p>\n<p>Carolina Pampita Ardohain (Los 8 Escalones)\u00a0<\/p>\n<h3>Mejor Estilo Masculino En Big Show<\/h3>\n<figure class=\"multimedia\" data-tadevel-template=\"web\/multimedia\" data-type=\"photo\">\n<div class=\"content\">\n<div class=\"sizer\" data-sizer=\"aspect-ratio\" data-tadevel-template=\"web\/aspect-ratio\" style=\"--aspect-ratio:150%;\"><picture data-tadevel-template=\"web\/picture\"><\/source><\/picture><\/div>\n<\/div>\n<\/figure>\n<p>Ale Sergi (La Voz Argentina)<\/p>\n<p><mark><strong>Nico Occhiato (La Voz Argentina) GANADOR<\/strong><\/mark><\/p>\n<p>Luck Ra (La Voz Argentina)<br \/>\u00a0<\/p>\n<h3>Mejor Dise\u00f1ador\/a Moda Femenina<\/h3>\n<p>Javier Saiach<\/p>\n<p>Evangelina Bomparola<\/p>\n<p>Marcelo Senra<\/p>\n<p>Juan Hern\u00e1ndez Daels<\/p>\n<h3>Mejor Dise\u00f1ador Moda Masculina<\/h3>\n<p>Mat\u00edas Carbone<\/p>\n<p><mark><strong>Nicol\u00e1s Zaffora GANADOR<\/strong><\/mark><\/p>\n<p>Sebasti\u00e1n Raimondi<\/p>\n<h3>Mejor Maquillador\/a<\/h3>\n<p>Mabby Autino<\/p>\n<p>Vero Luna<\/p>\n<p><mark><strong>Gervasio Larrivey GANADOR<\/strong><\/mark><\/p>\n<h3>Mejor Peluquero_IP_<\/h3>\n<p><mark><strong>Max Jara GANADOR<\/strong><\/mark><\/p>\n<p>Mauro Max De Brito<\/p>\n<p>Facu D\u00edaz (Niche Studio)<\/p>\n<p>Cristian Rey<\/p>\n<h3>Mejor Estilista<\/h3>\n<p><mark><strong>Mariana Garc\u00eda Navarro &#8211; Nacho Garc\u00eda Rocha GANADORES<\/strong><\/mark><\/p>\n<p>Romina Giangreco<\/p>\n<p>Celina Lattanzio (Negra Negra)<\/p>\n<h3>Nuevo Talento De La Moda<\/h3>\n<p style=\"--ipspy: __IP__;color: __IP__;text-decoration: __IP__;\" alt=\"__IP__\" data-ipspy=\"__IP__\" title=\"__IP__\"><mark><strong>Valentina Schuchner GANADORA<\/strong><\/mark><span style=\"opacity: 0;\" data-nosnippet=\"\">__IP__<\/span><\/p>\n<p><tadevel-ad  class=\"block-4d\" slot-id=\"article-inline-06\"\/><\/p>\n<p>Luz Ballesteros<\/p>\n<p>Anushka Elliot<\/p>\n<\/div>\n<p><img decoding=\"async\" src=\"data:image\/gif;base64,R0lGODlhAQABAIAAAAAAAP\/\/\/ywAAAAAAQABAAACAUwAOw==\" fifu-lazy=\"1\" fifu-data-sizes=\"auto\" fifu-data-srcset=\"https:\/\/i2.wp.com\/chacosintesis.com.ar\/wp-content\/uploads\/2026\/04\/Fotos-nominados-y-ganadores-de-los-premios-Martin-Fierro-de.jpeg?ssl=1&w=75&resize=75&ssl=1 75w, https:\/\/i2.wp.com\/chacosintesis.com.ar\/wp-content\/uploads\/2026\/04\/Fotos-nominados-y-ganadores-de-los-premios-Martin-Fierro-de.jpeg?ssl=1&w=100&resize=100&ssl=1 100w, https:\/\/i2.wp.com\/chacosintesis.com.ar\/wp-content\/uploads\/2026\/04\/Fotos-nominados-y-ganadores-de-los-premios-Martin-Fierro-de.jpeg?ssl=1&w=150&resize=150&ssl=1 150w, https:\/\/i2.wp.com\/chacosintesis.com.ar\/wp-content\/uploads\/2026\/04\/Fotos-nominados-y-ganadores-de-los-premios-Martin-Fierro-de.jpeg?ssl=1&w=240&resize=240&ssl=1 240w, https:\/\/i2.wp.com\/chacosintesis.com.ar\/wp-content\/uploads\/2026\/04\/Fotos-nominados-y-ganadores-de-los-premios-Martin-Fierro-de.jpeg?ssl=1&w=320&resize=320&ssl=1 320w, https:\/\/i2.wp.com\/chacosintesis.com.ar\/wp-content\/uploads\/2026\/04\/Fotos-nominados-y-ganadores-de-los-premios-Martin-Fierro-de.jpeg?ssl=1&w=500&resize=500&ssl=1 500w, https:\/\/i2.wp.com\/chacosintesis.com.ar\/wp-content\/uploads\/2026\/04\/Fotos-nominados-y-ganadores-de-los-premios-Martin-Fierro-de.jpeg?ssl=1&w=640&resize=640&ssl=1 640w, https:\/\/i2.wp.com\/chacosintesis.com.ar\/wp-content\/uploads\/2026\/04\/Fotos-nominados-y-ganadores-de-los-premios-Martin-Fierro-de.jpeg?ssl=1&w=800&resize=800&ssl=1 800w, https:\/\/i2.wp.com\/chacosintesis.com.ar\/wp-content\/uploads\/2026\/04\/Fotos-nominados-y-ganadores-de-los-premios-Martin-Fierro-de.jpeg?ssl=1&w=1024&resize=1024&ssl=1 1024w, https:\/\/i2.wp.com\/chacosintesis.com.ar\/wp-content\/uploads\/2026\/04\/Fotos-nominados-y-ganadores-de-los-premios-Martin-Fierro-de.jpeg?ssl=1&w=1280&resize=1280&ssl=1 1280w, https:\/\/i2.wp.com\/chacosintesis.com.ar\/wp-content\/uploads\/2026\/04\/Fotos-nominados-y-ganadores-de-los-premios-Martin-Fierro-de.jpeg?ssl=1&w=1600&resize=1600&ssl=1 1600w\" fifu-data-src=\"https:\/\/i2.wp.com\/chacosintesis.com.ar\/wp-content\/uploads\/2026\/04\/Fotos-nominados-y-ganadores-de-los-premios-Martin-Fierro-de.jpeg?ssl=1\"><\/p>\n<p>Noticias Argentinas<\/p>\n","protected":false},"excerpt":{"rendered":"<p>Buenos Aires, 26 abril (NA) &#8212; Los premios Mart\u00edn Fierro de la Moda se llevan a cabo este domingo, la ceremonia ser\u00e1 conducida por Iv\u00e1n de Pineda y Valeria Mazza, y brindar\u00e1 galardones a las figuras y programas que se destacaron durante 2025. La gala fue organizada por la Asociaci\u00f3n de Periodistas de la Televisi\u00f3n [&hellip;]<\/p>\n","protected":false},"author":1,"featured_media":220577,"comment_status":"closed","ping_status":"","sticky":false,"template":"","format":"standard","meta":{"footnotes":""},"categories":[188],"tags":[],"class_list":{"0":"post-220551","1":"post","2":"type-post","3":"status-publish","4":"format-standard","5":"has-post-thumbnail","7":"category-farandula"},"_links":{"self":[{"href":"https:\/\/chacosintesis.com.ar\/index.php\/wp-json\/wp\/v2\/posts\/220551","targetHints":{"allow":["GET"]}}],"collection":[{"href":"https:\/\/chacosintesis.com.ar\/index.php\/wp-json\/wp\/v2\/posts"}],"about":[{"href":"https:\/\/chacosintesis.com.ar\/index.php\/wp-json\/wp\/v2\/types\/post"}],"author":[{"embeddable":true,"href":"https:\/\/chacosintesis.com.ar\/index.php\/wp-json\/wp\/v2\/users\/1"}],"replies":[{"embeddable":true,"href":"https:\/\/chacosintesis.com.ar\/index.php\/wp-json\/wp\/v2\/comments?post=220551"}],"version-history":[{"count":0,"href":"https:\/\/chacosintesis.com.ar\/index.php\/wp-json\/wp\/v2\/posts\/220551\/revisions"}],"wp:featuredmedia":[{"embeddable":true,"href":"https:\/\/chacosintesis.com.ar\/index.php\/wp-json\/wp\/v2\/media\/220577"}],"wp:attachment":[{"href":"https:\/\/chacosintesis.com.ar\/index.php\/wp-json\/wp\/v2\/media?parent=220551"}],"wp:term":[{"taxonomy":"category","embeddable":true,"href":"https:\/\/chacosintesis.com.ar\/index.php\/wp-json\/wp\/v2\/categories?post=220551"},{"taxonomy":"post_tag","embeddable":true,"href":"https:\/\/chacosintesis.com.ar\/index.php\/wp-json\/wp\/v2\/tags?post=220551"}],"curies":[{"name":"wp","href":"https:\/\/api.w.org\/{rel}","templated":true}]}}