{"id":220541,"date":"2026-04-27T08:00:10","date_gmt":"2026-04-27T11:00:10","guid":{"rendered":"https:\/\/chacosintesis.com.ar\/index.php\/chaco-detuvieron-a-un-hombre-involucrado-en-una-estafa\/"},"modified":"2026-04-27T08:01:20","modified_gmt":"2026-04-27T11:01:20","slug":"chaco-detuvieron-a-un-hombre-involucrado-en-una-estafa","status":"publish","type":"post","link":"https:\/\/chacosintesis.com.ar\/index.php\/chaco-detuvieron-a-un-hombre-involucrado-en-una-estafa\/","title":{"rendered":"CHACO:  Detuvieron A Un Hombre Involucrado En Una Estafa"},"content":{"rendered":"<p><\/p>\n<div id=\"post-362828\">\n<p><\/p>\n<div class=\"single-post-image\">\n<figure><\/figure>\n<\/p><\/div>\n<p><!-- .single-post-image --><br \/>\n\t\t<!-- .entry-header --><\/p>\n<div class=\"entry-content\">\n<p>Los agentes identificaron al implicado y el veh\u00edculo con el cual hab\u00eda realizado el traslado, y comenzaron tareas de inteligencia y patrullajes investigativos. Esta tarde supieron que el supuesto autor residir\u00eda por la calle Carrasco, se dirigieron al lugar.<\/p>\n<p>Tras un emplazamiento de vigilancia en cercan\u00edas, vieron a un hombre con caracter\u00edsticas f\u00edsicas similares, lo demoraron y tras verificar sus datos personales descubrieron que se trataba del buscado, lo condujeron a la dependencia policial.<\/p>\n<p>Finalmente la fiscal\u00eda en turno dispuso la aprehensi\u00f3n del hombre de 38 a\u00f1os en la causa Supuesta Estafa, prosiguen diligencias investigativas para hallar el veh\u00edculo y la mercader\u00eda.<\/p>\n<div class=\"heateor_sss_sharing_container heateor_sss_horizontal_sharing\" data-heateor-sss-href=\"https:\/\/www.noticiasdelparana.com.ar\/NuevaEdicion\/2026\/04\/27\/chaco-detuvieron-a-un-hombre-involucrado-en-una-estafa\/\">\n<p>Compart\u00ed esta nota en tus redes sociales&#8230;<\/p>\n<\/div><\/div>\n<p><!-- .entry-content --><\/p>\n<p>\t<!-- .entry-footer -->\n<\/div>\n<p><img decoding=\"async\" src=\"\"><\/p>\n<p>Noticias del Paran\u00e1<\/p>\n","protected":false},"excerpt":{"rendered":"<p>Los agentes identificaron al implicado y el veh\u00edculo con el cual hab\u00eda realizado el traslado, y comenzaron tareas de inteligencia y patrullajes investigativos. Esta tarde supieron que el supuesto autor residir\u00eda por la calle Carrasco, se dirigieron al lugar. Tras un emplazamiento de vigilancia en cercan\u00edas, vieron a un hombre con caracter\u00edsticas f\u00edsicas similares, lo [&hellip;]<\/p>\n","protected":false},"author":1,"featured_media":220556,"comment_status":"closed","ping_status":"","sticky":false,"template":"","format":"standard","meta":{"footnotes":""},"categories":[5],"tags":[],"class_list":{"0":"post-220541","1":"post","2":"type-post","3":"status-publish","4":"format-standard","5":"has-post-thumbnail","7":"category-policiales"},"_links":{"self":[{"href":"https:\/\/chacosintesis.com.ar\/index.php\/wp-json\/wp\/v2\/posts\/220541","targetHints":{"allow":["GET"]}}],"collection":[{"href":"https:\/\/chacosintesis.com.ar\/index.php\/wp-json\/wp\/v2\/posts"}],"about":[{"href":"https:\/\/chacosintesis.com.ar\/index.php\/wp-json\/wp\/v2\/types\/post"}],"author":[{"embeddable":true,"href":"https:\/\/chacosintesis.com.ar\/index.php\/wp-json\/wp\/v2\/users\/1"}],"replies":[{"embeddable":true,"href":"https:\/\/chacosintesis.com.ar\/index.php\/wp-json\/wp\/v2\/comments?post=220541"}],"version-history":[{"count":1,"href":"https:\/\/chacosintesis.com.ar\/index.php\/wp-json\/wp\/v2\/posts\/220541\/revisions"}],"predecessor-version":[{"id":220557,"href":"https:\/\/chacosintesis.com.ar\/index.php\/wp-json\/wp\/v2\/posts\/220541\/revisions\/220557"}],"wp:featuredmedia":[{"embeddable":true,"href":"https:\/\/chacosintesis.com.ar\/index.php\/wp-json\/wp\/v2\/media\/220556"}],"wp:attachment":[{"href":"https:\/\/chacosintesis.com.ar\/index.php\/wp-json\/wp\/v2\/media?parent=220541"}],"wp:term":[{"taxonomy":"category","embeddable":true,"href":"https:\/\/chacosintesis.com.ar\/index.php\/wp-json\/wp\/v2\/categories?post=220541"},{"taxonomy":"post_tag","embeddable":true,"href":"https:\/\/chacosintesis.com.ar\/index.php\/wp-json\/wp\/v2\/tags?post=220541"}],"curies":[{"name":"wp","href":"https:\/\/api.w.org\/{rel}","templated":true}]}}