{"id":220528,"date":"2026-04-26T20:10:10","date_gmt":"2026-04-26T23:10:10","guid":{"rendered":"http:\/\/chacosintesis.com.ar\/index.php\/la-ministra-naidenoff-destaco-el-trabajo-en-las-instituciones-escolares-para-consolidar-la-alianza-escuela-familia-y-estado\/"},"modified":"2026-04-26T20:11:07","modified_gmt":"2026-04-26T23:11:07","slug":"la-ministra-naidenoff-destaco-el-trabajo-en-las-instituciones-escolares-para-consolidar-la-alianza-escuela-familia-y-estado","status":"publish","type":"post","link":"https:\/\/chacosintesis.com.ar\/index.php\/la-ministra-naidenoff-destaco-el-trabajo-en-las-instituciones-escolares-para-consolidar-la-alianza-escuela-familia-y-estado\/","title":{"rendered":"La Ministra Naidenoff Destac\u00f3 El Trabajo En Las Instituciones Escolares Para Consolidar La Alianza Escuela- Familia Y Estado"},"content":{"rendered":"<p><\/p>\n<div><strong>La ministra de Educaci\u00f3n, Sof\u00eda Naidenoff, asegur\u00f3 que las clases contin\u00faan desarroll\u00e1ndose con normalidad en toda la provincia, pese a las amenazas virales contra las escuelas que circularon en los \u00faltimos d\u00edas.<\/strong><\/p>\n<p>No obstante, remarc\u00f3 la gravedad de estos hechos y advirti\u00f3 que las intimidaciones en redes sociales constituyen un delito. \u201cPor el momento hay clases normales en todas estas escuelas, inclusive algunas funcionan con custodia policial\u201d, se\u00f1al\u00f3 la funcionaria, al tiempo que explic\u00f3 que la situaci\u00f3n oblig\u00f3 a destinar recursos de seguridad. \u201cEsto escal\u00f3 mucho porque gener\u00f3 temor en la comunidad educativa, pas\u00f3 de las vallas y es un delito- enfatiz\u00f3.<br \/>Naidenoff indic\u00f3 que el Ministerio trabaja de manera articulada con direcciones regionales, directivos, equipos interdisciplinarios y el Ministerio de Seguridad para abordar la problem\u00e1tica de forma integral. En ese sentido, destac\u00f3 el acompa\u00f1amiento a las instituciones educativas con herramientas espec\u00edficas y asistencia profesional. \u201cEs un delito grave, porque se analizan antecedentes. Al chico le queda como antecedente y adem\u00e1s, se hicieron allanamientos\u201d, afirm\u00f3.<\/p>\n<p><strong>Prevenci\u00f3n y trabajo conjunto<\/strong><br \/>La ministra record\u00f3 que las escuelas ya ven\u00edan desarrollando acciones preventivas en torno al bullying y el acoso escolar, aunque reconoci\u00f3 que esta nueva situaci\u00f3n \u201cexplot\u00f3\u201d y requiere un abordaje m\u00e1s amplio.<br \/>Asimismo, valor\u00f3 el compromiso de los docentes para generar espacios de contenci\u00f3n y desarrollar contenidos que promuevan una convivencia saludable.<br \/>En esa l\u00ednea, convoc\u00f3 a fortalecer el trabajo conjunto entre familia, escuela, medios de comunicaci\u00f3n y la sociedad en general. Tambi\u00e9n cuestion\u00f3 la naturalizaci\u00f3n de la violencia en entornos digitales: \u201cSe han naturalizado cosas que no se pueden naturalizar. El chico hoy vive a un clic de distancia de todo\u201d.<br \/>Finalmente, Naidenoff subray\u00f3 que la funci\u00f3n central del sistema educativo es formar pensamiento cr\u00edtico. \u201cSi el aprendizaje es ser cr\u00edtico, entonces estar preparado para discernir lo que est\u00e1 bien y lo que est\u00e1 mal\u201d, sostuvo.<br \/>Como medida preventiva, reiter\u00f3 NO compartir ni reenviar mensajes o im\u00e1genes violentas, y llam\u00f3 a una reflexi\u00f3n colectiva. \u201cEstamos repensando una escuela con los intereses de los chicos, pero entendiendo que la escuela necesita renovarse y mirar de otra manera\u201d, concluy\u00f3.<\/p>\n<\/div>\n","protected":false},"excerpt":{"rendered":"<p>La ministra de Educaci\u00f3n, Sof\u00eda Naidenoff, asegur\u00f3 que las clases contin\u00faan desarroll\u00e1ndose con normalidad en toda la provincia, pese a las amenazas virales contra las escuelas que circularon en los \u00faltimos d\u00edas. No obstante, remarc\u00f3 la gravedad de estos hechos y advirti\u00f3 que las intimidaciones en redes sociales constituyen un delito. \u201cPor el momento hay [&hellip;]<\/p>\n","protected":false},"author":1,"featured_media":220539,"comment_status":"closed","ping_status":"","sticky":false,"template":"","format":"standard","meta":{"footnotes":""},"categories":[6],"tags":[],"class_list":{"0":"post-220528","1":"post","2":"type-post","3":"status-publish","4":"format-standard","5":"has-post-thumbnail","7":"category-chaco"},"_links":{"self":[{"href":"https:\/\/chacosintesis.com.ar\/index.php\/wp-json\/wp\/v2\/posts\/220528","targetHints":{"allow":["GET"]}}],"collection":[{"href":"https:\/\/chacosintesis.com.ar\/index.php\/wp-json\/wp\/v2\/posts"}],"about":[{"href":"https:\/\/chacosintesis.com.ar\/index.php\/wp-json\/wp\/v2\/types\/post"}],"author":[{"embeddable":true,"href":"https:\/\/chacosintesis.com.ar\/index.php\/wp-json\/wp\/v2\/users\/1"}],"replies":[{"embeddable":true,"href":"https:\/\/chacosintesis.com.ar\/index.php\/wp-json\/wp\/v2\/comments?post=220528"}],"version-history":[{"count":1,"href":"https:\/\/chacosintesis.com.ar\/index.php\/wp-json\/wp\/v2\/posts\/220528\/revisions"}],"predecessor-version":[{"id":220540,"href":"https:\/\/chacosintesis.com.ar\/index.php\/wp-json\/wp\/v2\/posts\/220528\/revisions\/220540"}],"wp:featuredmedia":[{"embeddable":true,"href":"https:\/\/chacosintesis.com.ar\/index.php\/wp-json\/wp\/v2\/media\/220539"}],"wp:attachment":[{"href":"https:\/\/chacosintesis.com.ar\/index.php\/wp-json\/wp\/v2\/media?parent=220528"}],"wp:term":[{"taxonomy":"category","embeddable":true,"href":"https:\/\/chacosintesis.com.ar\/index.php\/wp-json\/wp\/v2\/categories?post=220528"},{"taxonomy":"post_tag","embeddable":true,"href":"https:\/\/chacosintesis.com.ar\/index.php\/wp-json\/wp\/v2\/tags?post=220528"}],"curies":[{"name":"wp","href":"https:\/\/api.w.org\/{rel}","templated":true}]}}