{"id":22050,"date":"2023-05-23T15:45:06","date_gmt":"2023-05-23T18:45:06","guid":{"rendered":"https:\/\/chacosintesis.com.ar\/?p=22050"},"modified":"2023-05-23T16:06:39","modified_gmt":"2023-05-23T19:06:39","slug":"el-guido-miranda-celebrara-sus-26-anos-con-una-gala-de-mayo","status":"publish","type":"post","link":"https:\/\/chacosintesis.com.ar\/index.php\/el-guido-miranda-celebrara-sus-26-anos-con-una-gala-de-mayo\/","title":{"rendered":"El \u201cGuido Miranda\u201d celebrar\u00e1 sus 26 a\u00f1os con una Gala de mayo"},"content":{"rendered":"<p>&#8220;Retomamos la hermos\u00edsima tradici\u00f3n de la gala del 24 para el 25 de mayo, que por otro lado conmemora los 26 a\u00f1os de vida del Complejo Cultural Guido Miranda&#8221;, celebr\u00f3 el presidente del Instituto de Cultura del Chaco.<br \/>\nAutoridades del Instituto de Cultura del Chaco (ICCH) anunciaron, este martes, la agenda de actividades por los festejos de mayo y el 26\u00ba aniversario del Complejo Cultural Guido Miranda. Habr\u00e1 visitas guiadas para infancias, una proyecci\u00f3n especial en el Espacio INCAA para ni\u00f1os\/as, y la gala del 24 de mayo.<br \/>\nEl mi\u00e9rcoles 24 de mayo se celebra un nuevo aniversario de este legendario espacio cultural chaque\u00f1o, ubicado en el patrimonial edificio donde funcion\u00f3 el antiguo Cine Teatro SEP. Las entradas ser\u00e1n gratuitas hasta agotar capacidad de sala, y se podr\u00e1n retirar de boleter\u00eda desde las 17, el mismo d\u00eda de la funci\u00f3n.<br \/>\n\u201cRetomamos la hermos\u00edsima tradici\u00f3n de la gala del 24 para el 25 de mayo, que por otro lado conmemora los 26 a\u00f1os de vida del Complejo Cultural Guido Miranda. Estas actividades se hacen con los aportes de la comunidad art\u00edstica chaque\u00f1a, pensando para todas las edades, ser\u00e1 una ofrenda que nos hacemos los chaque\u00f1os para disfrutar en el entra\u00f1able Guido rememorando la revoluci\u00f3n de mayo de 1810\u201d, celebr\u00f3 el presidente del ICCH Francisco Tete Romero, acompa\u00f1ado de Gabriela \u00c1valos, directora a cargo del Complejo.<br \/>\nUn espacio emblem\u00e1tico<br \/>\nEl Complejo Cultural Guido Miranda fue recuperado y remodelado en 1997, y signific\u00f3 la concreci\u00f3n de un anhelo colectivo de contar con una sala de desarrollo de las artes esc\u00e9nicas que pueda albergar producciones teatrales a nivel regional, nacional e internacional. El Guido se convirti\u00f3 en el espacio para el desarrollo de m\u00faltiples expresiones art\u00edsticas con un alto grado de incidencia en la labor cultural, con valor de pertenencia en la comunidad y cuya importancia emblem\u00e1tica se consolid\u00f3 por haberse convertido en uno de los principales centros gestores de producciones art\u00edsticas del NEA, difusor y canalizador de manifestaciones culturales trascendentes.<br \/>\nEl &#8220;Guido&#8221;, en tanto espacio de fomento para la creaci\u00f3n y desarrollo de artes esc\u00e9nicas, ha sido el escenario de grandes hitos referenciales a lo largo de sus 26 a\u00f1os de historia institucional. Se consolid\u00f3 como organismo estatal gracias a la permanente consideraci\u00f3n de las din\u00e1micas fluctuantes en relaci\u00f3n al v\u00ednculo con la sociedad, con las comunidades, las diferentes audiencias y los nuevos paradigmas est\u00e9ticos por abordar desde la escena diversa, en funci\u00f3n a la implementaci\u00f3n de pol\u00edticas culturales basadas en la igualdad de oportunidades y de crecimientos comunes por medio del arte.<br \/>\nAgenda del 24 de mayo<br \/>\n15: Visita guiada para infancias.<br \/>\n15.30: Proyecci\u00f3n especial Espacio INCAA \u201cEl pata larga\u201d, de Mercedes Moreira. Destinada a ni\u00f1os\/as de 6 a 10 a\u00f1os.<br \/>\n21.30: Gala de Mayo, 26 a\u00f1os del Guido Miranda.<br \/>\nGala de mayo<br \/>\nEsta Gala cuenta con la participaci\u00f3n colaborativa de la Direcci\u00f3n de Lenguajes Art\u00edsticos a trav\u00e9s del Departamento de Danza y del Departamento de Letras del ICCH, de la Direcci\u00f3n y Coordinaci\u00f3n de Elencos Estables a trav\u00e9s del Ballet Contempor\u00e1neo del Chaco, y el Coro Qom Chelaalapi. La Gala especial por los 26 a\u00f1os del Complejo comenzar\u00e1 a las 21.30 y prev\u00e9 varias propuestas art\u00edsticas:<br \/>\n&#8211; Intervenci\u00f3n de la actriz Patricia Rojas.<br \/>\n&#8211; Obertura a cargo de la pianista Adriana Sargenti.<br \/>\n&#8211; Obra Pulsores: propuesta que aborda las diversas identidades en una matriz esc\u00e9nica, centrando su contenido coreogr\u00e1fico y musical en la puesta en valor del sentido comunitario de la reuni\u00f3n en torno a una celebraci\u00f3n com\u00fan, de la mixtura cultural que nos constituye desde las ra\u00edces de m\u00faltiples or\u00edgenes a la contemporaneidad.<br \/>\n\u201cPulsores es cuerpos y subjetividades en movimientos, patrones sonoros poli r\u00edtmicos que construyen identidad y narran una semblanza del sentido de la Patria diversa y pluricultural\u201d, explicaron desde la producci\u00f3n de la obra. Int\u00e9rpretes: Antonella Ojeda; Yadiva Al\u00ed y Ana Eugenia Vera; Nayla Uberti, Gianni Uberti y Kevin Uberti; Griselda Morales y Celeste Reinoso; La Fuega de Chaco y Luciana Lueji Lidwe; Joaqu\u00edn Arce; Carlos M\u00e9ndez y Maxi Soto Fern\u00e1ndez.<br \/>\n&#8211; Cierre: bendici\u00f3n e himno a cargo del Coro Qom Chelaalap\u00ed.<br \/>\n<<a href=\"http:\/\/www.avg.com\/email-signature?utm_medium=email&#038;utm_source=link&#038;utm_campaign=sig-email&#038;utm_content=webmail\">www.avg.com\/email-signature?utm_medium=email&amp;utm_source=link&amp;utm_campaign=sig-email&amp;utm_content=webmail<\/a>> Libre de virus.www.avg.com <<a href=\"http:\/\/www.avg.com\/email-signature?utm_medium=email&#038;utm_source=link&#038;utm_campaign=sig-email&#038;utm_content=webmail\">www.avg.com\/email-signature?utm_medium=email&amp;utm_source=link&amp;utm_campaign=sig-email&amp;utm_content=webmail<\/a>> <#DAB4FAD8-2DD7-40BB-A1B8-4E2AA1F9FDF2><\/p>\n","protected":false},"excerpt":{"rendered":"<p>&#8220;Retomamos la hermos\u00edsima tradici\u00f3n de la gala del 24 para el 25 de mayo, que por otro lado conmemora los 26 a\u00f1os de vida del Complejo Cultural Guido Miranda&#8221;, celebr\u00f3 el presidente del Instituto de Cultura del Chaco. Autoridades del Instituto de Cultura del Chaco (ICCH) anunciaron, este martes, la agenda de actividades por los [&hellip;]<\/p>\n","protected":false},"author":1,"featured_media":22051,"comment_status":"closed","ping_status":"closed","sticky":false,"template":"","format":"standard","meta":{"footnotes":""},"categories":[6],"tags":[],"class_list":{"0":"post-22050","1":"post","2":"type-post","3":"status-publish","4":"format-standard","5":"has-post-thumbnail","7":"category-chaco"},"_links":{"self":[{"href":"https:\/\/chacosintesis.com.ar\/index.php\/wp-json\/wp\/v2\/posts\/22050","targetHints":{"allow":["GET"]}}],"collection":[{"href":"https:\/\/chacosintesis.com.ar\/index.php\/wp-json\/wp\/v2\/posts"}],"about":[{"href":"https:\/\/chacosintesis.com.ar\/index.php\/wp-json\/wp\/v2\/types\/post"}],"author":[{"embeddable":true,"href":"https:\/\/chacosintesis.com.ar\/index.php\/wp-json\/wp\/v2\/users\/1"}],"replies":[{"embeddable":true,"href":"https:\/\/chacosintesis.com.ar\/index.php\/wp-json\/wp\/v2\/comments?post=22050"}],"version-history":[{"count":0,"href":"https:\/\/chacosintesis.com.ar\/index.php\/wp-json\/wp\/v2\/posts\/22050\/revisions"}],"wp:featuredmedia":[{"embeddable":true,"href":"https:\/\/chacosintesis.com.ar\/index.php\/wp-json\/wp\/v2\/media\/22051"}],"wp:attachment":[{"href":"https:\/\/chacosintesis.com.ar\/index.php\/wp-json\/wp\/v2\/media?parent=22050"}],"wp:term":[{"taxonomy":"category","embeddable":true,"href":"https:\/\/chacosintesis.com.ar\/index.php\/wp-json\/wp\/v2\/categories?post=22050"},{"taxonomy":"post_tag","embeddable":true,"href":"https:\/\/chacosintesis.com.ar\/index.php\/wp-json\/wp\/v2\/tags?post=22050"}],"curies":[{"name":"wp","href":"https:\/\/api.w.org\/{rel}","templated":true}]}}