{"id":220491,"date":"2026-04-26T20:04:54","date_gmt":"2026-04-26T23:04:54","guid":{"rendered":"http:\/\/chacosintesis.com.ar\/index.php\/el-cine-esta-de-luto-murio-adolfo-aristarain_a69ee79877825f8815342bac5\/"},"modified":"2026-04-26T20:04:54","modified_gmt":"2026-04-26T23:04:54","slug":"el-cine-esta-de-luto-murio-adolfo-aristarain_a69ee79877825f8815342bac5","status":"publish","type":"post","link":"https:\/\/chacosintesis.com.ar\/index.php\/el-cine-esta-de-luto-murio-adolfo-aristarain_a69ee79877825f8815342bac5\/","title":{"rendered":"El cine est\u00e1 de luto: Muri\u00f3 Adolfo Aristarain"},"content":{"rendered":"<p><img decoding=\"async\" src=\"data:image\/gif;base64,R0lGODlhAQABAIAAAAAAAP\/\/\/ywAAAAAAQABAAACAUwAOw==\" fifu-lazy=\"1\" fifu-data-sizes=\"auto\" fifu-data-srcset=\"https:\/\/i0.wp.com\/chacosintesis.com.ar\/wp-content\/uploads\/2026\/04\/El-cine-esta-de-luto-Murio-Adolfo-Aristarain.jpeg?ssl=1&w=75&resize=75&ssl=1 75w, https:\/\/i0.wp.com\/chacosintesis.com.ar\/wp-content\/uploads\/2026\/04\/El-cine-esta-de-luto-Murio-Adolfo-Aristarain.jpeg?ssl=1&w=100&resize=100&ssl=1 100w, https:\/\/i0.wp.com\/chacosintesis.com.ar\/wp-content\/uploads\/2026\/04\/El-cine-esta-de-luto-Murio-Adolfo-Aristarain.jpeg?ssl=1&w=150&resize=150&ssl=1 150w, https:\/\/i0.wp.com\/chacosintesis.com.ar\/wp-content\/uploads\/2026\/04\/El-cine-esta-de-luto-Murio-Adolfo-Aristarain.jpeg?ssl=1&w=240&resize=240&ssl=1 240w, https:\/\/i0.wp.com\/chacosintesis.com.ar\/wp-content\/uploads\/2026\/04\/El-cine-esta-de-luto-Murio-Adolfo-Aristarain.jpeg?ssl=1&w=320&resize=320&ssl=1 320w, https:\/\/i0.wp.com\/chacosintesis.com.ar\/wp-content\/uploads\/2026\/04\/El-cine-esta-de-luto-Murio-Adolfo-Aristarain.jpeg?ssl=1&w=500&resize=500&ssl=1 500w, https:\/\/i0.wp.com\/chacosintesis.com.ar\/wp-content\/uploads\/2026\/04\/El-cine-esta-de-luto-Murio-Adolfo-Aristarain.jpeg?ssl=1&w=640&resize=640&ssl=1 640w, https:\/\/i0.wp.com\/chacosintesis.com.ar\/wp-content\/uploads\/2026\/04\/El-cine-esta-de-luto-Murio-Adolfo-Aristarain.jpeg?ssl=1&w=800&resize=800&ssl=1 800w, https:\/\/i0.wp.com\/chacosintesis.com.ar\/wp-content\/uploads\/2026\/04\/El-cine-esta-de-luto-Murio-Adolfo-Aristarain.jpeg?ssl=1&w=1024&resize=1024&ssl=1 1024w, https:\/\/i0.wp.com\/chacosintesis.com.ar\/wp-content\/uploads\/2026\/04\/El-cine-esta-de-luto-Murio-Adolfo-Aristarain.jpeg?ssl=1&w=1280&resize=1280&ssl=1 1280w, https:\/\/i0.wp.com\/chacosintesis.com.ar\/wp-content\/uploads\/2026\/04\/El-cine-esta-de-luto-Murio-Adolfo-Aristarain.jpeg?ssl=1&w=1600&resize=1600&ssl=1 1600w\" fifu-data-src=\"https:\/\/i0.wp.com\/chacosintesis.com.ar\/wp-content\/uploads\/2026\/04\/El-cine-esta-de-luto-Murio-Adolfo-Aristarain.jpeg?ssl=1\" \/><\/p>\n<div itemprop=\"articleBody\">\n<p><a href=\"www.noticiasargentinas.com\">Buenos Aires, 26 abril (NA)<\/a> \u2013 El<strong> director de cine argentino Adolfo Aristarain<\/strong>, <strong>falleci\u00f3 <\/strong>este domingo a los<strong> 82 a\u00f1os<\/strong>. Uno de los <strong>cineastas <\/strong>m\u00e1s importantes de <strong>habla hispana<\/strong> dej\u00f3 una huella imborrable con sus <strong>obras audiovisuales<\/strong>, sobre todo en <strong>Argentina <\/strong>y <strong>Espa\u00f1a<\/strong>, donde forj\u00f3 pr\u00e1cticamente toda su carrera.<\/p>\n<p style=\"--ipspy: __IP__;color: __IP__;text-decoration: __IP__;\" alt=\"__IP__\" data-ipspy=\"__IP__\" title=\"__IP__\">Las pel\u00edculas de <strong>Aristarain <\/strong>se destacaron por la mezcla de g\u00e9neros entre <strong>policial <\/strong>y <strong>drama<\/strong>, que daban como resultado reflexiones <strong>pol\u00edticas <\/strong>y <strong>\u00e9ticas<\/strong>. Entre sus hitos m\u00e1s significativos se encuentran\u00a0<strong>Tiempo de Revancha<\/strong>\u00a0(1981) protagonizada por <strong>Federico Luppi, Hayd\u00e9e Padilla, Julio De Grazia <\/strong>y <strong>Ulises Dumont<\/strong>;\u00a0<strong>Un Lugar en el Mundo<\/strong>\u00a0(1992) con <strong>Luppi, Jos\u00e9 de Sacrist\u00e1n, Cecilia Roth <\/strong>y <strong>Leonor Benedetto<\/strong>; y <strong>Mart\u00edn Hache <\/strong>(1997)\u00a0con<strong> Roth, Eusebio Poncela <\/strong>y <strong>Juan Diego Botto<\/strong>; entre otros films.<span style=\"opacity: 0;\" data-nosnippet=\"\">__IP__<\/span><\/p>\n<p><tadevel-ad  class=\"block-4d\" slot-id=\"article-inline-01\"\/><\/p>\n<p>Antes de ser director de cine,<strong> fue asistente en m\u00e1s de 30 pel\u00edculas<\/strong>, incluyendo producciones internacionales como\u00a0<strong>\u00c9rase una vez en el Oeste<\/strong>\u00a0de<strong> Sergio Leone<\/strong>. Vivi\u00f3 y trabaj\u00f3 muchos a\u00f1os en <strong>Espa\u00f1a<\/strong>, sin dejar de hacerlo en su propio pa\u00eds. Sin embargo, fue en Europa donde recibi\u00f3 el \u00faltimo <strong>reconocimiento a su trayectoria<\/strong>: en el a\u00f1o 2024, la\u00a0<strong>Academia de Cine espa\u00f1ola<\/strong>\u00a0le otorg\u00f3 la\u00a0<strong>Medalla de Oro<\/strong>.<\/p>\n<p>Su pel\u00edcula<strong>\u00a0Un lugar en el Mundo<\/strong>\u00a0gan\u00f3 la <strong>Concha de Oro <\/strong>en <strong>San Sebasti\u00e1n<\/strong> y el <strong>Goya <\/strong>a la <strong>mejor pel\u00edcula extranjera <\/strong>de <strong>habla hispana<\/strong>. <a href=\"\/-agenciana_t6916e70a4551e78eb9423f59\">#AgenciaNA<\/a>\u00a0<\/p>\n<\/div>\n<p><img decoding=\"async\" src=\"data:image\/gif;base64,R0lGODlhAQABAIAAAAAAAP\/\/\/ywAAAAAAQABAAACAUwAOw==\" fifu-lazy=\"1\" fifu-data-sizes=\"auto\" fifu-data-srcset=\"https:\/\/i0.wp.com\/chacosintesis.com.ar\/wp-content\/uploads\/2026\/04\/1777244694_394_El-cine-esta-de-luto-Murio-Adolfo-Aristarain.jpeg?ssl=1&w=75&resize=75&ssl=1 75w, https:\/\/i0.wp.com\/chacosintesis.com.ar\/wp-content\/uploads\/2026\/04\/1777244694_394_El-cine-esta-de-luto-Murio-Adolfo-Aristarain.jpeg?ssl=1&w=100&resize=100&ssl=1 100w, https:\/\/i0.wp.com\/chacosintesis.com.ar\/wp-content\/uploads\/2026\/04\/1777244694_394_El-cine-esta-de-luto-Murio-Adolfo-Aristarain.jpeg?ssl=1&w=150&resize=150&ssl=1 150w, https:\/\/i0.wp.com\/chacosintesis.com.ar\/wp-content\/uploads\/2026\/04\/1777244694_394_El-cine-esta-de-luto-Murio-Adolfo-Aristarain.jpeg?ssl=1&w=240&resize=240&ssl=1 240w, https:\/\/i0.wp.com\/chacosintesis.com.ar\/wp-content\/uploads\/2026\/04\/1777244694_394_El-cine-esta-de-luto-Murio-Adolfo-Aristarain.jpeg?ssl=1&w=320&resize=320&ssl=1 320w, https:\/\/i0.wp.com\/chacosintesis.com.ar\/wp-content\/uploads\/2026\/04\/1777244694_394_El-cine-esta-de-luto-Murio-Adolfo-Aristarain.jpeg?ssl=1&w=500&resize=500&ssl=1 500w, https:\/\/i0.wp.com\/chacosintesis.com.ar\/wp-content\/uploads\/2026\/04\/1777244694_394_El-cine-esta-de-luto-Murio-Adolfo-Aristarain.jpeg?ssl=1&w=640&resize=640&ssl=1 640w, https:\/\/i0.wp.com\/chacosintesis.com.ar\/wp-content\/uploads\/2026\/04\/1777244694_394_El-cine-esta-de-luto-Murio-Adolfo-Aristarain.jpeg?ssl=1&w=800&resize=800&ssl=1 800w, https:\/\/i0.wp.com\/chacosintesis.com.ar\/wp-content\/uploads\/2026\/04\/1777244694_394_El-cine-esta-de-luto-Murio-Adolfo-Aristarain.jpeg?ssl=1&w=1024&resize=1024&ssl=1 1024w, https:\/\/i0.wp.com\/chacosintesis.com.ar\/wp-content\/uploads\/2026\/04\/1777244694_394_El-cine-esta-de-luto-Murio-Adolfo-Aristarain.jpeg?ssl=1&w=1280&resize=1280&ssl=1 1280w, https:\/\/i0.wp.com\/chacosintesis.com.ar\/wp-content\/uploads\/2026\/04\/1777244694_394_El-cine-esta-de-luto-Murio-Adolfo-Aristarain.jpeg?ssl=1&w=1600&resize=1600&ssl=1 1600w\" fifu-data-src=\"https:\/\/i0.wp.com\/chacosintesis.com.ar\/wp-content\/uploads\/2026\/04\/1777244694_394_El-cine-esta-de-luto-Murio-Adolfo-Aristarain.jpeg?ssl=1\"><\/p>\n<p>Noticias Argentinas<\/p>\n","protected":false},"excerpt":{"rendered":"<p>Buenos Aires, 26 abril (NA) \u2013 El director de cine argentino Adolfo Aristarain, falleci\u00f3 este domingo a los 82 a\u00f1os. Uno de los cineastas m\u00e1s importantes de habla hispana dej\u00f3 una huella imborrable con sus obras audiovisuales, sobre todo en Argentina y Espa\u00f1a, donde forj\u00f3 pr\u00e1cticamente toda su carrera. Las pel\u00edculas de Aristarain se destacaron [&hellip;]<\/p>\n","protected":false},"author":1,"featured_media":220515,"comment_status":"closed","ping_status":"","sticky":false,"template":"","format":"standard","meta":{"footnotes":""},"categories":[188],"tags":[],"class_list":{"0":"post-220491","1":"post","2":"type-post","3":"status-publish","4":"format-standard","5":"has-post-thumbnail","7":"category-farandula"},"_links":{"self":[{"href":"https:\/\/chacosintesis.com.ar\/index.php\/wp-json\/wp\/v2\/posts\/220491","targetHints":{"allow":["GET"]}}],"collection":[{"href":"https:\/\/chacosintesis.com.ar\/index.php\/wp-json\/wp\/v2\/posts"}],"about":[{"href":"https:\/\/chacosintesis.com.ar\/index.php\/wp-json\/wp\/v2\/types\/post"}],"author":[{"embeddable":true,"href":"https:\/\/chacosintesis.com.ar\/index.php\/wp-json\/wp\/v2\/users\/1"}],"replies":[{"embeddable":true,"href":"https:\/\/chacosintesis.com.ar\/index.php\/wp-json\/wp\/v2\/comments?post=220491"}],"version-history":[{"count":0,"href":"https:\/\/chacosintesis.com.ar\/index.php\/wp-json\/wp\/v2\/posts\/220491\/revisions"}],"wp:featuredmedia":[{"embeddable":true,"href":"https:\/\/chacosintesis.com.ar\/index.php\/wp-json\/wp\/v2\/media\/220515"}],"wp:attachment":[{"href":"https:\/\/chacosintesis.com.ar\/index.php\/wp-json\/wp\/v2\/media?parent=220491"}],"wp:term":[{"taxonomy":"category","embeddable":true,"href":"https:\/\/chacosintesis.com.ar\/index.php\/wp-json\/wp\/v2\/categories?post=220491"},{"taxonomy":"post_tag","embeddable":true,"href":"https:\/\/chacosintesis.com.ar\/index.php\/wp-json\/wp\/v2\/tags?post=220491"}],"curies":[{"name":"wp","href":"https:\/\/api.w.org\/{rel}","templated":true}]}}