{"id":220479,"date":"2026-04-26T17:04:19","date_gmt":"2026-04-26T20:04:19","guid":{"rendered":"https:\/\/chacosintesis.com.ar\/index.php\/tristeza-en-el-ambiente-tropical-de-mar-del-plata-murio-musico-al-finalizar-un-show_a69ee3e987825f8815337c203\/"},"modified":"2026-04-26T17:04:19","modified_gmt":"2026-04-26T20:04:19","slug":"tristeza-en-el-ambiente-tropical-de-mar-del-plata-murio-musico-al-finalizar-un-show_a69ee3e987825f8815337c203","status":"publish","type":"post","link":"https:\/\/chacosintesis.com.ar\/index.php\/tristeza-en-el-ambiente-tropical-de-mar-del-plata-murio-musico-al-finalizar-un-show_a69ee3e987825f8815337c203\/","title":{"rendered":"Tristeza en el ambiente tropical de Mar del Plata: muri\u00f3 m\u00fasico al finalizar un show"},"content":{"rendered":"<p><\/p>\n<div itemprop=\"articleBody\">\n<p><a href=\"\/\"><strong>Buenos Aires, 26 abril (NA)<\/strong><\/a> \u2013 Un profundo dolor sacude al <strong>ambiente musical de <\/strong><span><strong>Mar del Plata<\/strong><\/span><strong> <\/strong>tras la muerte de Lucas Herrera, un m\u00fasico de 31 a\u00f1os e integrante de la banda Hechizo Tropical, que se descompens\u00f3 luego de brindar un show.<\/p>\n<p>El hecho ocurri\u00f3 en el local bailable <strong>Viva Juliana, <\/strong>donde, seg\u00fan el comunicado oficial del establecimiento, el artista sufri\u00f3 una descompensaci\u00f3n tras bajar del escenario. \u201cF<strong>ue trasladado al hospital, pero lamentablemente falleci\u00f3\u201d<\/strong>, informaron desde la organizaci\u00f3n al anunciar la suspensi\u00f3n inmediata del evento.<\/p>\n<p>De acuerdo a los primeros datos, Herrera habr\u00eda convulsionado dentro del lugar y posteriormente sufri\u00f3 un paro card\u00edaco. Ante la demora de la ambulancia, fue trasladado de urgencia en un veh\u00edculo particular al <span>Hospital Interzonal General de Agudos<\/span>, donde ingres\u00f3 ya sin vida.<\/p>\n<p><tadevel-ad  class=\"block-4d\" slot-id=\"article-inline-01\"\/><\/p>\n<p>Las primeras versiones indican que el cuadro podr\u00eda estar vinculado a posibles antecedentes coronarios, aunque se aguardaba la realizaci\u00f3n de la autopsia para determinar con precisi\u00f3n las causas del fallecimiento.<\/p>\n<p style=\"--ipspy: __IP__;color: __IP__;text-decoration: __IP__;\" alt=\"__IP__\" data-ipspy=\"__IP__\" title=\"__IP__\">En un mensaje difundido tras el hecho, desde Viva Juliana expresaron: \u201cPor respeto a \u00e9l, a su familia y a sus compa\u00f1eros, tomamos la decisi\u00f3n de cancelar el evento. Agradecemos profundamente al p\u00fablico por su comprensi\u00f3n en este momento tan dif\u00edcil y enviamos mucha fuerza y acompa\u00f1amiento a sus seres queridos y a toda la banda\u201d.<span style=\"opacity: 0;\" data-nosnippet=\"\">__IP__<\/span><\/p>\n<figure class=\"multimedia\" data-tadevel-template=\"web\/multimedia\" data-type=\"photo\">\n<div class=\"content\">\n<div class=\"sizer\" data-sizer=\"aspect-ratio\" data-tadevel-template=\"web\/aspect-ratio\" style=\"--aspect-ratio:141.4364640883978%;\"><picture data-tadevel-template=\"web\/picture\"><\/source><\/picture><\/div>\n<\/div>\n<\/figure>\n<p><tadevel-ad  class=\"block-4d\" slot-id=\"article-inline-02\"\/><\/p>\n<p>La noticia gener\u00f3 una fuerte conmoci\u00f3n entre colegas, amigos y seguidores del m\u00fasico, quienes se volcaron a las redes sociales para despedirlo y expresar su acompa\u00f1amiento a la familia en este dif\u00edcil momento.<\/p>\n<p><a href=\"\/-agenciana_t6916e70a4551e78eb9423f59\">#AgenciaNA<\/a>\u00a0<\/p>\n<\/div>\n<p><img decoding=\"async\" src=\"data:image\/gif;base64,R0lGODlhAQABAIAAAAAAAP\/\/\/ywAAAAAAQABAAACAUwAOw==\" fifu-lazy=\"1\" fifu-data-sizes=\"auto\" fifu-data-srcset=\"https:\/\/i2.wp.com\/chacosintesis.com.ar\/wp-content\/uploads\/2026\/04\/Tristeza-en-el-ambiente-tropical-de-Mar-del-Plata-murio.jpeg?ssl=1&w=75&resize=75&ssl=1 75w, https:\/\/i2.wp.com\/chacosintesis.com.ar\/wp-content\/uploads\/2026\/04\/Tristeza-en-el-ambiente-tropical-de-Mar-del-Plata-murio.jpeg?ssl=1&w=100&resize=100&ssl=1 100w, https:\/\/i2.wp.com\/chacosintesis.com.ar\/wp-content\/uploads\/2026\/04\/Tristeza-en-el-ambiente-tropical-de-Mar-del-Plata-murio.jpeg?ssl=1&w=150&resize=150&ssl=1 150w, https:\/\/i2.wp.com\/chacosintesis.com.ar\/wp-content\/uploads\/2026\/04\/Tristeza-en-el-ambiente-tropical-de-Mar-del-Plata-murio.jpeg?ssl=1&w=240&resize=240&ssl=1 240w, https:\/\/i2.wp.com\/chacosintesis.com.ar\/wp-content\/uploads\/2026\/04\/Tristeza-en-el-ambiente-tropical-de-Mar-del-Plata-murio.jpeg?ssl=1&w=320&resize=320&ssl=1 320w, https:\/\/i2.wp.com\/chacosintesis.com.ar\/wp-content\/uploads\/2026\/04\/Tristeza-en-el-ambiente-tropical-de-Mar-del-Plata-murio.jpeg?ssl=1&w=500&resize=500&ssl=1 500w, https:\/\/i2.wp.com\/chacosintesis.com.ar\/wp-content\/uploads\/2026\/04\/Tristeza-en-el-ambiente-tropical-de-Mar-del-Plata-murio.jpeg?ssl=1&w=640&resize=640&ssl=1 640w, https:\/\/i2.wp.com\/chacosintesis.com.ar\/wp-content\/uploads\/2026\/04\/Tristeza-en-el-ambiente-tropical-de-Mar-del-Plata-murio.jpeg?ssl=1&w=800&resize=800&ssl=1 800w, https:\/\/i2.wp.com\/chacosintesis.com.ar\/wp-content\/uploads\/2026\/04\/Tristeza-en-el-ambiente-tropical-de-Mar-del-Plata-murio.jpeg?ssl=1&w=1024&resize=1024&ssl=1 1024w, https:\/\/i2.wp.com\/chacosintesis.com.ar\/wp-content\/uploads\/2026\/04\/Tristeza-en-el-ambiente-tropical-de-Mar-del-Plata-murio.jpeg?ssl=1&w=1280&resize=1280&ssl=1 1280w, https:\/\/i2.wp.com\/chacosintesis.com.ar\/wp-content\/uploads\/2026\/04\/Tristeza-en-el-ambiente-tropical-de-Mar-del-Plata-murio.jpeg?ssl=1&w=1600&resize=1600&ssl=1 1600w\" fifu-data-src=\"https:\/\/i2.wp.com\/chacosintesis.com.ar\/wp-content\/uploads\/2026\/04\/Tristeza-en-el-ambiente-tropical-de-Mar-del-Plata-murio.jpeg?ssl=1\"><\/p>\n<p>Noticias Argentinas<\/p>\n","protected":false},"excerpt":{"rendered":"<p>Buenos Aires, 26 abril (NA) \u2013 Un profundo dolor sacude al ambiente musical de Mar del Plata tras la muerte de Lucas Herrera, un m\u00fasico de 31 a\u00f1os e integrante de la banda Hechizo Tropical, que se descompens\u00f3 luego de brindar un show. El hecho ocurri\u00f3 en el local bailable Viva Juliana, donde, seg\u00fan el [&hellip;]<\/p>\n","protected":false},"author":1,"featured_media":220490,"comment_status":"closed","ping_status":"","sticky":false,"template":"","format":"standard","meta":{"footnotes":""},"categories":[188],"tags":[],"class_list":{"0":"post-220479","1":"post","2":"type-post","3":"status-publish","4":"format-standard","5":"has-post-thumbnail","7":"category-farandula"},"_links":{"self":[{"href":"https:\/\/chacosintesis.com.ar\/index.php\/wp-json\/wp\/v2\/posts\/220479","targetHints":{"allow":["GET"]}}],"collection":[{"href":"https:\/\/chacosintesis.com.ar\/index.php\/wp-json\/wp\/v2\/posts"}],"about":[{"href":"https:\/\/chacosintesis.com.ar\/index.php\/wp-json\/wp\/v2\/types\/post"}],"author":[{"embeddable":true,"href":"https:\/\/chacosintesis.com.ar\/index.php\/wp-json\/wp\/v2\/users\/1"}],"replies":[{"embeddable":true,"href":"https:\/\/chacosintesis.com.ar\/index.php\/wp-json\/wp\/v2\/comments?post=220479"}],"version-history":[{"count":0,"href":"https:\/\/chacosintesis.com.ar\/index.php\/wp-json\/wp\/v2\/posts\/220479\/revisions"}],"wp:featuredmedia":[{"embeddable":true,"href":"https:\/\/chacosintesis.com.ar\/index.php\/wp-json\/wp\/v2\/media\/220490"}],"wp:attachment":[{"href":"https:\/\/chacosintesis.com.ar\/index.php\/wp-json\/wp\/v2\/media?parent=220479"}],"wp:term":[{"taxonomy":"category","embeddable":true,"href":"https:\/\/chacosintesis.com.ar\/index.php\/wp-json\/wp\/v2\/categories?post=220479"},{"taxonomy":"post_tag","embeddable":true,"href":"https:\/\/chacosintesis.com.ar\/index.php\/wp-json\/wp\/v2\/tags?post=220479"}],"curies":[{"name":"wp","href":"https:\/\/api.w.org\/{rel}","templated":true}]}}