{"id":220453,"date":"2026-04-26T16:08:26","date_gmt":"2026-04-26T19:08:26","guid":{"rendered":"https:\/\/chacosintesis.com.ar\/index.php\/miraflores-rapida-respuesta-del-gobierno-provincial-para-acelerar-el-escurrimiento-del-agua\/"},"modified":"2026-04-26T16:09:32","modified_gmt":"2026-04-26T19:09:32","slug":"miraflores-rapida-respuesta-del-gobierno-provincial-para-acelerar-el-escurrimiento-del-agua","status":"publish","type":"post","link":"https:\/\/chacosintesis.com.ar\/index.php\/miraflores-rapida-respuesta-del-gobierno-provincial-para-acelerar-el-escurrimiento-del-agua\/","title":{"rendered":"Miraflores: R\u00e1pida Respuesta Del Gobierno Provincial Para Acelerar El Escurrimiento Del Agua"},"content":{"rendered":"<p><\/p>\n<div id=\"\">\n<p><strong>Tras la recorrida realizada este s\u00e1bado por el gobernador Leandro Zdero en Miraflores, este domingo desde las primeras horas de esta ma\u00f1ana se pusieron en marcha los trabajos comprometidos para acelerar el escurrimiento del agua en las zonas m\u00e1s afectadas.<br \/><\/strong><br \/>\u201cA partir de las 7:30, una m\u00e1quina enviada por la Administraci\u00f3n Provincial del Agua (APA) comenz\u00f3 a operar en el sector urbano, desde donde posteriormente se traslad\u00f3 hacia el Lote 88, considerado uno de los puntos m\u00e1s cr\u00edticos. En paralelo, tambi\u00e9n se encuentra trabajando maquinaria de Vialidad Provincial, lo que permite reforzar las tareas y optimizar los tiempos de respuesta\u201d-expres\u00f3 Luis Castagno, vocal de APA. <br \/>Estas acciones forman parte del r\u00e1pido accionar del Gobierno provincial, en cumplimiento de los compromisos asumidos durante la visita del mandatario provincial, con el objetivo de desagotar lo antes posible el agua acumulada en viviendas y sectores anegados.<br \/>Durante el operativo estuvieron presentes tambi\u00e9n el concejal Roberto Gil y el presidente del consorcio local, Antonio Albornoz, quienes acompa\u00f1an los trabajos en territorio y colaboran con la organizaci\u00f3n de la asistencia a los vecinos.<br \/>Desde el Gobierno provincial destacaron que la intervenci\u00f3n conjunta de los distintos organismos permite dar respuestas concretas ante la emergencia, <strong>priorizando el bienestar de las familias afectadas y avanzando en soluciones inmediatas para normalizar la situaci\u00f3n en la localidad.<\/strong><\/p>\n<\/p><\/div>\n","protected":false},"excerpt":{"rendered":"<p>Tras la recorrida realizada este s\u00e1bado por el gobernador Leandro Zdero en Miraflores, este domingo desde las primeras horas de esta ma\u00f1ana se pusieron en marcha los trabajos comprometidos para acelerar el escurrimiento del agua en las zonas m\u00e1s afectadas.\u201cA partir de las 7:30, una m\u00e1quina enviada por la Administraci\u00f3n Provincial del Agua (APA) comenz\u00f3 [&hellip;]<\/p>\n","protected":false},"author":1,"featured_media":220464,"comment_status":"closed","ping_status":"","sticky":false,"template":"","format":"standard","meta":{"footnotes":""},"categories":[6],"tags":[],"class_list":{"0":"post-220453","1":"post","2":"type-post","3":"status-publish","4":"format-standard","5":"has-post-thumbnail","7":"category-chaco"},"_links":{"self":[{"href":"https:\/\/chacosintesis.com.ar\/index.php\/wp-json\/wp\/v2\/posts\/220453","targetHints":{"allow":["GET"]}}],"collection":[{"href":"https:\/\/chacosintesis.com.ar\/index.php\/wp-json\/wp\/v2\/posts"}],"about":[{"href":"https:\/\/chacosintesis.com.ar\/index.php\/wp-json\/wp\/v2\/types\/post"}],"author":[{"embeddable":true,"href":"https:\/\/chacosintesis.com.ar\/index.php\/wp-json\/wp\/v2\/users\/1"}],"replies":[{"embeddable":true,"href":"https:\/\/chacosintesis.com.ar\/index.php\/wp-json\/wp\/v2\/comments?post=220453"}],"version-history":[{"count":1,"href":"https:\/\/chacosintesis.com.ar\/index.php\/wp-json\/wp\/v2\/posts\/220453\/revisions"}],"predecessor-version":[{"id":220465,"href":"https:\/\/chacosintesis.com.ar\/index.php\/wp-json\/wp\/v2\/posts\/220453\/revisions\/220465"}],"wp:featuredmedia":[{"embeddable":true,"href":"https:\/\/chacosintesis.com.ar\/index.php\/wp-json\/wp\/v2\/media\/220464"}],"wp:attachment":[{"href":"https:\/\/chacosintesis.com.ar\/index.php\/wp-json\/wp\/v2\/media?parent=220453"}],"wp:term":[{"taxonomy":"category","embeddable":true,"href":"https:\/\/chacosintesis.com.ar\/index.php\/wp-json\/wp\/v2\/categories?post=220453"},{"taxonomy":"post_tag","embeddable":true,"href":"https:\/\/chacosintesis.com.ar\/index.php\/wp-json\/wp\/v2\/tags?post=220453"}],"curies":[{"name":"wp","href":"https:\/\/api.w.org\/{rel}","templated":true}]}}