{"id":220441,"date":"2026-04-26T16:04:07","date_gmt":"2026-04-26T19:04:07","guid":{"rendered":"http:\/\/chacosintesis.com.ar\/index.php\/franco-colapinto-deslumbro-al-publico-argentino-con-una-exhibicion-a-pura-velocidad\/"},"modified":"2026-04-26T16:04:07","modified_gmt":"2026-04-26T19:04:07","slug":"franco-colapinto-deslumbro-al-publico-argentino-con-una-exhibicion-a-pura-velocidad","status":"publish","type":"post","link":"https:\/\/chacosintesis.com.ar\/index.php\/franco-colapinto-deslumbro-al-publico-argentino-con-una-exhibicion-a-pura-velocidad\/","title":{"rendered":"Franco Colapinto deslumbr\u00f3 al p\u00fablico argentino con una exhibici\u00f3n a pura velocidad"},"content":{"rendered":"<p><img decoding=\"async\" src=\"data:image\/gif;base64,R0lGODlhAQABAIAAAAAAAP\/\/\/ywAAAAAAQABAAACAUwAOw==\" fifu-lazy=\"1\" fifu-data-sizes=\"auto\" fifu-data-srcset=\"https:\/\/i0.wp.com\/chacosintesis.com.ar\/wp-content\/uploads\/2026\/04\/Franco-Colapinto-deslumbro-al-publico-argentino-con-una-exhibicion-a.jpg?ssl=1&w=75&resize=75&ssl=1 75w, https:\/\/i0.wp.com\/chacosintesis.com.ar\/wp-content\/uploads\/2026\/04\/Franco-Colapinto-deslumbro-al-publico-argentino-con-una-exhibicion-a.jpg?ssl=1&w=100&resize=100&ssl=1 100w, https:\/\/i0.wp.com\/chacosintesis.com.ar\/wp-content\/uploads\/2026\/04\/Franco-Colapinto-deslumbro-al-publico-argentino-con-una-exhibicion-a.jpg?ssl=1&w=150&resize=150&ssl=1 150w, https:\/\/i0.wp.com\/chacosintesis.com.ar\/wp-content\/uploads\/2026\/04\/Franco-Colapinto-deslumbro-al-publico-argentino-con-una-exhibicion-a.jpg?ssl=1&w=240&resize=240&ssl=1 240w, https:\/\/i0.wp.com\/chacosintesis.com.ar\/wp-content\/uploads\/2026\/04\/Franco-Colapinto-deslumbro-al-publico-argentino-con-una-exhibicion-a.jpg?ssl=1&w=320&resize=320&ssl=1 320w, https:\/\/i0.wp.com\/chacosintesis.com.ar\/wp-content\/uploads\/2026\/04\/Franco-Colapinto-deslumbro-al-publico-argentino-con-una-exhibicion-a.jpg?ssl=1&w=500&resize=500&ssl=1 500w, https:\/\/i0.wp.com\/chacosintesis.com.ar\/wp-content\/uploads\/2026\/04\/Franco-Colapinto-deslumbro-al-publico-argentino-con-una-exhibicion-a.jpg?ssl=1&w=640&resize=640&ssl=1 640w, https:\/\/i0.wp.com\/chacosintesis.com.ar\/wp-content\/uploads\/2026\/04\/Franco-Colapinto-deslumbro-al-publico-argentino-con-una-exhibicion-a.jpg?ssl=1&w=800&resize=800&ssl=1 800w, https:\/\/i0.wp.com\/chacosintesis.com.ar\/wp-content\/uploads\/2026\/04\/Franco-Colapinto-deslumbro-al-publico-argentino-con-una-exhibicion-a.jpg?ssl=1&w=1024&resize=1024&ssl=1 1024w, https:\/\/i0.wp.com\/chacosintesis.com.ar\/wp-content\/uploads\/2026\/04\/Franco-Colapinto-deslumbro-al-publico-argentino-con-una-exhibicion-a.jpg?ssl=1&w=1280&resize=1280&ssl=1 1280w, https:\/\/i0.wp.com\/chacosintesis.com.ar\/wp-content\/uploads\/2026\/04\/Franco-Colapinto-deslumbro-al-publico-argentino-con-una-exhibicion-a.jpg?ssl=1&w=1600&resize=1600&ssl=1 1600w\" fifu-data-src=\"https:\/\/i0.wp.com\/chacosintesis.com.ar\/wp-content\/uploads\/2026\/04\/Franco-Colapinto-deslumbro-al-publico-argentino-con-una-exhibicion-a.jpg?ssl=1\" \/><\/p>\n<div id=\"\">\n<p id=\"p-1777220573563-74043\" data-start=\"324\" data-end=\"639\"><strong> <a href=\"https:\/\/www.ambito.com\/deportes\/road-show-caba-franco-colapinto-probo-la-flecha-plata-replica-la-que-uso-juan-manuel-fangio-n6270968\" target=\"_blank\" rel=\"follow\">Franco Colapinto<\/a><\/strong> transform\u00f3 una exhibici\u00f3n automovil\u00edstica en una fiesta. En su primera salida en Argentina con el <strong data-start=\"439\" data-end=\"452\">Lotus E20<\/strong>, el piloto argentino deslumbr\u00f3 a miles de fan\u00e1ticos con una demostraci\u00f3n cargada de velocidad, precisi\u00f3n y carisma, en una jornada que tuvo clima de celebraci\u00f3n y sabor a acontecimiento.<\/p>\n<\/div>\n<div id=\"\">\n<p id=\"p-1777220573563-22829\" data-start=\"641\" data-end=\"917\">El rugido del motor fue apenas el comienzo. Cada aceleraci\u00f3n, cada pasada y cada maniobra fueron acompa\u00f1adas por una multitud que respondi\u00f3 como si estuviera frente a una carrera oficial. Hubo ovaci\u00f3n, banderas y un entusiasmo que confirm\u00f3 el fen\u00f3meno que despierta Colapinto.<\/p>\n<\/div>\n<div id=\"\">\n<h2 id=\"p-1777227047982-47874\" data-start=\"641\" data-end=\"917\">Franco Colapinto manej\u00f3 la Flecha de Plata de Fangio<\/h2>\n<p id=\"p-1777227070036-28195\"><strong>En el segundo turno, el piloto de Pilar manej\u00f3 el hist\u00f3rico Mercedes-Benz W196, <\/strong>la famosa<strong> Flecha de Plata<\/strong>, la legendaria m\u00e1quina de Juan Manuel Fangio, pr\u00f3cer de la F\u00f3rmula 1 a nivel mundial.<\/p>\n<\/div>\n<div id=\"\">\n<div contenteditable=\"false\" class=\"embed_cont type_video\" id=\"8216545-1183505175_wrap\" style=\"opacity:1;height:auto;\">\n<p>Franco Colapinto, Flecha de Plata, Fangio <span onclick=\"parent.parent.TinyMCETdcuerpo.preview_embed('8216545-1183505175')\" class=\"embed_colapse less\" id=\"8216545-1183505175_colapse\"\/>  <span onclick=\"parent.parent.TinyMCETdcuerpo.delete_embed('8216545-1183505175')\" class=\"embed_delete less\" id=\"8216545-1183505175_delete\"\/><\/p>\n<\/p><\/div>\n<h2 id=\"p-1777220573563-76293\">El show de Franco Colapinto que fascin\u00f3 al p\u00fablico<\/h2>\n<p id=\"p-1777220573563-73381\" data-start=\"955\" data-end=\"1159\">La exhibici\u00f3n tuvo todos los condimentos de un gran espect\u00e1culo. Colapinto no s\u00f3lo mostr\u00f3 el potencial del monoplaza, tambi\u00e9n conect\u00f3 con la gente y convirti\u00f3 cada salida a pista en un momento de euforia.<\/p>\n<\/div>\n<div id=\"\">\n<p id=\"p-1777220573563-1327\" data-start=\"1161\" data-end=\"1358\">El p\u00fablico respondi\u00f3 con una energ\u00eda pocas veces vista en una demostraci\u00f3n de este tipo. Familias, fan\u00e1ticos del automovilismo y nuevos seguidores del piloto coparon la jornada para verlo de cerca. M\u00e1s que una prueba, fue una celebraci\u00f3n del presente que vive el argentino.<\/p>\n<\/div>\n<div id=\"\">\n<div contenteditable=\"false\" class=\"embed_cont type_video\" id=\"8216522-109112427_wrap\">\n<p>video demostracion franco colapinto lotus e20 1 <span onclick=\"parent.parent.TinyMCETdcuerpo.preview_embed('8216522-109112427')\" class=\"embed_colapse less\" id=\"8216522-109112427_colapse\"\/>  <span onclick=\"parent.parent.TinyMCETdcuerpo.delete_embed('8216522-109112427')\" class=\"embed_delete less\" id=\"8216522-109112427_delete\"\/><\/p>\n<\/p><\/div>\n<h2 id=\"p-1777220573563-22973\">El Lotus E20, una joya que se rob\u00f3 miradas<\/h2>\n<p id=\"p-1777220573563-31139\" data-start=\"1485\" data-end=\"1537\">El <strong data-start=\"1542\" data-end=\"1555\">Lotus E20<\/strong>, un monoplaza ic\u00f3nico de F\u00f3rmula 1, aport\u00f3 \u00e9pica a una jornada que ya ven\u00eda cargada de expectativa. El sonido del motor, la potencia y la est\u00e9tica del auto terminaron de darle una dimensi\u00f3n especial a la exhibici\u00f3n.<\/p>\n<p id=\"p-1777220573563-30194\" data-start=\"1773\" data-end=\"1879\">Pero aun con semejante m\u00e1quina como protagonista, la atenci\u00f3n termin\u00f3 concentr\u00e1ndose en quien la conduc\u00eda. Colapinto fue el centro de todo.<\/p>\n<div contenteditable=\"false\" class=\"embed_cont type_video\" id=\"8216521-1088625901_wrap\">\n<p>video demostracion franco colapinto lotus e20 <span onclick=\"parent.parent.TinyMCETdcuerpo.preview_embed('8216521-1088625901')\" class=\"embed_colapse less\" id=\"8216521-1088625901_colapse\"\/>  <span onclick=\"parent.parent.TinyMCETdcuerpo.delete_embed('8216521-1088625901')\" class=\"embed_delete less\" id=\"8216521-1088625901_delete\"\/><\/p>\n<\/p><\/div>\n<h2 id=\"p-1777226153856-2531\">Colapinto habl\u00f3 de la posibilidad de conocer a Messi en Miami: &#8220;Tengo muchas ganas&#8221;<\/h2>\n<p id=\"p-1777226171370-21933\"><strong>Franco Colapinto <\/strong>habl\u00f3 de la posibilidad de reunirse con Lionel Messi en los pr\u00f3ximos d\u00edas. &#8220;Yo no organizo nada. <strong>Tengo muchas ganas de conocerlo hace mucho tiempo, pero quiero que sea algo natural y que no vengan c\u00e1maras o sea algo de marketing, porque me dar\u00eda mucha verg\u00fcenza<\/strong>&#8220;, se\u00f1alo el piloto de Alpine, fan\u00e1tico del f\u00fatbol, a d\u00edas de viajar a la ciudad de Florida para el Gran Premio de la F\u00f3rmula 1.<\/p>\n<p id=\"p-1777226171370-22864\">Y complet\u00f3: &#8220;Me encantar\u00eda conocerlo, pero que se d\u00e9 natural. Si sucede, sucede, y si no en otro momento&#8221;. Colapinto correr\u00e1 en el GP de Miami, la cuarta fecha de la temporada, entre el viernes 1\u00b0 y el domingo 3 de mayo. \u00bfY Messi? Inter Miami, equipo del que es capit\u00e1n y figura, recibir\u00e1 a Orlando City el s\u00e1bado, en una nueva edici\u00f3n del Derbi del Sol por la MLS.<\/p>\n<h2 id=\"p-1777226171370-1796\">El GP de Argentina, la gran ilusi\u00f3n de Colapinto<\/h2>\n<p id=\"p-1777226171370-23392\">En el escenario, con Juan Fossaroli y Nico Occhiato, Colapinto tambi\u00e9n habl\u00f3 de lo que le genera una exhibici\u00f3n como la de este domingo, con cientos de miles de fan\u00e1ticos: &#8220;Era algo que quer\u00eda hacer hac\u00eda mucho tiempo. Venir a un fan zone en Argentina, no en la F1 en China, es un orgullo enorme. Estoy muy agradecido, s\u00e9 que es un esfuerzo muy grande venir hasta ac\u00e1, que hubo mucho tr\u00e1nsito y algunos vienen de provincias. Es un orgullo venir y traerles un F\u00f3rmula 1 para que puedan vivir la experiencia de cerca.<strong> Ojal\u00e1 despu\u00e9s de este show le podamos demostrar a la F1 lo que generamos y que volvamos dentro de muy poquito a tener un Gran Premio en Argentina<\/strong>&#8220;.<\/p>\n<p id=\"p-1777226171370-33331\">&#8220;Es un sue\u00f1o y creo que esta es una forma muy buena de demostrarle a la F1 lo que puede llegar a ser en un futuro. Es una gran oportunidad, as\u00ed que ojal\u00e1 sea un buen d\u00eda. <strong>Es una parte muy importante del futuro de nuestro pa\u00eds en la F1. <\/strong>Para m\u00ed es un orgullo ser yo el piloto que llegu\u00e9&#8221;, a\u00f1adi\u00f3.<\/p>\n<p id=\"p-1777226171370-52525\">Y cerr\u00f3: &#8220;Cuando era muy chiquito, no ten\u00eda ning\u00fan argentino para apoyar. Bancaba a <strong>Checo P\u00e9rez<\/strong>, que era el m\u00e1s cercano a nosotros y el piloto por el que me levantaba a la ma\u00f1ana para verlo correr, pero no ten\u00eda a un piloto de mi pa\u00eds para bancar. Si bien era mi sue\u00f1o, ser yo hoy el piloto que les est\u00e1 dando eso a los argentinos, que se levantan a la ma\u00f1ana para verme, a chicos que me empiezan a seguir y se meten en el automovilismo gracias a lo que consegu\u00ed. Eso me genera mucha emoci\u00f3n y me ilusiona un mont\u00f3n. Estoy feliz por lo que conseguimos juntos y por lo que se gener\u00f3&#8221;.<\/p>\n<h2 id=\"p-1777220573563-85545\">Franco Colapinto: ovaci\u00f3n y fen\u00f3meno popular<\/h2>\n<p id=\"p-1777220573563-36856\" data-start=\"1947\" data-end=\"2030\">La jornada volvi\u00f3 a mostrar que el piloto ya trasciende el nicho del automovilismo. Lo que se vio fue algo m\u00e1s parecido a una idolatr\u00eda deportiva en construcci\u00f3n.<\/p>\n<p id=\"p-1777220573563-40369\" data-start=\"2112\" data-end=\"2171\">Cada aparici\u00f3n suya fue celebrada. Cada saludo, ovacionado. Y eso alimenta una narrativa que crece carrera tras carrera: Colapinto no s\u00f3lo genera expectativas deportivas, tambi\u00e9n moviliza algo emocional.<\/p>\n<h2 id=\"p-1777220573563-69080\">Un momento especial para el automovilismo argentino<\/h2>\n<p id=\"p-1777220573563-94369\" data-start=\"2376\" data-end=\"2420\">La exhibici\u00f3n tuvo adem\u00e1s un peso simb\u00f3lico. En un pa\u00eds con tradici\u00f3n fierrera y nostalgia por la F\u00f3rmula 1, ver a un piloto argentino protagonizando una jornada as\u00ed activ\u00f3 algo m\u00e1s profundo que el entusiasmo por una promesa.<\/p>\n<p id=\"p-1777220573563-99683\" data-start=\"2604\" data-end=\"2651\">Para muchos fan\u00e1ticos fue una postal de futuro. Una escena que invita a imaginar a Colapinto en escenarios todav\u00eda mayores.<\/p>\n<\/p><\/div>\n<p><script>\n!function(f,b,e,v,n,t,s)\n{if(f.fbq)return;n=f.fbq=function(){n.callMethod?\nn.callMethod.apply(n,arguments):n.queue.push(arguments)};\nif(!f._fbq)f._fbq=n;n.push=n;n.loaded=!0;n.version='2.0';\nn.queue=[];t=b.createElement(e);t.async=!0;\nt.src=v;s=b.getElementsByTagName(e)[0];\ns.parentNode.insertBefore(t,s)}(window,document,'script',\n'https:\/\/connect.facebook.net\/en_US\/fbevents.js');\nfbq('init', '2047048335588113');\nfbq('track', 'PageView');\n<\/script><\/p>\n<p>Ambito.-<\/p>\n","protected":false},"excerpt":{"rendered":"<p>Franco Colapinto transform\u00f3 una exhibici\u00f3n automovil\u00edstica en una fiesta. En su primera salida en Argentina con el Lotus E20, el piloto argentino deslumbr\u00f3 a miles de fan\u00e1ticos con una demostraci\u00f3n cargada de velocidad, precisi\u00f3n y carisma, en una jornada que tuvo clima de celebraci\u00f3n y sabor a acontecimiento. El rugido del motor fue apenas el [&hellip;]<\/p>\n","protected":false},"author":1,"featured_media":220452,"comment_status":"closed","ping_status":"","sticky":false,"template":"","format":"standard","meta":{"footnotes":""},"categories":[7],"tags":[],"class_list":{"0":"post-220441","1":"post","2":"type-post","3":"status-publish","4":"format-standard","5":"has-post-thumbnail","7":"category-deportes"},"_links":{"self":[{"href":"https:\/\/chacosintesis.com.ar\/index.php\/wp-json\/wp\/v2\/posts\/220441","targetHints":{"allow":["GET"]}}],"collection":[{"href":"https:\/\/chacosintesis.com.ar\/index.php\/wp-json\/wp\/v2\/posts"}],"about":[{"href":"https:\/\/chacosintesis.com.ar\/index.php\/wp-json\/wp\/v2\/types\/post"}],"author":[{"embeddable":true,"href":"https:\/\/chacosintesis.com.ar\/index.php\/wp-json\/wp\/v2\/users\/1"}],"replies":[{"embeddable":true,"href":"https:\/\/chacosintesis.com.ar\/index.php\/wp-json\/wp\/v2\/comments?post=220441"}],"version-history":[{"count":0,"href":"https:\/\/chacosintesis.com.ar\/index.php\/wp-json\/wp\/v2\/posts\/220441\/revisions"}],"wp:featuredmedia":[{"embeddable":true,"href":"https:\/\/chacosintesis.com.ar\/index.php\/wp-json\/wp\/v2\/media\/220452"}],"wp:attachment":[{"href":"https:\/\/chacosintesis.com.ar\/index.php\/wp-json\/wp\/v2\/media?parent=220441"}],"wp:term":[{"taxonomy":"category","embeddable":true,"href":"https:\/\/chacosintesis.com.ar\/index.php\/wp-json\/wp\/v2\/categories?post=220441"},{"taxonomy":"post_tag","embeddable":true,"href":"https:\/\/chacosintesis.com.ar\/index.php\/wp-json\/wp\/v2\/tags?post=220441"}],"curies":[{"name":"wp","href":"https:\/\/api.w.org\/{rel}","templated":true}]}}