{"id":22042,"date":"2023-05-23T15:30:22","date_gmt":"2023-05-23T18:30:22","guid":{"rendered":"https:\/\/chacosintesis.com.ar\/?p=22042"},"modified":"2023-05-23T15:37:21","modified_gmt":"2023-05-23T18:37:21","slug":"construiran-dos-nuevos-edificios-escolares-para-mas-de-2-000-alumnos-de-resistencia-y-la-verde","status":"publish","type":"post","link":"https:\/\/chacosintesis.com.ar\/index.php\/construiran-dos-nuevos-edificios-escolares-para-mas-de-2-000-alumnos-de-resistencia-y-la-verde\/","title":{"rendered":"Construir\u00e1n dos nuevos edificios escolares para m\u00e1s de 2.000 alumnos de Resistencia y La Verde"},"content":{"rendered":"<p>El gobernador Capitanich junto al ministro de Educaci\u00f3n de la provincia concretaron un nuevo paso en la licitaci\u00f3n para la construcci\u00f3n de dos nuevos centros de estudio en dos puntos de la provincia, donde se dictar\u00e1n carreras t\u00e9cnicas y de formaci\u00f3n profesional.<br \/>\nEste martes por la ma\u00f1ana, el gobernador Jorge Capitanich llev\u00f3 adelante la apertura de sobres de licitaci\u00f3n para la construcci\u00f3n de dos nuevos edificios escolares en las localidades de Resistencia y La Verde, lo que ser\u00e1 con una inversi\u00f3n total de m\u00e1s de $1.474 millones para beneficio de 2.465 alumnos.<br \/>\n\u201cHoy es un gran d\u00eda\u201d, resalt\u00f3 el gobernador, y se\u00f1al\u00f3 que estas \u201cson obras que duran tiempo, y ojal\u00e1 que 2024 y 2025 nos encuentre inaugur\u00e1ndolas para bienestar del pueblo chaque\u00f1o\u201d. \u201cEstos son edificios emblem\u00e1ticos a lo largo y ancho de la provincia, son grandes desaf\u00edos de infraestructura, y lo que uno advierte es que la matr\u00edcula ha progresado de manera significativa, y eso se llama inclusi\u00f3n escolar y social educativa\u201d, sostuvo.<br \/>\nUna de las obras licitadas se trata del edificio escolar a realizarse por calle Catamarca, entre Av. \u00c1valos y Formosa de la ciudad de Resistencia, para funcionamiento del Instituto de Educaci\u00f3n Superior &#8211; Educaci\u00f3n T\u00e9cnica y Formaci\u00f3n Profesional (Ieset y FP) y el Centro Educativo de Nivel Terciario N\u00b0 51, con una inversi\u00f3n de $737.552.988,16 para los 1.865 estudiantes.<br \/>\nEl establecimiento contar\u00e1 con una planta baja y cuatro pisos en forma de \u201cL\u201d con red de agua potable, red de energ\u00eda el\u00e9ctrica, red de cloaca, limpieza y barrido de calles, recolecci\u00f3n de residuos, sem\u00e1foros, se\u00f1al\u00e9ticas. Tendr\u00e1 espacio para las tareas administrativas, aulas, salones comunes, sanitarios, bar-cantina con librer\u00eda y fotocopiado, biblioteca, laboratorios, taller inform\u00e1tico, centro de medios audiovisuales, aula taller, entre otros espacios.<br \/>\nA su vez, se avanz\u00f3 con la construcci\u00f3n del edificio escolar para la Escuela Secundaria T\u00e9cnica y de Formaci\u00f3n Profesional de la localidad de La Verde, esta obra contar\u00e1 con un financiamiento de $736.999.720,46. La escuela ser\u00e1 creada en convenio con el Gobierno Nacional, y ya cuenta con una matr\u00edcula aproximada de 600 estudiantes para los tres turnos con un enfoque en carreras prioritarias.<br \/>\nEsta instituci\u00f3n contar\u00e1 con aulas, talleres, laboratorios, biblioteca, sanitarios, \u00e1rea administrativa, office y sanitarios para docentes, SUM y espacios de encuentro, y brindar\u00e1 capacitaciones en Agroindustria, Bioeconom\u00eda, Construcciones, Econom\u00eda del Conocimiento, Energ\u00eda, Industria textil, Miner\u00eda, Mec\u00e1nica automotriz, Metalmec\u00e1nica, Madera y Muebles, Petr\u00f3leo y gas, Tecnolog\u00eda 4.0 y Telecomunicaciones.<br \/>\n\u201cEstamos llegando en educaci\u00f3n secundaria y terciaria a un proceso de ampliaci\u00f3n de igualdad de oportunidades para distintos alumnos y alumnas en distintos lugares de la provincia, para lo cual hay que tener edificios escolares, pero tambi\u00e9n recursos humanos calificados para el proceso de ense\u00f1anza, garantizar la igualdad de oportunidades a los alumnos y alumnas\u201d, refrend\u00f3 el gobernador.<br \/>\nEn ese sentido, record\u00f3 que ya son 250 unidades educativas intervenidas \u201cdesde inversiones menores hasta estructurales\u201d, y explic\u00f3 que \u201ceso implica m\u00e1s o menos una inversi\u00f3n de $6.000 millones solamente en Resistencia\u201d.<br \/>\n<<a href=\"http:\/\/www.avg.com\/email-signature?utm_medium=email&#038;utm_source=link&#038;utm_campaign=sig-email&#038;utm_content=webmail\">www.avg.com\/email-signature?utm_medium=email&amp;utm_source=link&amp;utm_campaign=sig-email&amp;utm_content=webmail<\/a>> Libre de virus.www.avg.com <<a href=\"http:\/\/www.avg.com\/email-signature?utm_medium=email&#038;utm_source=link&#038;utm_campaign=sig-email&#038;utm_content=webmail\">www.avg.com\/email-signature?utm_medium=email&amp;utm_source=link&amp;utm_campaign=sig-email&amp;utm_content=webmail<\/a>> <#DAB4FAD8-2DD7-40BB-A1B8-4E2AA1F9FDF2><\/p>\n","protected":false},"excerpt":{"rendered":"<p>El gobernador Capitanich junto al ministro de Educaci\u00f3n de la provincia concretaron un nuevo paso en la licitaci\u00f3n para la construcci\u00f3n de dos nuevos centros de estudio en dos puntos de la provincia, donde se dictar\u00e1n carreras t\u00e9cnicas y de formaci\u00f3n profesional. Este martes por la ma\u00f1ana, el gobernador Jorge Capitanich llev\u00f3 adelante la apertura [&hellip;]<\/p>\n","protected":false},"author":1,"featured_media":22043,"comment_status":"closed","ping_status":"closed","sticky":false,"template":"","format":"standard","meta":{"footnotes":""},"categories":[6],"tags":[],"class_list":{"0":"post-22042","1":"post","2":"type-post","3":"status-publish","4":"format-standard","5":"has-post-thumbnail","7":"category-chaco"},"_links":{"self":[{"href":"https:\/\/chacosintesis.com.ar\/index.php\/wp-json\/wp\/v2\/posts\/22042","targetHints":{"allow":["GET"]}}],"collection":[{"href":"https:\/\/chacosintesis.com.ar\/index.php\/wp-json\/wp\/v2\/posts"}],"about":[{"href":"https:\/\/chacosintesis.com.ar\/index.php\/wp-json\/wp\/v2\/types\/post"}],"author":[{"embeddable":true,"href":"https:\/\/chacosintesis.com.ar\/index.php\/wp-json\/wp\/v2\/users\/1"}],"replies":[{"embeddable":true,"href":"https:\/\/chacosintesis.com.ar\/index.php\/wp-json\/wp\/v2\/comments?post=22042"}],"version-history":[{"count":0,"href":"https:\/\/chacosintesis.com.ar\/index.php\/wp-json\/wp\/v2\/posts\/22042\/revisions"}],"wp:featuredmedia":[{"embeddable":true,"href":"https:\/\/chacosintesis.com.ar\/index.php\/wp-json\/wp\/v2\/media\/22043"}],"wp:attachment":[{"href":"https:\/\/chacosintesis.com.ar\/index.php\/wp-json\/wp\/v2\/media?parent=22042"}],"wp:term":[{"taxonomy":"category","embeddable":true,"href":"https:\/\/chacosintesis.com.ar\/index.php\/wp-json\/wp\/v2\/categories?post=22042"},{"taxonomy":"post_tag","embeddable":true,"href":"https:\/\/chacosintesis.com.ar\/index.php\/wp-json\/wp\/v2\/tags?post=22042"}],"curies":[{"name":"wp","href":"https:\/\/api.w.org\/{rel}","templated":true}]}}