{"id":220403,"date":"2026-04-26T14:02:09","date_gmt":"2026-04-26T17:02:09","guid":{"rendered":"https:\/\/chacosintesis.com.ar\/index.php\/resistencia-operativo-de-control-en-boliches-demoran-un-joven-con-replica-de-arma\/"},"modified":"2026-04-26T14:02:52","modified_gmt":"2026-04-26T17:02:52","slug":"resistencia-operativo-de-control-en-boliches-demoran-un-joven-con-replica-de-arma","status":"publish","type":"post","link":"https:\/\/chacosintesis.com.ar\/index.php\/resistencia-operativo-de-control-en-boliches-demoran-un-joven-con-replica-de-arma\/","title":{"rendered":"RESISTENCIA: Operativo De Control En Boliches: Demoran Un Joven Con R\u00e9plica De Arma"},"content":{"rendered":"<p><\/p>\n<div id=\"post-362744\">\n<p><\/p>\n<div class=\"single-post-image\">\n<figure><\/figure>\n<\/p><\/div>\n<p><!-- .single-post-image --><br \/>\n\t\t<!-- .entry-header --><\/p>\n<div class=\"entry-content\">\n<p>Durante la desconcentraci\u00f3n\u00a0 los agentes visualizaron a un joven de 19 a\u00f1os, quien portaba una r\u00e9plica de arma de fuego color negro, en su cintura. R\u00e0pidamente lo interceptaron.<\/p>\n<p>El elemento fue secuestrado y el joven trasladado a la Comisar\u00eda Segunda de Resistencia. En el operativo participaron efectivos de la Divisi\u00f3n\u00a0 Patrulla Preventiva, Divisi\u00f3n Caminantes, Departamentos Cuerpo de Operaciones Especiales,\u00a0 Departamento Fuerza de Operaciones Estrat\u00e9gicas Femeninas, Comisarias, Polic\u00eda Caminera y otras unidades especiales.<\/p>\n<div class=\"heateor_sss_sharing_container heateor_sss_horizontal_sharing\" data-heateor-sss-href=\"https:\/\/www.noticiasdelparana.com.ar\/NuevaEdicion\/2026\/04\/26\/resistencia-operativo-de-control-en-boliches-demoran-un-joven-con-replica-de-arma\/\">\n<p>Compart\u00ed esta nota en tus redes sociales&#8230;<\/p>\n<\/div><\/div>\n<p><!-- .entry-content --><\/p>\n<p>\t<!-- .entry-footer -->\n<\/div>\n<p><img decoding=\"async\" src=\"\"><\/p>\n<p>Noticias del Paran\u00e1<\/p>\n","protected":false},"excerpt":{"rendered":"<p>Durante la desconcentraci\u00f3n\u00a0 los agentes visualizaron a un joven de 19 a\u00f1os, quien portaba una r\u00e9plica de arma de fuego color negro, en su cintura. R\u00e0pidamente lo interceptaron. El elemento fue secuestrado y el joven trasladado a la Comisar\u00eda Segunda de Resistencia. En el operativo participaron efectivos de la Divisi\u00f3n\u00a0 Patrulla Preventiva, Divisi\u00f3n Caminantes, Departamentos [&hellip;]<\/p>\n","protected":false},"author":1,"featured_media":220414,"comment_status":"closed","ping_status":"","sticky":false,"template":"","format":"standard","meta":{"footnotes":""},"categories":[5],"tags":[],"class_list":{"0":"post-220403","1":"post","2":"type-post","3":"status-publish","4":"format-standard","5":"has-post-thumbnail","7":"category-policiales"},"_links":{"self":[{"href":"https:\/\/chacosintesis.com.ar\/index.php\/wp-json\/wp\/v2\/posts\/220403","targetHints":{"allow":["GET"]}}],"collection":[{"href":"https:\/\/chacosintesis.com.ar\/index.php\/wp-json\/wp\/v2\/posts"}],"about":[{"href":"https:\/\/chacosintesis.com.ar\/index.php\/wp-json\/wp\/v2\/types\/post"}],"author":[{"embeddable":true,"href":"https:\/\/chacosintesis.com.ar\/index.php\/wp-json\/wp\/v2\/users\/1"}],"replies":[{"embeddable":true,"href":"https:\/\/chacosintesis.com.ar\/index.php\/wp-json\/wp\/v2\/comments?post=220403"}],"version-history":[{"count":1,"href":"https:\/\/chacosintesis.com.ar\/index.php\/wp-json\/wp\/v2\/posts\/220403\/revisions"}],"predecessor-version":[{"id":220415,"href":"https:\/\/chacosintesis.com.ar\/index.php\/wp-json\/wp\/v2\/posts\/220403\/revisions\/220415"}],"wp:featuredmedia":[{"embeddable":true,"href":"https:\/\/chacosintesis.com.ar\/index.php\/wp-json\/wp\/v2\/media\/220414"}],"wp:attachment":[{"href":"https:\/\/chacosintesis.com.ar\/index.php\/wp-json\/wp\/v2\/media?parent=220403"}],"wp:term":[{"taxonomy":"category","embeddable":true,"href":"https:\/\/chacosintesis.com.ar\/index.php\/wp-json\/wp\/v2\/categories?post=220403"},{"taxonomy":"post_tag","embeddable":true,"href":"https:\/\/chacosintesis.com.ar\/index.php\/wp-json\/wp\/v2\/tags?post=220403"}],"curies":[{"name":"wp","href":"https:\/\/api.w.org\/{rel}","templated":true}]}}