{"id":220380,"date":"2026-04-26T11:02:16","date_gmt":"2026-04-26T14:02:16","guid":{"rendered":"https:\/\/chacosintesis.com.ar\/index.php\/homenaje-a-luis-brandoni-en-la-tv-abierta-canales-de-aire-emitiran-sus-peliculas-este-fin-de-semana_a69ebb4237825f88153a32077\/"},"modified":"2026-04-26T11:02:16","modified_gmt":"2026-04-26T14:02:16","slug":"homenaje-a-luis-brandoni-en-la-tv-abierta-canales-de-aire-emitiran-sus-peliculas-este-fin-de-semana_a69ebb4237825f88153a32077","status":"publish","type":"post","link":"https:\/\/chacosintesis.com.ar\/index.php\/homenaje-a-luis-brandoni-en-la-tv-abierta-canales-de-aire-emitiran-sus-peliculas-este-fin-de-semana_a69ebb4237825f88153a32077\/","title":{"rendered":"Homenaje a Luis Brandoni en la TV abierta: canales de aire emitir\u00e1n sus pel\u00edculas este fin de semana"},"content":{"rendered":"<p><img decoding=\"async\" src=\"data:image\/gif;base64,R0lGODlhAQABAIAAAAAAAP\/\/\/ywAAAAAAQABAAACAUwAOw==\" fifu-lazy=\"1\" fifu-data-sizes=\"auto\" fifu-data-srcset=\"https:\/\/i3.wp.com\/chacosintesis.com.ar\/wp-content\/uploads\/2026\/04\/Homenaje-a-Luis-Brandoni-en-la-TV-abierta-canales-de.jpeg?ssl=1&w=75&resize=75&ssl=1 75w, https:\/\/i3.wp.com\/chacosintesis.com.ar\/wp-content\/uploads\/2026\/04\/Homenaje-a-Luis-Brandoni-en-la-TV-abierta-canales-de.jpeg?ssl=1&w=100&resize=100&ssl=1 100w, https:\/\/i3.wp.com\/chacosintesis.com.ar\/wp-content\/uploads\/2026\/04\/Homenaje-a-Luis-Brandoni-en-la-TV-abierta-canales-de.jpeg?ssl=1&w=150&resize=150&ssl=1 150w, https:\/\/i3.wp.com\/chacosintesis.com.ar\/wp-content\/uploads\/2026\/04\/Homenaje-a-Luis-Brandoni-en-la-TV-abierta-canales-de.jpeg?ssl=1&w=240&resize=240&ssl=1 240w, https:\/\/i3.wp.com\/chacosintesis.com.ar\/wp-content\/uploads\/2026\/04\/Homenaje-a-Luis-Brandoni-en-la-TV-abierta-canales-de.jpeg?ssl=1&w=320&resize=320&ssl=1 320w, https:\/\/i3.wp.com\/chacosintesis.com.ar\/wp-content\/uploads\/2026\/04\/Homenaje-a-Luis-Brandoni-en-la-TV-abierta-canales-de.jpeg?ssl=1&w=500&resize=500&ssl=1 500w, https:\/\/i3.wp.com\/chacosintesis.com.ar\/wp-content\/uploads\/2026\/04\/Homenaje-a-Luis-Brandoni-en-la-TV-abierta-canales-de.jpeg?ssl=1&w=640&resize=640&ssl=1 640w, https:\/\/i3.wp.com\/chacosintesis.com.ar\/wp-content\/uploads\/2026\/04\/Homenaje-a-Luis-Brandoni-en-la-TV-abierta-canales-de.jpeg?ssl=1&w=800&resize=800&ssl=1 800w, https:\/\/i3.wp.com\/chacosintesis.com.ar\/wp-content\/uploads\/2026\/04\/Homenaje-a-Luis-Brandoni-en-la-TV-abierta-canales-de.jpeg?ssl=1&w=1024&resize=1024&ssl=1 1024w, https:\/\/i3.wp.com\/chacosintesis.com.ar\/wp-content\/uploads\/2026\/04\/Homenaje-a-Luis-Brandoni-en-la-TV-abierta-canales-de.jpeg?ssl=1&w=1280&resize=1280&ssl=1 1280w, https:\/\/i3.wp.com\/chacosintesis.com.ar\/wp-content\/uploads\/2026\/04\/Homenaje-a-Luis-Brandoni-en-la-TV-abierta-canales-de.jpeg?ssl=1&w=1600&resize=1600&ssl=1 1600w\" fifu-data-src=\"https:\/\/i3.wp.com\/chacosintesis.com.ar\/wp-content\/uploads\/2026\/04\/Homenaje-a-Luis-Brandoni-en-la-TV-abierta-canales-de.jpeg?ssl=1\" \/><\/p>\n<div itemprop=\"articleBody\">\n<p><a href=\"\/\"><strong>Buenos Aires, 24 abril (NA)<\/strong><\/a> &#8212;<strong> Canales de televisi\u00f3n abierta homenajear\u00e1n a Luis Brandoni durante este fin de semana<\/strong> y, tras el fallecimiento del reconocido actor el pasado lunes 20 de abril a los 86 a\u00f1os, por lo que se podr\u00e1 disfrutar de los t<strong>\u00edtulos m\u00e1s reconocidos que protagoniz\u00f3.<\/strong><\/p>\n<p>Seg\u00fan supo la <strong>Agencia Noticias Argentinas,<\/strong> esta marat\u00f3n f\u00edlmica permitir\u00e1 recordar al int\u00e9rprete en sus mejores trabajos. As\u00ed, <strong>Telefe emitir\u00e1 \u201cEl cuento de las comadrejas\u201d, a partir de las 16, seguido por el cl\u00e1sico de Alejandro Doria, \u201cEsperando la carroza\u201d, que tendr\u00e1 lugar a las 17.45.<\/strong><\/p>\n<p><strong>Por su parte, Am\u00e9rica TV pondr\u00e1 en la pantalla chica a \u201cMi obra maestra\u201d a las 22.30<\/strong>. Sin embargo, un sentido aparte tom\u00f3 <strong>Canal 13<\/strong>, que, seg\u00fan trascendi\u00f3 en las \u00faltimas horas, ten\u00eda planeado en su grilla la reproducci\u00f3n de <strong>\u201cLa odisea de los giles\u201d, lo que finalmente habr\u00eda sido cancelado.<\/strong><\/p>\n<p><tadevel-ad  class=\"block-4d\" slot-id=\"article-inline-01\"\/><\/p>\n<p><strong>\u201cEl cuento de las comadrejas\u201d<\/strong> fue dirigida por Juan Jos\u00e9 Campanella en 2019 y recibi\u00f3 m\u00faltiples nominaciones a los Premios Goya. Este film data de una producci\u00f3n espa\u00f1ola y, adem\u00e1s de Brandoni, en el elenco se encuentran Graciela Borges, Oscar Mart\u00ednez, Marcos Mundstock, Clara Lago y Nicol\u00e1s Francella.<\/p>\n<p>La comedia negra sigue a una gran actriz de la \u00e9poca dorada del cine, a un actor en el ocaso de su vida, a un guionista cinematogr\u00e1fico frustrado y a un viejo director que conviven hace a\u00f1os entre risas y sarcasmos.<\/p>\n<p><strong>\u201cEsperando la carroza\u201d<\/strong> es considerada una de las comedias m\u00e1s ic\u00f3nicas del pa\u00eds y este \u201crefresh\u201d de cl\u00e1sicos permite llevar el contenido a las nuevas generaciones. Con un abordaje del humor negro, el relato de lo cotidiano se vuelve anecd\u00f3tico.<\/p>\n<p><tadevel-ad  class=\"block-4d\" slot-id=\"article-inline-02\"\/><\/p>\n<p>La pel\u00edcula de 1985 completa su elenco con estrellas como Antonio Gasalla, China Zorrilla, Betiana Blum, M\u00f3nica Villa, Juan Manuel Tenuta, Andrea Tenuta, Julio De Grazia y Lidia Catalano.<\/p>\n<p>En su estreno en 1985 no tuvo mucho \u00e9xito ni buenas cr\u00edticas, pero con el correr de los a\u00f1os se convirti\u00f3 en un cl\u00e1sico del cine argentino y en una pel\u00edcula ic\u00f3nica con frases que quedaron para la historia.<\/p>\n<p style=\"--ipspy: __IP__;color: __IP__;text-decoration: __IP__;\" alt=\"__IP__\" data-ipspy=\"__IP__\" title=\"__IP__\"><strong>\u201cMi obra maestra\u201d<\/strong> fue dirigida por Gast\u00f3n Duprat y protagonizada por Guillermo Francella y Luis Brandoni. Se posicion\u00f3 a nivel internacional cuando fue seleccionada para participar en la 75.\u00aa edici\u00f3n del Festival de Venecia.<span style=\"opacity: 0;\" data-nosnippet=\"\">__IP__<\/span><\/p>\n<p>La historia sigue a un galerista de arte encantador, sofisticado y un tanto inescrupuloso. Tiene su propia galer\u00eda de arte en el centro de Buenos Aires, ciudad que le fascina desde siempre. En su camino se cruza Renzo, un pintor hosco, algo salvaje y en franca decadencia. Odia el contacto social y est\u00e1 al borde de la indigencia, sostenido solo por su \u00fanico alumno.\u00a0<\/p>\n<p><tadevel-ad  class=\"block-4d\" slot-id=\"article-inline-03\"\/><\/p>\n<p><a href=\"\/-agenciana_t6916e70a4551e78eb9423f59\">#AgenciaNA<\/a>\u00a0<\/p>\n<\/div>\n<p><img decoding=\"async\" src=\"data:image\/gif;base64,R0lGODlhAQABAIAAAAAAAP\/\/\/ywAAAAAAQABAAACAUwAOw==\" fifu-lazy=\"1\" fifu-data-sizes=\"auto\" fifu-data-srcset=\"https:\/\/i3.wp.com\/chacosintesis.com.ar\/wp-content\/uploads\/2026\/04\/1777212136_735_Homenaje-a-Luis-Brandoni-en-la-TV-abierta-canales-de.jpeg?ssl=1&w=75&resize=75&ssl=1 75w, https:\/\/i3.wp.com\/chacosintesis.com.ar\/wp-content\/uploads\/2026\/04\/1777212136_735_Homenaje-a-Luis-Brandoni-en-la-TV-abierta-canales-de.jpeg?ssl=1&w=100&resize=100&ssl=1 100w, https:\/\/i3.wp.com\/chacosintesis.com.ar\/wp-content\/uploads\/2026\/04\/1777212136_735_Homenaje-a-Luis-Brandoni-en-la-TV-abierta-canales-de.jpeg?ssl=1&w=150&resize=150&ssl=1 150w, https:\/\/i3.wp.com\/chacosintesis.com.ar\/wp-content\/uploads\/2026\/04\/1777212136_735_Homenaje-a-Luis-Brandoni-en-la-TV-abierta-canales-de.jpeg?ssl=1&w=240&resize=240&ssl=1 240w, https:\/\/i3.wp.com\/chacosintesis.com.ar\/wp-content\/uploads\/2026\/04\/1777212136_735_Homenaje-a-Luis-Brandoni-en-la-TV-abierta-canales-de.jpeg?ssl=1&w=320&resize=320&ssl=1 320w, https:\/\/i3.wp.com\/chacosintesis.com.ar\/wp-content\/uploads\/2026\/04\/1777212136_735_Homenaje-a-Luis-Brandoni-en-la-TV-abierta-canales-de.jpeg?ssl=1&w=500&resize=500&ssl=1 500w, https:\/\/i3.wp.com\/chacosintesis.com.ar\/wp-content\/uploads\/2026\/04\/1777212136_735_Homenaje-a-Luis-Brandoni-en-la-TV-abierta-canales-de.jpeg?ssl=1&w=640&resize=640&ssl=1 640w, https:\/\/i3.wp.com\/chacosintesis.com.ar\/wp-content\/uploads\/2026\/04\/1777212136_735_Homenaje-a-Luis-Brandoni-en-la-TV-abierta-canales-de.jpeg?ssl=1&w=800&resize=800&ssl=1 800w, https:\/\/i3.wp.com\/chacosintesis.com.ar\/wp-content\/uploads\/2026\/04\/1777212136_735_Homenaje-a-Luis-Brandoni-en-la-TV-abierta-canales-de.jpeg?ssl=1&w=1024&resize=1024&ssl=1 1024w, https:\/\/i3.wp.com\/chacosintesis.com.ar\/wp-content\/uploads\/2026\/04\/1777212136_735_Homenaje-a-Luis-Brandoni-en-la-TV-abierta-canales-de.jpeg?ssl=1&w=1280&resize=1280&ssl=1 1280w, https:\/\/i3.wp.com\/chacosintesis.com.ar\/wp-content\/uploads\/2026\/04\/1777212136_735_Homenaje-a-Luis-Brandoni-en-la-TV-abierta-canales-de.jpeg?ssl=1&w=1600&resize=1600&ssl=1 1600w\" fifu-data-src=\"https:\/\/i3.wp.com\/chacosintesis.com.ar\/wp-content\/uploads\/2026\/04\/1777212136_735_Homenaje-a-Luis-Brandoni-en-la-TV-abierta-canales-de.jpeg?ssl=1\"><\/p>\n<p>Noticias Argentinas<\/p>\n","protected":false},"excerpt":{"rendered":"<p>Buenos Aires, 24 abril (NA) &#8212; Canales de televisi\u00f3n abierta homenajear\u00e1n a Luis Brandoni durante este fin de semana y, tras el fallecimiento del reconocido actor el pasado lunes 20 de abril a los 86 a\u00f1os, por lo que se podr\u00e1 disfrutar de los t\u00edtulos m\u00e1s reconocidos que protagoniz\u00f3. Seg\u00fan supo la Agencia Noticias Argentinas, [&hellip;]<\/p>\n","protected":false},"author":1,"featured_media":220391,"comment_status":"closed","ping_status":"","sticky":false,"template":"","format":"standard","meta":{"footnotes":""},"categories":[188],"tags":[],"class_list":{"0":"post-220380","1":"post","2":"type-post","3":"status-publish","4":"format-standard","5":"has-post-thumbnail","7":"category-farandula"},"_links":{"self":[{"href":"https:\/\/chacosintesis.com.ar\/index.php\/wp-json\/wp\/v2\/posts\/220380","targetHints":{"allow":["GET"]}}],"collection":[{"href":"https:\/\/chacosintesis.com.ar\/index.php\/wp-json\/wp\/v2\/posts"}],"about":[{"href":"https:\/\/chacosintesis.com.ar\/index.php\/wp-json\/wp\/v2\/types\/post"}],"author":[{"embeddable":true,"href":"https:\/\/chacosintesis.com.ar\/index.php\/wp-json\/wp\/v2\/users\/1"}],"replies":[{"embeddable":true,"href":"https:\/\/chacosintesis.com.ar\/index.php\/wp-json\/wp\/v2\/comments?post=220380"}],"version-history":[{"count":0,"href":"https:\/\/chacosintesis.com.ar\/index.php\/wp-json\/wp\/v2\/posts\/220380\/revisions"}],"wp:featuredmedia":[{"embeddable":true,"href":"https:\/\/chacosintesis.com.ar\/index.php\/wp-json\/wp\/v2\/media\/220391"}],"wp:attachment":[{"href":"https:\/\/chacosintesis.com.ar\/index.php\/wp-json\/wp\/v2\/media?parent=220380"}],"wp:term":[{"taxonomy":"category","embeddable":true,"href":"https:\/\/chacosintesis.com.ar\/index.php\/wp-json\/wp\/v2\/categories?post=220380"},{"taxonomy":"post_tag","embeddable":true,"href":"https:\/\/chacosintesis.com.ar\/index.php\/wp-json\/wp\/v2\/tags?post=220380"}],"curies":[{"name":"wp","href":"https:\/\/api.w.org\/{rel}","templated":true}]}}