{"id":220367,"date":"2026-04-26T11:01:14","date_gmt":"2026-04-26T14:01:14","guid":{"rendered":"https:\/\/chacosintesis.com.ar\/index.php\/chaco-buscan-a-la-familia-de-gregorio-navarro-en-saenz-pena\/"},"modified":"2026-04-26T11:02:13","modified_gmt":"2026-04-26T14:02:13","slug":"chaco-buscan-a-la-familia-de-gregorio-navarro-en-saenz-pena","status":"publish","type":"post","link":"https:\/\/chacosintesis.com.ar\/index.php\/chaco-buscan-a-la-familia-de-gregorio-navarro-en-saenz-pena\/","title":{"rendered":"CHACO:    Buscan A La Familia De Gregorio Navarro En S\u00e1enz Pe\u00f1a"},"content":{"rendered":"<p><\/p>\n<div id=\"post-362750\">\n<p><\/p>\n<div class=\"single-post-image\">\n<figure><\/figure>\n<\/p><\/div>\n<p><!-- .single-post-image --><br \/>\n\t\t<!-- .entry-header --><\/p>\n<div class=\"entry-content\">\n<p>Hace m\u00e1s de una semana que el hombre se encuentra hospitalizado, atravesando una situaci\u00f3n cr\u00edtica tras quedar completamente desamparado. La inundaci\u00f3n arras\u00f3 con sus pertenencias y lo dej\u00f3 sin techo ni contenci\u00f3n.<\/p>\n<p>A la espera del alta m\u00e9dica, su preocupaci\u00f3n crece: no tiene ad\u00f3nde ir ni c\u00f3mo subsistir. En medio de la angustia, solo piensa en reencontrarse con su familia en Presidencia Roque S\u00e1enz Pe\u00f1a.<\/p>\n<p>\u201cQuiero estar con mi familia, es el \u00fanico recurso que tengo\u201d, expres\u00f3 conmovido.<\/p>\n<p>Desde el hospital solicitan difusi\u00f3n urgente para localizar a sus seres queridos o a cualquier persona que pueda aportar informaci\u00f3n que ayude a ubicar a su familia.<\/p>\n<p>\u00a0\u00a0Contacto Hospital de Coronda: 3424918100<\/p>\n<p>La solidaridad de la comunidad puede ser clave para cambiar el destino de esta historia.<\/p>\n<div class=\"heateor_sss_sharing_container heateor_sss_horizontal_sharing\" data-heateor-sss-href=\"https:\/\/www.noticiasdelparana.com.ar\/NuevaEdicion\/2026\/04\/26\/chaco-buscan-a-la-familia-de-gregorio-navarro-en-saenz-pena\/\">\n<p>Compart\u00ed esta nota en tus redes sociales&#8230;<\/p>\n<\/div><\/div>\n<p><!-- .entry-content --><\/p>\n<p>\t<!-- .entry-footer -->\n<\/div>\n<p><img decoding=\"async\" src=\"\"><\/p>\n<p>Noticias del Paran\u00e1<\/p>\n","protected":false},"excerpt":{"rendered":"<p>Hace m\u00e1s de una semana que el hombre se encuentra hospitalizado, atravesando una situaci\u00f3n cr\u00edtica tras quedar completamente desamparado. La inundaci\u00f3n arras\u00f3 con sus pertenencias y lo dej\u00f3 sin techo ni contenci\u00f3n. A la espera del alta m\u00e9dica, su preocupaci\u00f3n crece: no tiene ad\u00f3nde ir ni c\u00f3mo subsistir. En medio de la angustia, solo piensa [&hellip;]<\/p>\n","protected":false},"author":1,"featured_media":220378,"comment_status":"closed","ping_status":"","sticky":false,"template":"","format":"standard","meta":{"footnotes":""},"categories":[5],"tags":[],"class_list":{"0":"post-220367","1":"post","2":"type-post","3":"status-publish","4":"format-standard","5":"has-post-thumbnail","7":"category-policiales"},"_links":{"self":[{"href":"https:\/\/chacosintesis.com.ar\/index.php\/wp-json\/wp\/v2\/posts\/220367","targetHints":{"allow":["GET"]}}],"collection":[{"href":"https:\/\/chacosintesis.com.ar\/index.php\/wp-json\/wp\/v2\/posts"}],"about":[{"href":"https:\/\/chacosintesis.com.ar\/index.php\/wp-json\/wp\/v2\/types\/post"}],"author":[{"embeddable":true,"href":"https:\/\/chacosintesis.com.ar\/index.php\/wp-json\/wp\/v2\/users\/1"}],"replies":[{"embeddable":true,"href":"https:\/\/chacosintesis.com.ar\/index.php\/wp-json\/wp\/v2\/comments?post=220367"}],"version-history":[{"count":1,"href":"https:\/\/chacosintesis.com.ar\/index.php\/wp-json\/wp\/v2\/posts\/220367\/revisions"}],"predecessor-version":[{"id":220379,"href":"https:\/\/chacosintesis.com.ar\/index.php\/wp-json\/wp\/v2\/posts\/220367\/revisions\/220379"}],"wp:featuredmedia":[{"embeddable":true,"href":"https:\/\/chacosintesis.com.ar\/index.php\/wp-json\/wp\/v2\/media\/220378"}],"wp:attachment":[{"href":"https:\/\/chacosintesis.com.ar\/index.php\/wp-json\/wp\/v2\/media?parent=220367"}],"wp:term":[{"taxonomy":"category","embeddable":true,"href":"https:\/\/chacosintesis.com.ar\/index.php\/wp-json\/wp\/v2\/categories?post=220367"},{"taxonomy":"post_tag","embeddable":true,"href":"https:\/\/chacosintesis.com.ar\/index.php\/wp-json\/wp\/v2\/tags?post=220367"}],"curies":[{"name":"wp","href":"https:\/\/api.w.org\/{rel}","templated":true}]}}