{"id":220356,"date":"2026-04-26T10:04:39","date_gmt":"2026-04-26T13:04:39","guid":{"rendered":"https:\/\/chacosintesis.com.ar\/index.php\/el-gobierno-argentino-repudio-el-ataque-contra-donald-trump\/"},"modified":"2026-04-26T10:04:39","modified_gmt":"2026-04-26T13:04:39","slug":"el-gobierno-argentino-repudio-el-ataque-contra-donald-trump","status":"publish","type":"post","link":"https:\/\/chacosintesis.com.ar\/index.php\/el-gobierno-argentino-repudio-el-ataque-contra-donald-trump\/","title":{"rendered":"El Gobierno argentino repudi\u00f3 el ataque contra Donald Trump"},"content":{"rendered":"<p><\/p>\n<div id=\"post-2211917\">\n<div class=\"entry-content\">\n<aside class=\"scaip scaip-1    \">\n\t\t<\/aside>\n<p><strong>El Gobierno de Javier Milei conden\u00f3 el tiroteo ocurrido durante una cena de periodistas en el hotel Washington Hilton<\/strong>, en Estados Unidos, evento al que asist\u00eda el presidente Donald Trump, quien fue evacuado y result\u00f3 ileso tras el episodio.<\/p>\n<p>A trav\u00e9s de un comunicado oficial, la administraci\u00f3n argentina expres\u00f3 su <strong>\u201cm\u00e1s en\u00e9rgico repudio\u201d<\/strong> al ataque y apunt\u00f3 contra <strong>\u201cla ret\u00f3rica violenta\u201d<\/strong> que, c\u00f3mo se\u00f1alaron desde Casa Rosada, alimenta este tipo de hechos.<\/p>\n<aside class=\"scaip scaip-2    \">\n\t\t<\/aside>\n<p>En el mensaje difundido por el Gobierno argentino tambi\u00e9n se <strong>destac\u00f3 que Trump haya salido ileso del ataque<\/strong> y se expres\u00f3 solidaridad con las autoridades y el pueblo estadounidense tras lo ocurrido.<\/p>\n<blockquote class=\"twitter-tweet\">\n<p lang=\"zxx\" dir=\"ltr\"><a href=\"https:\/\/t.co\/qJWLIbZ6Pk\">pic.twitter.com\/qJWLIbZ6Pk<\/a><\/p>\n<p>\u2014 Oficina del Presidente (@OPRArgentina) <a href=\"https:\/\/twitter.com\/OPRArgentina\/status\/2048249919757058318?ref_src=twsrc%5Etfw\">April 26, 2026<\/a><\/p><\/blockquote>\n<p>El incidente ocurri\u00f3 durante la tradicional cena de corresponsales en Washington, donde el <strong>Servicio Secreto activ\u00f3 r\u00e1pidamente el protocolo de seguridad y evacu\u00f3 al mandatario estadounidense<\/strong> junto a otros funcionarios presentes.<\/p>\n<aside class=\"scaip scaip-3    \">\n\t\t<\/aside>\n<figure class=\"wp-block-embed is-type-wp-embed is-provider-diario-el-sol-mendoza wp-block-embed-diario-el-sol-mendoza\"\/>\n<p>El episodio gener\u00f3 repercusi\u00f3n internacional y distintos l\u00edderes pol\u00edticos manifestaron su rechazo al hecho, mientras que las autoridades norteamericanas avanzan en la investigaci\u00f3n para esclarecer las circunstancias del tiroteo.<\/p>\n<aside class=\"scaip scaip-4    \">\n\t\t<\/aside>\n<p><h3 class=\"jp-relatedposts-headline\"><em>M\u00c1S NOTICIAS:<\/em><\/h3>\n<\/p>\n<section id=\"block-24\" class=\"below-content widget widget_block\"\/>\t<\/div>\n<p><!-- .entry-content --><\/p>\n<p>\t<!-- .entry-footer --><\/p>\n<\/div>\n<p><script async src=\"\/\/platform.twitter.com\/widgets.js\" charset=\"utf-8\"><\/script><\/p>\n","protected":false},"excerpt":{"rendered":"<p>El Gobierno de Javier Milei conden\u00f3 el tiroteo ocurrido durante una cena de periodistas en el hotel Washington Hilton, en Estados Unidos, evento al que asist\u00eda el presidente Donald Trump, quien fue evacuado y result\u00f3 ileso tras el episodio. A trav\u00e9s de un comunicado oficial, la administraci\u00f3n argentina expres\u00f3 su \u201cm\u00e1s en\u00e9rgico repudio\u201d al ataque [&hellip;]<\/p>\n","protected":false},"author":1,"featured_media":220366,"comment_status":"","ping_status":"","sticky":false,"template":"","format":"standard","meta":{"footnotes":""},"categories":[8],"tags":[],"class_list":{"0":"post-220356","1":"post","2":"type-post","3":"status-publish","4":"format-standard","5":"has-post-thumbnail","7":"category-nacionales"},"_links":{"self":[{"href":"https:\/\/chacosintesis.com.ar\/index.php\/wp-json\/wp\/v2\/posts\/220356","targetHints":{"allow":["GET"]}}],"collection":[{"href":"https:\/\/chacosintesis.com.ar\/index.php\/wp-json\/wp\/v2\/posts"}],"about":[{"href":"https:\/\/chacosintesis.com.ar\/index.php\/wp-json\/wp\/v2\/types\/post"}],"author":[{"embeddable":true,"href":"https:\/\/chacosintesis.com.ar\/index.php\/wp-json\/wp\/v2\/users\/1"}],"replies":[{"embeddable":true,"href":"https:\/\/chacosintesis.com.ar\/index.php\/wp-json\/wp\/v2\/comments?post=220356"}],"version-history":[{"count":0,"href":"https:\/\/chacosintesis.com.ar\/index.php\/wp-json\/wp\/v2\/posts\/220356\/revisions"}],"wp:featuredmedia":[{"embeddable":true,"href":"https:\/\/chacosintesis.com.ar\/index.php\/wp-json\/wp\/v2\/media\/220366"}],"wp:attachment":[{"href":"https:\/\/chacosintesis.com.ar\/index.php\/wp-json\/wp\/v2\/media?parent=220356"}],"wp:term":[{"taxonomy":"category","embeddable":true,"href":"https:\/\/chacosintesis.com.ar\/index.php\/wp-json\/wp\/v2\/categories?post=220356"},{"taxonomy":"post_tag","embeddable":true,"href":"https:\/\/chacosintesis.com.ar\/index.php\/wp-json\/wp\/v2\/tags?post=220356"}],"curies":[{"name":"wp","href":"https:\/\/api.w.org\/{rel}","templated":true}]}}