{"id":220343,"date":"2026-04-26T08:04:19","date_gmt":"2026-04-26T11:04:19","guid":{"rendered":"https:\/\/chacosintesis.com.ar\/index.php\/las-brenas-secheep-realizara-trabajos-de-mantenimiento-este-domingo\/"},"modified":"2026-04-26T08:05:06","modified_gmt":"2026-04-26T11:05:06","slug":"las-brenas-secheep-realizara-trabajos-de-mantenimiento-este-domingo","status":"publish","type":"post","link":"https:\/\/chacosintesis.com.ar\/index.php\/las-brenas-secheep-realizara-trabajos-de-mantenimiento-este-domingo\/","title":{"rendered":"Las Bre\u00f1as: Secheep Realizar\u00e1 Trabajos De Mantenimiento Este Domingo"},"content":{"rendered":"<p><\/p>\n<div id=\"\">\n<div>\n<p><strong>La empresa Secheep inform\u00f3 que este domingo 26 de abril, en el horario de 07.00 a 10.00, se llevar\u00e1n a cabo trabajos de mantenimiento y montaje en la red energ\u00e9tica, de la ciudad de Las Bre\u00f1as.<br \/><\/strong><br \/>Como consecuencia de estas tareas, se producir\u00e1n interrupciones en el suministro el\u00e9ctrico durante el lapso mencionado.<\/p>\n<p>Desde la empresa solicitaron las disculpas correspondientes a los usuarios y remarcaron que estas acciones son fundamentales para mejorar la calidad del servicio y garantizar un sistema m\u00e1s eficiente y seguro.<\/p>\n<\/div><\/div>\n","protected":false},"excerpt":{"rendered":"<p>La empresa Secheep inform\u00f3 que este domingo 26 de abril, en el horario de 07.00 a 10.00, se llevar\u00e1n a cabo trabajos de mantenimiento y montaje en la red energ\u00e9tica, de la ciudad de Las Bre\u00f1as.Como consecuencia de estas tareas, se producir\u00e1n interrupciones en el suministro el\u00e9ctrico durante el lapso mencionado. Desde la empresa solicitaron [&hellip;]<\/p>\n","protected":false},"author":1,"featured_media":220354,"comment_status":"closed","ping_status":"","sticky":false,"template":"","format":"standard","meta":{"footnotes":""},"categories":[6],"tags":[],"class_list":{"0":"post-220343","1":"post","2":"type-post","3":"status-publish","4":"format-standard","5":"has-post-thumbnail","7":"category-chaco"},"_links":{"self":[{"href":"https:\/\/chacosintesis.com.ar\/index.php\/wp-json\/wp\/v2\/posts\/220343","targetHints":{"allow":["GET"]}}],"collection":[{"href":"https:\/\/chacosintesis.com.ar\/index.php\/wp-json\/wp\/v2\/posts"}],"about":[{"href":"https:\/\/chacosintesis.com.ar\/index.php\/wp-json\/wp\/v2\/types\/post"}],"author":[{"embeddable":true,"href":"https:\/\/chacosintesis.com.ar\/index.php\/wp-json\/wp\/v2\/users\/1"}],"replies":[{"embeddable":true,"href":"https:\/\/chacosintesis.com.ar\/index.php\/wp-json\/wp\/v2\/comments?post=220343"}],"version-history":[{"count":1,"href":"https:\/\/chacosintesis.com.ar\/index.php\/wp-json\/wp\/v2\/posts\/220343\/revisions"}],"predecessor-version":[{"id":220355,"href":"https:\/\/chacosintesis.com.ar\/index.php\/wp-json\/wp\/v2\/posts\/220343\/revisions\/220355"}],"wp:featuredmedia":[{"embeddable":true,"href":"https:\/\/chacosintesis.com.ar\/index.php\/wp-json\/wp\/v2\/media\/220354"}],"wp:attachment":[{"href":"https:\/\/chacosintesis.com.ar\/index.php\/wp-json\/wp\/v2\/media?parent=220343"}],"wp:term":[{"taxonomy":"category","embeddable":true,"href":"https:\/\/chacosintesis.com.ar\/index.php\/wp-json\/wp\/v2\/categories?post=220343"},{"taxonomy":"post_tag","embeddable":true,"href":"https:\/\/chacosintesis.com.ar\/index.php\/wp-json\/wp\/v2\/tags?post=220343"}],"curies":[{"name":"wp","href":"https:\/\/api.w.org\/{rel}","templated":true}]}}