{"id":220332,"date":"2026-04-26T08:03:15","date_gmt":"2026-04-26T11:03:15","guid":{"rendered":"http:\/\/chacosintesis.com.ar\/index.php\/financiamiento-universitario-el-gobierno-no-cuenta-con-los-votos-para-modificar-la-ley-y-busca-negociar-con-los-gobernadores\/"},"modified":"2026-04-26T08:03:15","modified_gmt":"2026-04-26T11:03:15","slug":"financiamiento-universitario-el-gobierno-no-cuenta-con-los-votos-para-modificar-la-ley-y-busca-negociar-con-los-gobernadores","status":"publish","type":"post","link":"https:\/\/chacosintesis.com.ar\/index.php\/financiamiento-universitario-el-gobierno-no-cuenta-con-los-votos-para-modificar-la-ley-y-busca-negociar-con-los-gobernadores\/","title":{"rendered":"Financiamiento universitario: el Gobierno no cuenta con los votos para modificar la ley y busca negociar con los gobernadores"},"content":{"rendered":"<p><\/p>\n<div>\n<aside class=\"scaip scaip-1    \">\n\t\t<\/aside>\n<p>El Gobierno nacional admite que no cuenta con los votos necesarios para modificar la Ley de Financiamiento Universitario y que el margen pol\u00edtico para reabrir una negociaci\u00f3n se redujo de manera significativa en las \u00faltimas semanas. En la Casa Rosada consideran que el tema tiene impacto directo sobre las cuentas p\u00fablicas, pero reconocen que est\u00e1n lejos de alcanzar un acuerdo que incluya tanto a los bloques aliados como al sistema universitario.<\/p>\n<p>La ley 27.795 fue promulgada en octubre de 2025 tras la insistencia del Congreso, aunque el Ejecutivo sostiene que su aplicaci\u00f3n permanece condicionada a la definici\u00f3n de fuentes espec\u00edficas de financiamiento. En ese marco, el oficialismo descarta retomar el proyecto enviado a Diputados durante las sesiones extraordinarias de febrero, que nunca lleg\u00f3 al recinto. Seg\u00fan fuentes oficiales, el escenario pol\u00edtico y judicial cambi\u00f3 desde entonces, lo que obliga a replantear cualquier intento de reforma desde una posici\u00f3n m\u00e1s d\u00e9bil y con menor capacidad de negociaci\u00f3n.<\/p>\n<aside class=\"scaip scaip-2    \">\n\t\t<\/aside>\n<p>El trasfondo expone tensiones internas en la estrategia parlamentaria. Durante el verano existieron intentos de avanzar en una reforma antes del inicio del ciclo lectivo, pero las diferencias entre el entorno del asesor Santiago Caputo y el esquema legislativo vinculado a Mart\u00edn Menem y Eduardo \u201cLule\u201d Menem terminaron por frenar esa hoja de ruta. El punto de quiebre fue el fallo de la C\u00e1mara en lo Contencioso Administrativo Federal que ratific\u00f3 una cautelar favorable a las universidades y orden\u00f3 la actualizaci\u00f3n salarial y el financiamiento de becas, lo que motiv\u00f3 al Gobierno a presentar un recurso extraordinario ante la Corte Suprema.<\/p>\n<p>En el Ejecutivo reconocen que ese rev\u00e9s judicial fortaleci\u00f3 la posici\u00f3n de las universidades y redujo los incentivos para negociar cambios con menor impacto fiscal. La estrategia oficial, por ahora, es cumplir de manera parcial con las obligaciones, mediante actualizaciones mensuales que respondan a la interpretaci\u00f3n m\u00ednima de la ley mientras se resuelve la instancia judicial. Este enfoque convive con la preocupaci\u00f3n por una eventual escalada del conflicto en el plano social.<\/p>\n<aside class=\"scaip scaip-3    \">\n\t\t<\/aside>\n<p>El frente universitario, integrado por el Consejo Interuniversitario Nacional, la Federaci\u00f3n Universitaria Argentina y los gremios, ya convoc\u00f3 a una nueva marcha federal para el 12 de mayo. En paralelo, el proceso judicial sigue abierto: la C\u00e1mara dio intervenci\u00f3n a las universidades para que respondan la apelaci\u00f3n del Estado y luego definir\u00e1 si habilita la intervenci\u00f3n de la Corte. En este contexto, el cumplimiento pleno de la ley permanece en disputa, atravesado por tensiones pol\u00edticas, fiscales y judiciales.<\/p>\n<p><h3 class=\"jp-relatedposts-headline\"><em>M\u00c1S NOTICIAS:<\/em><\/h3>\n<\/p>\n<section id=\"block-24\" class=\"below-content widget widget_block\"\/>\t<\/div>\n","protected":false},"excerpt":{"rendered":"<p>El Gobierno nacional admite que no cuenta con los votos necesarios para modificar la Ley de Financiamiento Universitario y que el margen pol\u00edtico para reabrir una negociaci\u00f3n se redujo de manera significativa en las \u00faltimas semanas. En la Casa Rosada consideran que el tema tiene impacto directo sobre las cuentas p\u00fablicas, pero reconocen que est\u00e1n [&hellip;]<\/p>\n","protected":false},"author":1,"featured_media":220342,"comment_status":"","ping_status":"","sticky":false,"template":"","format":"standard","meta":{"footnotes":""},"categories":[8],"tags":[],"class_list":{"0":"post-220332","1":"post","2":"type-post","3":"status-publish","4":"format-standard","5":"has-post-thumbnail","7":"category-nacionales"},"_links":{"self":[{"href":"https:\/\/chacosintesis.com.ar\/index.php\/wp-json\/wp\/v2\/posts\/220332","targetHints":{"allow":["GET"]}}],"collection":[{"href":"https:\/\/chacosintesis.com.ar\/index.php\/wp-json\/wp\/v2\/posts"}],"about":[{"href":"https:\/\/chacosintesis.com.ar\/index.php\/wp-json\/wp\/v2\/types\/post"}],"author":[{"embeddable":true,"href":"https:\/\/chacosintesis.com.ar\/index.php\/wp-json\/wp\/v2\/users\/1"}],"replies":[{"embeddable":true,"href":"https:\/\/chacosintesis.com.ar\/index.php\/wp-json\/wp\/v2\/comments?post=220332"}],"version-history":[{"count":0,"href":"https:\/\/chacosintesis.com.ar\/index.php\/wp-json\/wp\/v2\/posts\/220332\/revisions"}],"wp:featuredmedia":[{"embeddable":true,"href":"https:\/\/chacosintesis.com.ar\/index.php\/wp-json\/wp\/v2\/media\/220342"}],"wp:attachment":[{"href":"https:\/\/chacosintesis.com.ar\/index.php\/wp-json\/wp\/v2\/media?parent=220332"}],"wp:term":[{"taxonomy":"category","embeddable":true,"href":"https:\/\/chacosintesis.com.ar\/index.php\/wp-json\/wp\/v2\/categories?post=220332"},{"taxonomy":"post_tag","embeddable":true,"href":"https:\/\/chacosintesis.com.ar\/index.php\/wp-json\/wp\/v2\/tags?post=220332"}],"curies":[{"name":"wp","href":"https:\/\/api.w.org\/{rel}","templated":true}]}}