{"id":22030,"date":"2023-05-23T14:57:06","date_gmt":"2023-05-23T17:57:06","guid":{"rendered":"https:\/\/chacosintesis.com.ar\/?p=22030"},"modified":"2023-05-23T15:06:54","modified_gmt":"2023-05-23T18:06:54","slug":"ramon-pena-para-el-pueblo-de-la-verde-es-un-dia-historico","status":"publish","type":"post","link":"https:\/\/chacosintesis.com.ar\/index.php\/ramon-pena-para-el-pueblo-de-la-verde-es-un-dia-historico\/","title":{"rendered":"Ram\u00f3n Pe\u00f1a: \u201cPara el pueblo de La Verde es un d\u00eda hist\u00f3rico\u201d"},"content":{"rendered":"<p>El intendente habl\u00f3 sobre la licitaci\u00f3n para la construcci\u00f3n de la Escuela Secundaria T\u00e9cnica y de Formaci\u00f3n Profesional.<br \/>\nEste martes por la ma\u00f1ana, el gobernador Jorge Capitanich llev\u00f3 adelante la apertura de sobres de licitaci\u00f3n para la construcci\u00f3n de dos nuevos edificios escolares, uno de ellos en la localidad de La Verde. Ram\u00f3n Pe\u00f1a, intendente de esa localidad, dialog\u00f3 con Radio Provincia del Chaco y dej\u00f3 sus sensaciones tras la licitaci\u00f3n de las obras.<br \/>\n\u201cLa verdad para el pueblo de La Verde es un d\u00eda hist\u00f3rico\u201d, expres\u00f3 Pe\u00f1a sobre la inclusi\u00f3n de la localidad dentro del programa para construir el edificio de la Escuela T\u00e9cnica N\u00b047. En ese sentido, se mostr\u00f3 muy \u201ccontento\u201d por \u201chacer realidad el edificio para contener a m\u00e1s de 400 alumnos\u201d, tanto de la localidad de La Verde como de distintas localidades vecinas.<br \/>\n\u201cHoy realmente es un d\u00eda muy bendecido porque le estamos dando el espacio a nuestros alumnos y profesores para que puedan ejercer la mejor profesi\u00f3n que tiene la provincia que es la educaci\u00f3n\u201d, manifest\u00f3 el intendente de La Verde. Asimismo, destac\u00f3 que la presencia de muchos alumnos de otras localidades. \u201cSignifica que nuestra escuela t\u00e9cnica tiene el impacto educativo que debe tener\u201d, a\u00f1adi\u00f3.<br \/>\nEl edificio escolar para la Escuela Secundaria T\u00e9cnica y de Formaci\u00f3n Profesional de la localidad de La Verde contar\u00e1 con aulas, talleres, laboratorios, biblioteca, sanitarios, \u00e1rea administrativa, office y sanitarios para docentes, SUM y espacios de encuentro, y brindar\u00e1 capacitaciones en Agroindustria, Bioeconom\u00eda, Construcciones, Econom\u00eda del Conocimiento, Energ\u00eda, Industria textil, Miner\u00eda, Mec\u00e1nica automotriz, Metalmec\u00e1nica, Madera y Muebles, Petr\u00f3leo y gas, Tecnolog\u00eda 4.0 y Telecomunicaciones. \u201cEs un orgullo para un docente como yo inaugurar una escuela t\u00e9cnica, es lo mejor que me pueda pasar en la vida\u201d, concluy\u00f3 Pe\u00f1a.<br \/>\n<<a href=\"http:\/\/www.avg.com\/email-signature?utm_medium=email&#038;utm_source=link&#038;utm_campaign=sig-email&#038;utm_content=webmail\">www.avg.com\/email-signature?utm_medium=email&amp;utm_source=link&amp;utm_campaign=sig-email&amp;utm_content=webmail<\/a>> Libre de virus.www.avg.com <<a href=\"http:\/\/www.avg.com\/email-signature?utm_medium=email&#038;utm_source=link&#038;utm_campaign=sig-email&#038;utm_content=webmail\">www.avg.com\/email-signature?utm_medium=email&amp;utm_source=link&amp;utm_campaign=sig-email&amp;utm_content=webmail<\/a>> <#DAB4FAD8-2DD7-40BB-A1B8-4E2AA1F9FDF2><\/p>\n","protected":false},"excerpt":{"rendered":"<p>El intendente habl\u00f3 sobre la licitaci\u00f3n para la construcci\u00f3n de la Escuela Secundaria T\u00e9cnica y de Formaci\u00f3n Profesional. Este martes por la ma\u00f1ana, el gobernador Jorge Capitanich llev\u00f3 adelante la apertura de sobres de licitaci\u00f3n para la construcci\u00f3n de dos nuevos edificios escolares, uno de ellos en la localidad de La Verde. Ram\u00f3n Pe\u00f1a, intendente [&hellip;]<\/p>\n","protected":false},"author":1,"featured_media":22031,"comment_status":"closed","ping_status":"closed","sticky":false,"template":"","format":"standard","meta":{"footnotes":""},"categories":[6],"tags":[],"class_list":{"0":"post-22030","1":"post","2":"type-post","3":"status-publish","4":"format-standard","5":"has-post-thumbnail","7":"category-chaco"},"_links":{"self":[{"href":"https:\/\/chacosintesis.com.ar\/index.php\/wp-json\/wp\/v2\/posts\/22030","targetHints":{"allow":["GET"]}}],"collection":[{"href":"https:\/\/chacosintesis.com.ar\/index.php\/wp-json\/wp\/v2\/posts"}],"about":[{"href":"https:\/\/chacosintesis.com.ar\/index.php\/wp-json\/wp\/v2\/types\/post"}],"author":[{"embeddable":true,"href":"https:\/\/chacosintesis.com.ar\/index.php\/wp-json\/wp\/v2\/users\/1"}],"replies":[{"embeddable":true,"href":"https:\/\/chacosintesis.com.ar\/index.php\/wp-json\/wp\/v2\/comments?post=22030"}],"version-history":[{"count":0,"href":"https:\/\/chacosintesis.com.ar\/index.php\/wp-json\/wp\/v2\/posts\/22030\/revisions"}],"wp:featuredmedia":[{"embeddable":true,"href":"https:\/\/chacosintesis.com.ar\/index.php\/wp-json\/wp\/v2\/media\/22031"}],"wp:attachment":[{"href":"https:\/\/chacosintesis.com.ar\/index.php\/wp-json\/wp\/v2\/media?parent=22030"}],"wp:term":[{"taxonomy":"category","embeddable":true,"href":"https:\/\/chacosintesis.com.ar\/index.php\/wp-json\/wp\/v2\/categories?post=22030"},{"taxonomy":"post_tag","embeddable":true,"href":"https:\/\/chacosintesis.com.ar\/index.php\/wp-json\/wp\/v2\/tags?post=22030"}],"curies":[{"name":"wp","href":"https:\/\/api.w.org\/{rel}","templated":true}]}}