{"id":220295,"date":"2026-04-26T08:00:03","date_gmt":"2026-04-26T11:00:03","guid":{"rendered":"http:\/\/chacosintesis.com.ar\/index.php\/chaco-cibercrimen-intervino-preventivamente-ante-llamadas-de-un-menor-que-intentaba-adquirir-un-arma\/"},"modified":"2026-04-26T08:01:02","modified_gmt":"2026-04-26T11:01:02","slug":"chaco-cibercrimen-intervino-preventivamente-ante-llamadas-de-un-menor-que-intentaba-adquirir-un-arma","status":"publish","type":"post","link":"https:\/\/chacosintesis.com.ar\/index.php\/chaco-cibercrimen-intervino-preventivamente-ante-llamadas-de-un-menor-que-intentaba-adquirir-un-arma\/","title":{"rendered":"CHACO: Cibercrimen Intervino Preventivamente Ante Llamadas De Un Menor Que Intentaba Adquirir Un Arma"},"content":{"rendered":"<p><\/p>\n<div id=\"post-362703\">\n<p><\/p>\n<div class=\"single-post-image\">\n<figure><\/figure>\n<\/p><\/div>\n<p><!-- .single-post-image --><br \/>\n\t\t<!-- .entry-header --><\/p>\n<div class=\"entry-content\">\n<p>Las tareas investigativas permitieron identificar al ni\u00f1o, de 11 a\u00f1os, y ubicar a su entorno familiar. En ese marco, se cit\u00f3 a los tutores del menor en la sede de Cibercrimen, donde fueron debidamente notificados de las actuaciones iniciadas. Asimismo, conforme lo dispuesto por la Fiscal\u00eda interviniente, se dio intervenci\u00f3n a la L\u00ednea 102.<\/p>\n<p>Desde la Polic\u00eda del Chaco remarcamos la importancia de actuar de manera preventiva y responsable ante este tipo de situaciones, a fin de evitar riesgos y llevar tranquilidad a la comunidad.<\/p>\n<div class=\"heateor_sss_sharing_container heateor_sss_horizontal_sharing\" data-heateor-sss-href=\"https:\/\/www.noticiasdelparana.com.ar\/NuevaEdicion\/2026\/04\/25\/chaco-cibercrimen-intervino-preventivamente-ante-llamadas-de-un-menor-que-intentaba-adquirir-un-arma\/\">\n<p>Compart\u00ed esta nota en tus redes sociales&#8230;<\/p>\n<\/div><\/div>\n<p><!-- .entry-content --><\/p>\n<p>\t<!-- .entry-footer -->\n<\/div>\n<p><img decoding=\"async\" src=\"\"><\/p>\n<p>Noticias del Paran\u00e1<\/p>\n","protected":false},"excerpt":{"rendered":"<p>Las tareas investigativas permitieron identificar al ni\u00f1o, de 11 a\u00f1os, y ubicar a su entorno familiar. En ese marco, se cit\u00f3 a los tutores del menor en la sede de Cibercrimen, donde fueron debidamente notificados de las actuaciones iniciadas. Asimismo, conforme lo dispuesto por la Fiscal\u00eda interviniente, se dio intervenci\u00f3n a la L\u00ednea 102. Desde [&hellip;]<\/p>\n","protected":false},"author":1,"featured_media":220306,"comment_status":"closed","ping_status":"","sticky":false,"template":"","format":"standard","meta":{"footnotes":""},"categories":[5],"tags":[],"class_list":{"0":"post-220295","1":"post","2":"type-post","3":"status-publish","4":"format-standard","5":"has-post-thumbnail","7":"category-policiales"},"_links":{"self":[{"href":"https:\/\/chacosintesis.com.ar\/index.php\/wp-json\/wp\/v2\/posts\/220295","targetHints":{"allow":["GET"]}}],"collection":[{"href":"https:\/\/chacosintesis.com.ar\/index.php\/wp-json\/wp\/v2\/posts"}],"about":[{"href":"https:\/\/chacosintesis.com.ar\/index.php\/wp-json\/wp\/v2\/types\/post"}],"author":[{"embeddable":true,"href":"https:\/\/chacosintesis.com.ar\/index.php\/wp-json\/wp\/v2\/users\/1"}],"replies":[{"embeddable":true,"href":"https:\/\/chacosintesis.com.ar\/index.php\/wp-json\/wp\/v2\/comments?post=220295"}],"version-history":[{"count":1,"href":"https:\/\/chacosintesis.com.ar\/index.php\/wp-json\/wp\/v2\/posts\/220295\/revisions"}],"predecessor-version":[{"id":220307,"href":"https:\/\/chacosintesis.com.ar\/index.php\/wp-json\/wp\/v2\/posts\/220295\/revisions\/220307"}],"wp:featuredmedia":[{"embeddable":true,"href":"https:\/\/chacosintesis.com.ar\/index.php\/wp-json\/wp\/v2\/media\/220306"}],"wp:attachment":[{"href":"https:\/\/chacosintesis.com.ar\/index.php\/wp-json\/wp\/v2\/media?parent=220295"}],"wp:term":[{"taxonomy":"category","embeddable":true,"href":"https:\/\/chacosintesis.com.ar\/index.php\/wp-json\/wp\/v2\/categories?post=220295"},{"taxonomy":"post_tag","embeddable":true,"href":"https:\/\/chacosintesis.com.ar\/index.php\/wp-json\/wp\/v2\/tags?post=220295"}],"curies":[{"name":"wp","href":"https:\/\/api.w.org\/{rel}","templated":true}]}}