{"id":220258,"date":"2026-04-25T20:07:00","date_gmt":"2026-04-25T23:07:00","guid":{"rendered":"http:\/\/chacosintesis.com.ar\/index.php\/pamela-pombo-denuncio-al-ex-puma-patricio-albacete-por-violencia-de-genero-y-mostro-videos-de-las-agresiones_a69ed1b767825f88153f8ae54\/"},"modified":"2026-04-25T20:07:00","modified_gmt":"2026-04-25T23:07:00","slug":"pamela-pombo-denuncio-al-ex-puma-patricio-albacete-por-violencia-de-genero-y-mostro-videos-de-las-agresiones_a69ed1b767825f88153f8ae54","status":"publish","type":"post","link":"https:\/\/chacosintesis.com.ar\/index.php\/pamela-pombo-denuncio-al-ex-puma-patricio-albacete-por-violencia-de-genero-y-mostro-videos-de-las-agresiones_a69ed1b767825f88153f8ae54\/","title":{"rendered":"Pamela Pombo denunci\u00f3 a Patricio Albacete por violencia de g\u00e9nero y mostr\u00f3 videos de las agresiones"},"content":{"rendered":"<p><img decoding=\"async\" src=\"data:image\/gif;base64,R0lGODlhAQABAIAAAAAAAP\/\/\/ywAAAAAAQABAAACAUwAOw==\" fifu-lazy=\"1\" fifu-data-sizes=\"auto\" fifu-data-srcset=\"https:\/\/i3.wp.com\/chacosintesis.com.ar\/wp-content\/uploads\/2026\/04\/Pamela-Pombo-denuncio-a-Patricio-Albacete-por-violencia-de-genero.jpeg?ssl=1&w=75&resize=75&ssl=1 75w, https:\/\/i3.wp.com\/chacosintesis.com.ar\/wp-content\/uploads\/2026\/04\/Pamela-Pombo-denuncio-a-Patricio-Albacete-por-violencia-de-genero.jpeg?ssl=1&w=100&resize=100&ssl=1 100w, https:\/\/i3.wp.com\/chacosintesis.com.ar\/wp-content\/uploads\/2026\/04\/Pamela-Pombo-denuncio-a-Patricio-Albacete-por-violencia-de-genero.jpeg?ssl=1&w=150&resize=150&ssl=1 150w, https:\/\/i3.wp.com\/chacosintesis.com.ar\/wp-content\/uploads\/2026\/04\/Pamela-Pombo-denuncio-a-Patricio-Albacete-por-violencia-de-genero.jpeg?ssl=1&w=240&resize=240&ssl=1 240w, https:\/\/i3.wp.com\/chacosintesis.com.ar\/wp-content\/uploads\/2026\/04\/Pamela-Pombo-denuncio-a-Patricio-Albacete-por-violencia-de-genero.jpeg?ssl=1&w=320&resize=320&ssl=1 320w, https:\/\/i3.wp.com\/chacosintesis.com.ar\/wp-content\/uploads\/2026\/04\/Pamela-Pombo-denuncio-a-Patricio-Albacete-por-violencia-de-genero.jpeg?ssl=1&w=500&resize=500&ssl=1 500w, https:\/\/i3.wp.com\/chacosintesis.com.ar\/wp-content\/uploads\/2026\/04\/Pamela-Pombo-denuncio-a-Patricio-Albacete-por-violencia-de-genero.jpeg?ssl=1&w=640&resize=640&ssl=1 640w, https:\/\/i3.wp.com\/chacosintesis.com.ar\/wp-content\/uploads\/2026\/04\/Pamela-Pombo-denuncio-a-Patricio-Albacete-por-violencia-de-genero.jpeg?ssl=1&w=800&resize=800&ssl=1 800w, https:\/\/i3.wp.com\/chacosintesis.com.ar\/wp-content\/uploads\/2026\/04\/Pamela-Pombo-denuncio-a-Patricio-Albacete-por-violencia-de-genero.jpeg?ssl=1&w=1024&resize=1024&ssl=1 1024w, https:\/\/i3.wp.com\/chacosintesis.com.ar\/wp-content\/uploads\/2026\/04\/Pamela-Pombo-denuncio-a-Patricio-Albacete-por-violencia-de-genero.jpeg?ssl=1&w=1280&resize=1280&ssl=1 1280w, https:\/\/i3.wp.com\/chacosintesis.com.ar\/wp-content\/uploads\/2026\/04\/Pamela-Pombo-denuncio-a-Patricio-Albacete-por-violencia-de-genero.jpeg?ssl=1&w=1600&resize=1600&ssl=1 1600w\" fifu-data-src=\"https:\/\/i3.wp.com\/chacosintesis.com.ar\/wp-content\/uploads\/2026\/04\/Pamela-Pombo-denuncio-a-Patricio-Albacete-por-violencia-de-genero.jpeg?ssl=1\" \/><\/p>\n<div itemprop=\"articleBody\">\n<p><a href=\"\/\"><strong>Buenos Aires, 25 de abril (NA)<\/strong><\/a><strong> \u2014<\/strong> La modelo y fisicoculturista <strong>Pamela Pombo<\/strong> denunci\u00f3 penalmente a su exmarido, el hist\u00f3rico exintegrante de Los Pumas <strong>Patricio Albacete<\/strong>, por <strong>violencia de g\u00e9nero<\/strong> y <strong>tentativa de homicidio<\/strong>.<\/p>\n<p>La medi\u00e1tica hizo p\u00fablica la acusaci\u00f3n a trav\u00e9s de sus redes sociales, donde comparti\u00f3 grabaciones que registran momentos de extrema tensi\u00f3n y agresiones f\u00edsicas sufridas en el \u00e1mbito dom\u00e9stico.<\/p>\n<p>Seg\u00fan pudo reconstruir la <strong>Agencia Noticias Argentinas<\/strong>, <strong>el v\u00ednculo entre ambos se hab\u00eda formalizado con un casamiento civil en diciembre de 2024<\/strong>, seguido por una ostentosa celebraci\u00f3n en la localidad de Pilar. Sin embargo, <strong>la convivencia sufri\u00f3 un r\u00e1pido deterioro que desemboc\u00f3 en una separaci\u00f3n definitiva en enero de este a\u00f1o, apenas semanas despu\u00e9s de la boda.<\/strong><\/p>\n<p><tadevel-ad  class=\"block-4d\" slot-id=\"article-inline-01\"\/><\/p>\n<p>Pombo detall\u00f3 que el ciclo de violencia escal\u00f3 de manera alarmante a pesar de sus intentos por salvar la relaci\u00f3n mediante terapia de pareja. <strong>En la denuncia, la modelo relata que el miedo y la frustraci\u00f3n terminaron por quebrar el v\u00ednculo, denunciando incluso un reciente intento de asfixia que motiv\u00f3 la calificaci\u00f3n de tentativa de homicidio agravado<\/strong>.<\/p>\n<p style=\"--ipspy: __IP__;color: __IP__;text-decoration: __IP__;\" alt=\"__IP__\" data-ipspy=\"__IP__\" title=\"__IP__\"><strong>En el material audiovisual difundido por la v\u00edctima, se observa al exdeportista en una actitud violenta<\/strong>. Actualmente, la modelo cuenta con asistencia legal y psicol\u00f3gica especializada para afrontar las instancias penales contra el ex segunda l\u00ednea de la Selecci\u00f3n nacional.<span style=\"opacity: 0;\" data-nosnippet=\"\">__IP__<\/span><\/p>\n<p>Asimismo, la Justicia dict\u00f3 <strong>una restricci\u00f3n de acercamiento y la entrega de un dispositivo de bot\u00f3n antip\u00e1nico para la denunciante. Adem\u00e1s, le ordenaron a Albacete dejar el lugar familiar en un lapso de 90 d\u00edas.<\/strong><\/p>\n<p><tadevel-ad  class=\"block-4d\" slot-id=\"article-inline-02\"\/><\/p>\n<p><a href=\"\/-agenciana_t6916e70a4551e78eb9423f59\"><strong>#AgenciaNA<\/strong><\/a><strong>\u00a0<\/strong><\/p>\n<\/div>\n<p><img decoding=\"async\" src=\"data:image\/gif;base64,R0lGODlhAQABAIAAAAAAAP\/\/\/ywAAAAAAQABAAACAUwAOw==\" fifu-lazy=\"1\" fifu-data-sizes=\"auto\" fifu-data-srcset=\"https:\/\/i0.wp.com\/chacosintesis.com.ar\/wp-content\/uploads\/2026\/04\/1777158420_34_Pamela-Pombo-denuncio-a-Patricio-Albacete-por-violencia-de-genero.jpeg?ssl=1&w=75&resize=75&ssl=1 75w, https:\/\/i0.wp.com\/chacosintesis.com.ar\/wp-content\/uploads\/2026\/04\/1777158420_34_Pamela-Pombo-denuncio-a-Patricio-Albacete-por-violencia-de-genero.jpeg?ssl=1&w=100&resize=100&ssl=1 100w, https:\/\/i0.wp.com\/chacosintesis.com.ar\/wp-content\/uploads\/2026\/04\/1777158420_34_Pamela-Pombo-denuncio-a-Patricio-Albacete-por-violencia-de-genero.jpeg?ssl=1&w=150&resize=150&ssl=1 150w, https:\/\/i0.wp.com\/chacosintesis.com.ar\/wp-content\/uploads\/2026\/04\/1777158420_34_Pamela-Pombo-denuncio-a-Patricio-Albacete-por-violencia-de-genero.jpeg?ssl=1&w=240&resize=240&ssl=1 240w, https:\/\/i0.wp.com\/chacosintesis.com.ar\/wp-content\/uploads\/2026\/04\/1777158420_34_Pamela-Pombo-denuncio-a-Patricio-Albacete-por-violencia-de-genero.jpeg?ssl=1&w=320&resize=320&ssl=1 320w, https:\/\/i0.wp.com\/chacosintesis.com.ar\/wp-content\/uploads\/2026\/04\/1777158420_34_Pamela-Pombo-denuncio-a-Patricio-Albacete-por-violencia-de-genero.jpeg?ssl=1&w=500&resize=500&ssl=1 500w, https:\/\/i0.wp.com\/chacosintesis.com.ar\/wp-content\/uploads\/2026\/04\/1777158420_34_Pamela-Pombo-denuncio-a-Patricio-Albacete-por-violencia-de-genero.jpeg?ssl=1&w=640&resize=640&ssl=1 640w, https:\/\/i0.wp.com\/chacosintesis.com.ar\/wp-content\/uploads\/2026\/04\/1777158420_34_Pamela-Pombo-denuncio-a-Patricio-Albacete-por-violencia-de-genero.jpeg?ssl=1&w=800&resize=800&ssl=1 800w, https:\/\/i0.wp.com\/chacosintesis.com.ar\/wp-content\/uploads\/2026\/04\/1777158420_34_Pamela-Pombo-denuncio-a-Patricio-Albacete-por-violencia-de-genero.jpeg?ssl=1&w=1024&resize=1024&ssl=1 1024w, https:\/\/i0.wp.com\/chacosintesis.com.ar\/wp-content\/uploads\/2026\/04\/1777158420_34_Pamela-Pombo-denuncio-a-Patricio-Albacete-por-violencia-de-genero.jpeg?ssl=1&w=1280&resize=1280&ssl=1 1280w, https:\/\/i0.wp.com\/chacosintesis.com.ar\/wp-content\/uploads\/2026\/04\/1777158420_34_Pamela-Pombo-denuncio-a-Patricio-Albacete-por-violencia-de-genero.jpeg?ssl=1&w=1600&resize=1600&ssl=1 1600w\" fifu-data-src=\"https:\/\/i0.wp.com\/chacosintesis.com.ar\/wp-content\/uploads\/2026\/04\/1777158420_34_Pamela-Pombo-denuncio-a-Patricio-Albacete-por-violencia-de-genero.jpeg?ssl=1\"><\/p>\n<p>Noticias Argentinas<\/p>\n","protected":false},"excerpt":{"rendered":"<p>Buenos Aires, 25 de abril (NA) \u2014 La modelo y fisicoculturista Pamela Pombo denunci\u00f3 penalmente a su exmarido, el hist\u00f3rico exintegrante de Los Pumas Patricio Albacete, por violencia de g\u00e9nero y tentativa de homicidio. La medi\u00e1tica hizo p\u00fablica la acusaci\u00f3n a trav\u00e9s de sus redes sociales, donde comparti\u00f3 grabaciones que registran momentos de extrema tensi\u00f3n [&hellip;]<\/p>\n","protected":false},"author":1,"featured_media":220269,"comment_status":"closed","ping_status":"","sticky":false,"template":"","format":"standard","meta":{"footnotes":""},"categories":[188],"tags":[],"class_list":{"0":"post-220258","1":"post","2":"type-post","3":"status-publish","4":"format-standard","5":"has-post-thumbnail","7":"category-farandula"},"_links":{"self":[{"href":"https:\/\/chacosintesis.com.ar\/index.php\/wp-json\/wp\/v2\/posts\/220258","targetHints":{"allow":["GET"]}}],"collection":[{"href":"https:\/\/chacosintesis.com.ar\/index.php\/wp-json\/wp\/v2\/posts"}],"about":[{"href":"https:\/\/chacosintesis.com.ar\/index.php\/wp-json\/wp\/v2\/types\/post"}],"author":[{"embeddable":true,"href":"https:\/\/chacosintesis.com.ar\/index.php\/wp-json\/wp\/v2\/users\/1"}],"replies":[{"embeddable":true,"href":"https:\/\/chacosintesis.com.ar\/index.php\/wp-json\/wp\/v2\/comments?post=220258"}],"version-history":[{"count":0,"href":"https:\/\/chacosintesis.com.ar\/index.php\/wp-json\/wp\/v2\/posts\/220258\/revisions"}],"wp:featuredmedia":[{"embeddable":true,"href":"https:\/\/chacosintesis.com.ar\/index.php\/wp-json\/wp\/v2\/media\/220269"}],"wp:attachment":[{"href":"https:\/\/chacosintesis.com.ar\/index.php\/wp-json\/wp\/v2\/media?parent=220258"}],"wp:term":[{"taxonomy":"category","embeddable":true,"href":"https:\/\/chacosintesis.com.ar\/index.php\/wp-json\/wp\/v2\/categories?post=220258"},{"taxonomy":"post_tag","embeddable":true,"href":"https:\/\/chacosintesis.com.ar\/index.php\/wp-json\/wp\/v2\/tags?post=220258"}],"curies":[{"name":"wp","href":"https:\/\/api.w.org\/{rel}","templated":true}]}}