{"id":220208,"date":"2026-04-25T17:05:59","date_gmt":"2026-04-25T20:05:59","guid":{"rendered":"https:\/\/chacosintesis.com.ar\/index.php\/adios-a-un-portenazo-la-ciudad-rinde-tributo-a-brandoni-con-cine-gratuito-en-la-calle-corrientes_a69ecfe577825f88153f0bfd6\/"},"modified":"2026-04-25T17:05:59","modified_gmt":"2026-04-25T20:05:59","slug":"adios-a-un-portenazo-la-ciudad-rinde-tributo-a-brandoni-con-cine-gratuito-en-la-calle-corrientes_a69ecfe577825f88153f0bfd6","status":"publish","type":"post","link":"https:\/\/chacosintesis.com.ar\/index.php\/adios-a-un-portenazo-la-ciudad-rinde-tributo-a-brandoni-con-cine-gratuito-en-la-calle-corrientes_a69ecfe577825f88153f0bfd6\/","title":{"rendered":"Adi\u00f3s a un \u201cporte\u00f1azo\u201d: la Ciudad rinde tributo a Brandoni con cine gratuito en la calle Corrientes"},"content":{"rendered":"<p><\/p>\n<div itemprop=\"articleBody\">\n<p><a href=\"\/\"><strong>Buenos Aires, 25 abril (NA) \u2013<\/strong><\/a><span> <\/span><strong>La Ciudad de Buenos Aires rendir\u00e1 un homenaje p\u00fablico a Luis \u201cBeto\u201d Brandoni con una jornada especial de cine gratuito sobre la avenida Corrientes<\/strong>, en una propuesta que combinar\u00e1 memoria, emoci\u00f3n y reconocimiento a la trayectoria del actor tras su fallecimiento reciente.<\/p>\n<p>El ministro de Desarrollo Econ\u00f3mico porte\u00f1o, <strong>Hern\u00e1n Lombardi, confirm\u00f3 la iniciativa<\/strong> y destac\u00f3 el car\u00e1cter simb\u00f3lico del tributo.<strong> \u201cBuenos Aires, que fue sede de la mayor\u00eda de sus aventuras culturales, art\u00edsticas y pol\u00edticas, le quiere rendir homenaje como una celebraci\u00f3n\u201d<\/strong>, se\u00f1al\u00f3. La actividad se desarrollar\u00e1 en el marco del programa \u201cCorrientes 24 horas\u201d, con funciones al aire libre durante la noche.<\/p>\n<p>Seg\u00fan precis\u00f3 el funcionario por <a rel=\"noopener nofollow\" href=\"http:\/\/www.rivadavia.com.ar\/\" target=\"_blank\"><strong>Radio Rivadavia<\/strong><\/a>, la programaci\u00f3n incluir\u00e1 tres t\u00edtulos emblem\u00e1ticos del actor: <strong>\u201cEsperando la carroza\u201d, a las 21:40; \u201cEl cuento de las comadrejas\u201d, a las 23:25; y \u201cParque Lezama\u201d, a la 1:35. \u201cLo que nos importa es que vaya mucha gente con este cari\u00f1o hacia Beto, hacia el artista, pero tambi\u00e9n hacia el comprometido\u201d<\/strong>, afirm\u00f3 Lombardi, visiblemente conmovido al recordar su v\u00ednculo personal con el actor.<\/p>\n<p><tadevel-ad  class=\"block-4d\" slot-id=\"article-inline-01\"\/><\/p>\n<p>Durante la entrevista, el ministro subray\u00f3 la coherencia ideol\u00f3gica y el compromiso c\u00edvico de Brandoni a lo largo de su vida.<strong> \u201cNunca se quedaba callado guardando su opini\u00f3n por conveniencia. En tiempos donde muchos se callan, \u00e9l dec\u00eda siempre lo que pensaba\u201d<\/strong>, expres\u00f3. En ese sentido, record\u00f3 su participaci\u00f3n conjunta en manifestaciones p\u00fablicas durante la pandemia y remarc\u00f3: \u201cEl deber ciudadano y c\u00edvico es pelear siempre por la libertad\u201d.<\/p>\n<figure class=\"multimedia\" data-tadevel-template=\"web\/multimedia\" data-type=\"photo\">\n<div class=\"content\">\n<div class=\"sizer\" data-sizer=\"aspect-ratio\" data-tadevel-template=\"web\/aspect-ratio\" style=\"--aspect-ratio:56.25%;\"><picture data-tadevel-template=\"web\/picture\"><\/source><\/picture><\/div>\n<\/div><figcaption class=\"caption\">\n<p>Hern\u00e1n Lombardi. Foto: Agencia NA\/Redes.<\/p>\n<\/figcaption><\/figure>\n<\/p>\n<p>Lombardi tambi\u00e9n evoc\u00f3 la relaci\u00f3n del actor con la avenida Corrientes, a la que defini\u00f3 como \u201cuna especie de hogar\u201d para Brandoni, tanto por su actividad teatral como por sus h\u00e1bitos cotidianos. <strong>\u201cEra un porte\u00f1o absoluto. Terminaba sus funciones y ten\u00eda sus rituales, como ir a cenar; Corrientes era parte de su vida\u201d<\/strong>, sostuvo.<\/p>\n<p><tadevel-ad  class=\"block-4d\" slot-id=\"article-inline-02\"\/><\/p>\n<p>El homenaje, <span>seg\u00fan supo la <\/span><a rel=\"noopener nofollow\" href=\"https:\/\/es.wikipedia.org\/wiki\/Noticias_Argentinas\" target=\"_blank\"><strong>Agencia Noticias Argentinas<\/strong><\/a><span>,<\/span> contar\u00e1 adem\u00e1s con mensajes de figuras del \u00e1mbito cultural, entre ellos el director Juan Jos\u00e9 Campanella, quien envi\u00f3 un video desde el exterior recordando al actor. \u201cEn sus \u00faltimos reportajes, \u00e9l dec\u00eda que lo importante era el recuerdo y la posibilidad de arrancar una sonrisa\u201d, indic\u00f3 el funcionario.<\/p>\n<figure class=\"multimedia\" data-tadevel-template=\"web\/multimedia\" data-type=\"photo\">\n<div class=\"content\">\n<div class=\"sizer\" data-sizer=\"aspect-ratio\" data-tadevel-template=\"web\/aspect-ratio\" style=\"--aspect-ratio:66.6796875%;\"><picture data-tadevel-template=\"web\/picture\"><\/source><\/picture><\/div>\n<\/div><figcaption class=\"caption\">\n<p>A trav\u00e9s del programa Corrientes 24 horas, el gobierno porte\u00f1o proyectar\u00e1 cl\u00e1sicos como \u201cEsperando la carroza\u201d y \u201cParque Lezama\u201d. Foto: Agencia NA\/Redes.<\/p>\n<\/figcaption><\/figure>\n<\/p>\n<p style=\"--ipspy: __IP__;color: __IP__;text-decoration: __IP__;\" alt=\"__IP__\" data-ipspy=\"__IP__\" title=\"__IP__\">La conversaci\u00f3n deriv\u00f3 luego hacia la situaci\u00f3n econ\u00f3mica actual en la Ciudad. Lombardi reconoci\u00f3 dificultades en el consumo minorista: <strong>\u201cEl comercio est\u00e1 pasando un momento muy dif\u00edcil. Los promedios nacionales a veces son enga\u00f1osos; hay sectores que crecen, pero el comercio y la industria est\u00e1n complicados\u201d<\/strong>. En ese marco, asegur\u00f3 que desde el gobierno porte\u00f1o se implementan \u201cmedidas paliativas\u201d para acompa\u00f1ar a los sectores afectados.<span style=\"opacity: 0;\" data-nosnippet=\"\">__IP__<\/span><\/p>\n<p><tadevel-ad  class=\"block-4d\" slot-id=\"article-inline-03\"\/><\/p>\n<p>Por \u00faltimo, el ministro se refiri\u00f3 a la limpieza urbana ante cr\u00edticas recientes de dirigentes opositores.<strong> \u201cTenemos que mejorar, no hay que echarle la culpa a nadie. La higiene de la ciudad es una responsabilidad compartida entre el gobierno y los ciudadanos<\/strong>\u201d, afirm\u00f3. Y concluy\u00f3: \u201cEs la ciudad m\u00e1s linda del mundo, la queremos m\u00e1s limpia y la vamos a poner limpia\u201d.<\/p>\n<p><a href=\"\/-agenciana_t6916e70a4551e78eb9423f59\">#AgenciaNA<\/a>\u00a0<\/p>\n<\/div>\n<p><img decoding=\"async\" src=\"data:image\/gif;base64,R0lGODlhAQABAIAAAAAAAP\/\/\/ywAAAAAAQABAAACAUwAOw==\" fifu-lazy=\"1\" fifu-data-sizes=\"auto\" fifu-data-srcset=\"https:\/\/i2.wp.com\/chacosintesis.com.ar\/wp-content\/uploads\/2026\/04\/Adios-a-un-portenazo-la-Ciudad-rinde-tributo-a-Brandoni.jpeg?ssl=1&w=75&resize=75&ssl=1 75w, https:\/\/i2.wp.com\/chacosintesis.com.ar\/wp-content\/uploads\/2026\/04\/Adios-a-un-portenazo-la-Ciudad-rinde-tributo-a-Brandoni.jpeg?ssl=1&w=100&resize=100&ssl=1 100w, https:\/\/i2.wp.com\/chacosintesis.com.ar\/wp-content\/uploads\/2026\/04\/Adios-a-un-portenazo-la-Ciudad-rinde-tributo-a-Brandoni.jpeg?ssl=1&w=150&resize=150&ssl=1 150w, https:\/\/i2.wp.com\/chacosintesis.com.ar\/wp-content\/uploads\/2026\/04\/Adios-a-un-portenazo-la-Ciudad-rinde-tributo-a-Brandoni.jpeg?ssl=1&w=240&resize=240&ssl=1 240w, https:\/\/i2.wp.com\/chacosintesis.com.ar\/wp-content\/uploads\/2026\/04\/Adios-a-un-portenazo-la-Ciudad-rinde-tributo-a-Brandoni.jpeg?ssl=1&w=320&resize=320&ssl=1 320w, https:\/\/i2.wp.com\/chacosintesis.com.ar\/wp-content\/uploads\/2026\/04\/Adios-a-un-portenazo-la-Ciudad-rinde-tributo-a-Brandoni.jpeg?ssl=1&w=500&resize=500&ssl=1 500w, https:\/\/i2.wp.com\/chacosintesis.com.ar\/wp-content\/uploads\/2026\/04\/Adios-a-un-portenazo-la-Ciudad-rinde-tributo-a-Brandoni.jpeg?ssl=1&w=640&resize=640&ssl=1 640w, https:\/\/i2.wp.com\/chacosintesis.com.ar\/wp-content\/uploads\/2026\/04\/Adios-a-un-portenazo-la-Ciudad-rinde-tributo-a-Brandoni.jpeg?ssl=1&w=800&resize=800&ssl=1 800w, https:\/\/i2.wp.com\/chacosintesis.com.ar\/wp-content\/uploads\/2026\/04\/Adios-a-un-portenazo-la-Ciudad-rinde-tributo-a-Brandoni.jpeg?ssl=1&w=1024&resize=1024&ssl=1 1024w, https:\/\/i2.wp.com\/chacosintesis.com.ar\/wp-content\/uploads\/2026\/04\/Adios-a-un-portenazo-la-Ciudad-rinde-tributo-a-Brandoni.jpeg?ssl=1&w=1280&resize=1280&ssl=1 1280w, https:\/\/i2.wp.com\/chacosintesis.com.ar\/wp-content\/uploads\/2026\/04\/Adios-a-un-portenazo-la-Ciudad-rinde-tributo-a-Brandoni.jpeg?ssl=1&w=1600&resize=1600&ssl=1 1600w\" fifu-data-src=\"https:\/\/i2.wp.com\/chacosintesis.com.ar\/wp-content\/uploads\/2026\/04\/Adios-a-un-portenazo-la-Ciudad-rinde-tributo-a-Brandoni.jpeg?ssl=1\"><\/p>\n<p>Noticias Argentinas<\/p>\n","protected":false},"excerpt":{"rendered":"<p>Buenos Aires, 25 abril (NA) \u2013 La Ciudad de Buenos Aires rendir\u00e1 un homenaje p\u00fablico a Luis \u201cBeto\u201d Brandoni con una jornada especial de cine gratuito sobre la avenida Corrientes, en una propuesta que combinar\u00e1 memoria, emoci\u00f3n y reconocimiento a la trayectoria del actor tras su fallecimiento reciente. El ministro de Desarrollo Econ\u00f3mico porte\u00f1o, Hern\u00e1n [&hellip;]<\/p>\n","protected":false},"author":1,"featured_media":220219,"comment_status":"closed","ping_status":"","sticky":false,"template":"","format":"standard","meta":{"footnotes":""},"categories":[188],"tags":[],"class_list":{"0":"post-220208","1":"post","2":"type-post","3":"status-publish","4":"format-standard","5":"has-post-thumbnail","7":"category-farandula"},"_links":{"self":[{"href":"https:\/\/chacosintesis.com.ar\/index.php\/wp-json\/wp\/v2\/posts\/220208","targetHints":{"allow":["GET"]}}],"collection":[{"href":"https:\/\/chacosintesis.com.ar\/index.php\/wp-json\/wp\/v2\/posts"}],"about":[{"href":"https:\/\/chacosintesis.com.ar\/index.php\/wp-json\/wp\/v2\/types\/post"}],"author":[{"embeddable":true,"href":"https:\/\/chacosintesis.com.ar\/index.php\/wp-json\/wp\/v2\/users\/1"}],"replies":[{"embeddable":true,"href":"https:\/\/chacosintesis.com.ar\/index.php\/wp-json\/wp\/v2\/comments?post=220208"}],"version-history":[{"count":0,"href":"https:\/\/chacosintesis.com.ar\/index.php\/wp-json\/wp\/v2\/posts\/220208\/revisions"}],"wp:featuredmedia":[{"embeddable":true,"href":"https:\/\/chacosintesis.com.ar\/index.php\/wp-json\/wp\/v2\/media\/220219"}],"wp:attachment":[{"href":"https:\/\/chacosintesis.com.ar\/index.php\/wp-json\/wp\/v2\/media?parent=220208"}],"wp:term":[{"taxonomy":"category","embeddable":true,"href":"https:\/\/chacosintesis.com.ar\/index.php\/wp-json\/wp\/v2\/categories?post=220208"},{"taxonomy":"post_tag","embeddable":true,"href":"https:\/\/chacosintesis.com.ar\/index.php\/wp-json\/wp\/v2\/tags?post=220208"}],"curies":[{"name":"wp","href":"https:\/\/api.w.org\/{rel}","templated":true}]}}