{"id":220195,"date":"2026-04-25T17:04:57","date_gmt":"2026-04-25T20:04:57","guid":{"rendered":"https:\/\/chacosintesis.com.ar\/index.php\/resistencia-detienen-a-un-hombre-con-multiples-pedidos-judiciales\/"},"modified":"2026-04-25T17:05:50","modified_gmt":"2026-04-25T20:05:50","slug":"resistencia-detienen-a-un-hombre-con-multiples-pedidos-judiciales","status":"publish","type":"post","link":"https:\/\/chacosintesis.com.ar\/index.php\/resistencia-detienen-a-un-hombre-con-multiples-pedidos-judiciales\/","title":{"rendered":"RESISTENCIA: Detienen A Un Hombre Con M\u00faltiples Pedidos Judiciales"},"content":{"rendered":"<p><\/p>\n<div id=\"post-362668\">\n<p><\/p>\n<div class=\"single-post-image\">\n<figure><\/figure>\n<\/p><\/div>\n<p><!-- .single-post-image --><br \/>\n\t\t<!-- .entry-header --><\/p>\n<div class=\"entry-content\">\n<p>Al verificar sus antecedentes en el Sistema Federal de Comunicaci\u00f3n Policial (SIFCOP), se detectaron que pose\u00eda un pedido de captura por resistencia a la autoridad y da\u00f1o, emitida por la Polic\u00eda de Corrientes, con intervenci\u00f3n del Juzgado Correccional N\u00ba 2 de esa provincia. Otras dos capturas, solicitada por el Poder Judicial de la vecina provincia.<\/p>\n<p>Y el \u00faltimo por una causa por supuesto robo en poblado y en banda, bajo la \u00f3rbita del Juzgado de Instrucci\u00f3n N\u00ba 3 de Corrientes.<\/p>\n<p>Ante esta situaci\u00f3n, fue trasladado a la Comisar\u00eda Tercera de Resistencia, quedando a disposici\u00f3n de la Justicia.<\/p>\n<div class=\"heateor_sss_sharing_container heateor_sss_horizontal_sharing\" data-heateor-sss-href=\"https:\/\/www.noticiasdelparana.com.ar\/NuevaEdicion\/2026\/04\/25\/resistencia-detienen-a-un-hombre-con-multiples-pedidos-judiciales\/\">\n<p>Compart\u00ed esta nota en tus redes sociales&#8230;<\/p>\n<\/div><\/div>\n<p><!-- .entry-content --><\/p>\n<p>\t<!-- .entry-footer -->\n<\/div>\n<p><img decoding=\"async\" src=\"\"><\/p>\n<p>Noticias del Paran\u00e1<\/p>\n","protected":false},"excerpt":{"rendered":"<p>Al verificar sus antecedentes en el Sistema Federal de Comunicaci\u00f3n Policial (SIFCOP), se detectaron que pose\u00eda un pedido de captura por resistencia a la autoridad y da\u00f1o, emitida por la Polic\u00eda de Corrientes, con intervenci\u00f3n del Juzgado Correccional N\u00ba 2 de esa provincia. Otras dos capturas, solicitada por el Poder Judicial de la vecina provincia. [&hellip;]<\/p>\n","protected":false},"author":1,"featured_media":220206,"comment_status":"closed","ping_status":"","sticky":false,"template":"","format":"standard","meta":{"footnotes":""},"categories":[5],"tags":[],"class_list":{"0":"post-220195","1":"post","2":"type-post","3":"status-publish","4":"format-standard","5":"has-post-thumbnail","7":"category-policiales"},"_links":{"self":[{"href":"https:\/\/chacosintesis.com.ar\/index.php\/wp-json\/wp\/v2\/posts\/220195","targetHints":{"allow":["GET"]}}],"collection":[{"href":"https:\/\/chacosintesis.com.ar\/index.php\/wp-json\/wp\/v2\/posts"}],"about":[{"href":"https:\/\/chacosintesis.com.ar\/index.php\/wp-json\/wp\/v2\/types\/post"}],"author":[{"embeddable":true,"href":"https:\/\/chacosintesis.com.ar\/index.php\/wp-json\/wp\/v2\/users\/1"}],"replies":[{"embeddable":true,"href":"https:\/\/chacosintesis.com.ar\/index.php\/wp-json\/wp\/v2\/comments?post=220195"}],"version-history":[{"count":1,"href":"https:\/\/chacosintesis.com.ar\/index.php\/wp-json\/wp\/v2\/posts\/220195\/revisions"}],"predecessor-version":[{"id":220207,"href":"https:\/\/chacosintesis.com.ar\/index.php\/wp-json\/wp\/v2\/posts\/220195\/revisions\/220207"}],"wp:featuredmedia":[{"embeddable":true,"href":"https:\/\/chacosintesis.com.ar\/index.php\/wp-json\/wp\/v2\/media\/220206"}],"wp:attachment":[{"href":"https:\/\/chacosintesis.com.ar\/index.php\/wp-json\/wp\/v2\/media?parent=220195"}],"wp:term":[{"taxonomy":"category","embeddable":true,"href":"https:\/\/chacosintesis.com.ar\/index.php\/wp-json\/wp\/v2\/categories?post=220195"},{"taxonomy":"post_tag","embeddable":true,"href":"https:\/\/chacosintesis.com.ar\/index.php\/wp-json\/wp\/v2\/tags?post=220195"}],"curies":[{"name":"wp","href":"https:\/\/api.w.org\/{rel}","templated":true}]}}