{"id":22015,"date":"2023-05-23T10:15:00","date_gmt":"2023-05-23T13:15:00","guid":{"rendered":"https:\/\/chacosintesis.com.ar\/?p=22015"},"modified":"2023-05-23T10:25:49","modified_gmt":"2023-05-23T13:25:49","slug":"cuesta-no-nos-van-a-robar-nuestra-historia-vamos-a-estar-al-lado-de-los-humildes","status":"publish","type":"post","link":"https:\/\/chacosintesis.com.ar\/index.php\/cuesta-no-nos-van-a-robar-nuestra-historia-vamos-a-estar-al-lado-de-los-humildes\/","title":{"rendered":"Cuesta: &#8220;No nos van a robar nuestra historia, vamos a estar al lado de los humildes&#8221;"},"content":{"rendered":"\n<p>La candidata a intendenta por la Corriente de Expresi\u00f3n Renovada (CER), Eli Cuesta, acompa\u00f1\u00f3 la asunci\u00f3n de autoridades de la junta local del Partido Justicialista de Resistencia, momento en que destac\u00f3 el trabajo y la historia de militancia de las nuevas autoridades y convoc\u00f3 a honrar el legado de Eva Per\u00f3n, de estar al lado de laa y los trabajadores y los humildes.<br>Cuesta agradeci\u00f3 el trabajo militante y marc\u00f3 su importancia durante los a\u00f1os en que el peronismo estuvo fuera del gobierno provincial. \u201cNosotros, con muchos otras compa\u00f1eras y compa\u00f1eros, fuimos los que resistimos durante los 16 a\u00f1os en que el peronismo estuvo fuera del gobierno, los que custodiamos las urnas para ganar en 2007 por 1.118 votos, mientras los que hoy nos se\u00f1alan con el dedo ni siquiera viv\u00edan en la provincia o pasaban por la vereda del partido\u201d, manifest\u00f3.<br>Adem\u00e1s, la candidata por el CER remarc\u00f3 que es necesario que todas las y los justicialistas que trabajan en el territorio tengan representaci\u00f3n partidaria y sean reconocidos por su tarea militante diaria. \u201cPara los que sentimos el peronismo los cargos son circunstanciales, pero creemos necesaria la representaci\u00f3n y el reconocimiento de las y los compa\u00f1eros que trabajan todos los d\u00edas en el territorio dejando la vida por nuestra causa, que no es m\u00e1s ni menos que la causa del pueblo\u201d, asegur\u00f3.<br>Por otra parte, critic\u00f3 a las y los funcionarios que salieron en botas de lluvia durante la \u00faltima emergencia h\u00eddrica que vivi\u00f3 Resistencia y que durante tres a\u00f1os de gesti\u00f3n no salieron de las oficinas de Casa de Gobierno. \u201cBasta de inventar peronistas que no sienten la doctrina, basta de ese peronismo descomprometido que sale solamente cuando hay elecciones y se sacan fotos en las desgracias de la gente. Estos personajes no nos van a robar nuestra historia porque nosotros siempre vamos a estar al lado de los humildes\u201d, asever\u00f3.<br>Por \u00faltimo, Cuesta pidi\u00f3 a cada militante que la acompa\u00f1en para llevar a cada barrio y cada casa la propuesta de construir una ciudad mejor que incluya a todos. \u201cSomos testimonio vivo de la historia del peronismo, porque nacimos peronistas, vivimos como peronistas y vamos a morir peronistas, por eso les pido que no me dejen sola, que abracemos a todas y todos, que llevemos nuestra propuesta casa por casa para construir juntos una Resistencia mejor\u201d, concluy\u00f3.<\/p>\n","protected":false},"excerpt":{"rendered":"<p>La candidata a intendenta por la Corriente de Expresi\u00f3n Renovada (CER), Eli Cuesta, acompa\u00f1\u00f3 la asunci\u00f3n de autoridades de la junta local del Partido Justicialista de Resistencia, momento en que destac\u00f3 el trabajo y la historia de militancia de las nuevas autoridades y convoc\u00f3 a honrar el legado de Eva Per\u00f3n, de estar al lado [&hellip;]<\/p>\n","protected":false},"author":1,"featured_media":22016,"comment_status":"closed","ping_status":"closed","sticky":false,"template":"","format":"standard","meta":{"footnotes":""},"categories":[6],"tags":[202],"class_list":{"0":"post-22015","1":"post","2":"type-post","3":"status-publish","4":"format-standard","5":"has-post-thumbnail","7":"category-chaco","8":"tag-legislatura"},"_links":{"self":[{"href":"https:\/\/chacosintesis.com.ar\/index.php\/wp-json\/wp\/v2\/posts\/22015","targetHints":{"allow":["GET"]}}],"collection":[{"href":"https:\/\/chacosintesis.com.ar\/index.php\/wp-json\/wp\/v2\/posts"}],"about":[{"href":"https:\/\/chacosintesis.com.ar\/index.php\/wp-json\/wp\/v2\/types\/post"}],"author":[{"embeddable":true,"href":"https:\/\/chacosintesis.com.ar\/index.php\/wp-json\/wp\/v2\/users\/1"}],"replies":[{"embeddable":true,"href":"https:\/\/chacosintesis.com.ar\/index.php\/wp-json\/wp\/v2\/comments?post=22015"}],"version-history":[{"count":0,"href":"https:\/\/chacosintesis.com.ar\/index.php\/wp-json\/wp\/v2\/posts\/22015\/revisions"}],"wp:featuredmedia":[{"embeddable":true,"href":"https:\/\/chacosintesis.com.ar\/index.php\/wp-json\/wp\/v2\/media\/22016"}],"wp:attachment":[{"href":"https:\/\/chacosintesis.com.ar\/index.php\/wp-json\/wp\/v2\/media?parent=22015"}],"wp:term":[{"taxonomy":"category","embeddable":true,"href":"https:\/\/chacosintesis.com.ar\/index.php\/wp-json\/wp\/v2\/categories?post=22015"},{"taxonomy":"post_tag","embeddable":true,"href":"https:\/\/chacosintesis.com.ar\/index.php\/wp-json\/wp\/v2\/tags?post=22015"}],"curies":[{"name":"wp","href":"https:\/\/api.w.org\/{rel}","templated":true}]}}