{"id":22009,"date":"2023-05-23T09:26:43","date_gmt":"2023-05-23T12:26:43","guid":{"rendered":"https:\/\/chacosintesis.com.ar\/?p=22009"},"modified":"2023-05-23T09:36:39","modified_gmt":"2023-05-23T12:36:39","slug":"capitanich-se-reunio-con-gremios-y-acordo-una-agenda-para-mejorar-la-situacion-laboral-de-trabajadoras-y-trabajadores","status":"publish","type":"post","link":"https:\/\/chacosintesis.com.ar\/index.php\/capitanich-se-reunio-con-gremios-y-acordo-una-agenda-para-mejorar-la-situacion-laboral-de-trabajadoras-y-trabajadores\/","title":{"rendered":"Capitanich se reuni\u00f3 con gremios y acord\u00f3 una agenda para mejorar la situaci\u00f3n laboral de trabajadoras y trabajadores"},"content":{"rendered":"<p>El gobernador se reuni\u00f3n con representantes de ATE, UPCP y UPCN, para trabajar en la cuesti\u00f3n salarial, capacitaciones en materia del Convenio Colectivo de Trabajo, as\u00ed como los lineamientos para el pr\u00f3ximo concurso de Antecedentes y Oposici\u00f3n para regularizar la situaci\u00f3n laboral de precarizados.<\/p>\n<p>El gobernador Jorge Capitanich y el ministro de Planificaci\u00f3n, Econom\u00eda e Infraestructura, Santiago P\u00e9rez Pons, mantuvieron una reuni\u00f3n con representantes de la Asociaci\u00f3n de Trabajadores del Estado (ATE), Uni\u00f3n del Personal Civil de la Provincia (UPCP) y de la Uni\u00f3n del Personal Civil de la Naci\u00f3n (UPCN), para avanzar en materia salarial, regularizaci\u00f3n laboral, entre otros temas.<br \/>\n El mandatario explic\u00f3 que el objetivo del encuentro fue \u201ctrabajar en una pol\u00edtica salarial para los diferentes sectores que permita mejorar la calidad de vida de los trabajadores y trabajadoras. La mesa de trabajo se realiz\u00f3 en el marco de la Comisi\u00f3n de Interpretaci\u00f3n y Autocomposici\u00f3n Paritaria (CIAP), que es el \u00f3rgano rector del Convenio Colectivo de Trabajo.<\/p>\n<p>Respecto a los salarios, Capitanich record\u00f3 el cronograma de pagos que se realizar\u00e1 el d\u00eda 29 de mayo para jubilados y pensionados con un 10% de aumento y para el 30 de mayo para las y los trabajadores activos, con un 10% de aumento. A su vez, el refrigerio cuenta con un aumento de 8.000 pesos y habr\u00e1 una bonificaci\u00f3n de Equiparaci\u00f3n Sectorial durante el mes de mayo para promover previsibilidad a las familias chaque\u00f1as.<\/p>\n<p>Sobre el encuentro, el ministro P\u00e9rez Pons explic\u00f3 que tambi\u00e9n se trabajaron cuestiones referidas al proceso de organizaci\u00f3n de personas becadas que actualmente se encuentran trabajando en el Estado, para poner en marcha un progresivo ordenamiento en materia de regularizaci\u00f3n de su situaci\u00f3n laboral.<\/p>\n<p>En este sentido, anunci\u00f3 que para fines de julio se lanzar\u00e1 el concurso de Antecedentes y Oposici\u00f3n \u201cpara muchas trabajadoras y trabajadores que est\u00e1n brindando una contraprestaci\u00f3n laboral en el Estado a trav\u00e9s de una beca\u201d, dijo el ministro. El concurso priorizar\u00e1 la edad y la formaci\u00f3n de las y los trabajadores, adem\u00e1s de tener en cuenta la cantidad de cargos, bajas (jubilaciones, retiros) y se tendr\u00e1 en cuenta un orden de m\u00e9rito por puntaje.<\/p>\n<p>El ministro se\u00f1al\u00f3 que el concurso depender\u00e1 de la cantidad de cargos, bajas (jubilaciones, retiros) y se podr\u00e1n a disposici\u00f3n esos cargos, con orden de m\u00e9rito por puntaje. Sobre este punto, las y los asistentes discutieron sobre los lineamientos del Concurso de Antecedentes y Oposici\u00f3n, que posteriormente requerir\u00e1 la elaboraci\u00f3n de un decreto y reglamentaci\u00f3n correspondientes para comunicar este proceso a las jurisdicciones. \u201cEsperemos que en este a\u00f1o se regularice la situaci\u00f3n\u201d, plante\u00f3 P\u00e9rez Pons.<\/p>\n<p>Participaron de la reuni\u00f3n el secretario General de Gobernaci\u00f3n, Cristian Rol\u00f3n Motter; el subsecretario de Pol\u00edticas Econ\u00f3micas, Sebasti\u00e1n Mart\u00ednez; el secretario General de ATE, Mario Bustamante; el secretario General de UPCP, Jos\u00e9 Niz; y la secretaria General de UPCN, Perla Portal.<\/p>\n<p>La secretaria General de UPCN, Perla Portal, calific\u00f3 como \u201cmuy positiva\u201d y destac\u00f3 la presencia del gobernador en esta mesa \u201cdonde se hace hincapi\u00e9 en ejes importantes para trabajar en la mesa de discusi\u00f3n, para seguir trabajando en forma coordinada y conjunta dentro del CIAP\u201d, afirm\u00f3. Anunci\u00f3 que junto a las y los trabajadores el 2 de junio se realizar\u00e1 un Congreso de formaci\u00f3n sobre el Convenio Colectivo de Trabajo, y la importancia de este documento.<\/p>\n<p>A su turno, el secretario General de ATE, Mario Bustamante, explic\u00f3 que dentro de la CIAP, analizaron las cuestiones salariales, estabilidad laboral para las y los trabajadores que vienen desarrollando tareas en el Estado, bonificaciones, entre otros temas. \u201cHablar de estos temas dentro de la CIAP, dentro del Convenio Colectivo de Trabajo es clave\u201d, manifest\u00f3.<\/p>\n<p> Por su parte, el secretario General de UPCP, Jos\u00e9 Niz, destac\u00f3 que en la reuni\u00f3n, adem\u00e1s de las cuestiones salariales, se trabaja en capacitaci\u00f3n para trabajadores y trabajadoras en el marco del Convenio de Trabajo, cuestiones pendientes en materia de bonificaciones y el proceso de pase a planta para quienes lo vienen solicitando hace mucho tiempo. \u201cTrabajamos en lo que respecta al establecimiento de criterios para este tan ansiado y esperado proceso\u201d, manifest\u00f3.<\/p>\n","protected":false},"excerpt":{"rendered":"<p>El gobernador se reuni\u00f3n con representantes de ATE, UPCP y UPCN, para trabajar en la cuesti\u00f3n salarial, capacitaciones en materia del Convenio Colectivo de Trabajo, as\u00ed como los lineamientos para el pr\u00f3ximo concurso de Antecedentes y Oposici\u00f3n para regularizar la situaci\u00f3n laboral de precarizados. El gobernador Jorge Capitanich y el ministro de Planificaci\u00f3n, Econom\u00eda e [&hellip;]<\/p>\n","protected":false},"author":1,"featured_media":22010,"comment_status":"closed","ping_status":"closed","sticky":false,"template":"","format":"standard","meta":{"footnotes":""},"categories":[6],"tags":[],"class_list":{"0":"post-22009","1":"post","2":"type-post","3":"status-publish","4":"format-standard","5":"has-post-thumbnail","7":"category-chaco"},"_links":{"self":[{"href":"https:\/\/chacosintesis.com.ar\/index.php\/wp-json\/wp\/v2\/posts\/22009","targetHints":{"allow":["GET"]}}],"collection":[{"href":"https:\/\/chacosintesis.com.ar\/index.php\/wp-json\/wp\/v2\/posts"}],"about":[{"href":"https:\/\/chacosintesis.com.ar\/index.php\/wp-json\/wp\/v2\/types\/post"}],"author":[{"embeddable":true,"href":"https:\/\/chacosintesis.com.ar\/index.php\/wp-json\/wp\/v2\/users\/1"}],"replies":[{"embeddable":true,"href":"https:\/\/chacosintesis.com.ar\/index.php\/wp-json\/wp\/v2\/comments?post=22009"}],"version-history":[{"count":0,"href":"https:\/\/chacosintesis.com.ar\/index.php\/wp-json\/wp\/v2\/posts\/22009\/revisions"}],"wp:featuredmedia":[{"embeddable":true,"href":"https:\/\/chacosintesis.com.ar\/index.php\/wp-json\/wp\/v2\/media\/22010"}],"wp:attachment":[{"href":"https:\/\/chacosintesis.com.ar\/index.php\/wp-json\/wp\/v2\/media?parent=22009"}],"wp:term":[{"taxonomy":"category","embeddable":true,"href":"https:\/\/chacosintesis.com.ar\/index.php\/wp-json\/wp\/v2\/categories?post=22009"},{"taxonomy":"post_tag","embeddable":true,"href":"https:\/\/chacosintesis.com.ar\/index.php\/wp-json\/wp\/v2\/tags?post=22009"}],"curies":[{"name":"wp","href":"https:\/\/api.w.org\/{rel}","templated":true}]}}