{"id":220050,"date":"2026-04-25T08:03:12","date_gmt":"2026-04-25T11:03:12","guid":{"rendered":"https:\/\/chacosintesis.com.ar\/index.php\/el-voley-argentino-de-luto-fallecio-una-exjugadora-de-la-seleccion\/"},"modified":"2026-04-25T08:03:12","modified_gmt":"2026-04-25T11:03:12","slug":"el-voley-argentino-de-luto-fallecio-una-exjugadora-de-la-seleccion","status":"publish","type":"post","link":"https:\/\/chacosintesis.com.ar\/index.php\/el-voley-argentino-de-luto-fallecio-una-exjugadora-de-la-seleccion\/","title":{"rendered":"El voley argentino, de luto: falleci\u00f3 una exjugadora de la Selecci\u00f3n"},"content":{"rendered":"<p><\/p>\n<div>\t\t<!-- { REGION4 --> <\/p>\n<header class=\"news-headline\">\n<h2 class=\"news-headline__article-summary\">\t\t<\/h2>\n<p id=\"p-1777074463571-42592\" class=\"ignore-parser\">La Federaci\u00f3n Argentina de Voleibol inform\u00f3 que Micaela Vogel ven\u00eda luchando desde hac\u00eda tiempo contra una enfermedad, aunque no se precisaron detalles.<\/p>\n<\/header>\n<div class=\"detail-highlighted-multimedia content-protected-false\">\n<figure class=\"detail-highlighted-multimedia__figure\">  <img fetchpriority=\"high\" decoding=\"async\" src=\"data:image\/gif;base64,R0lGODlhAQABAIAAAAAAAP\/\/\/ywAAAAAAQABAAACAUwAOw==\" fifu-lazy=\"1\" fifu-data-sizes=\"auto\" fifu-data-srcset=\"https:\/\/i0.wp.com\/chacosintesis.com.ar\/wp-content\/uploads\/2026\/04\/El-voley-argentino-de-luto-fallecio-una-exjugadora-de-la.jpg?ssl=1&w=75&resize=75&ssl=1 75w, https:\/\/i0.wp.com\/chacosintesis.com.ar\/wp-content\/uploads\/2026\/04\/El-voley-argentino-de-luto-fallecio-una-exjugadora-de-la.jpg?ssl=1&w=100&resize=100&ssl=1 100w, https:\/\/i0.wp.com\/chacosintesis.com.ar\/wp-content\/uploads\/2026\/04\/El-voley-argentino-de-luto-fallecio-una-exjugadora-de-la.jpg?ssl=1&w=150&resize=150&ssl=1 150w, https:\/\/i0.wp.com\/chacosintesis.com.ar\/wp-content\/uploads\/2026\/04\/El-voley-argentino-de-luto-fallecio-una-exjugadora-de-la.jpg?ssl=1&w=240&resize=240&ssl=1 240w, https:\/\/i0.wp.com\/chacosintesis.com.ar\/wp-content\/uploads\/2026\/04\/El-voley-argentino-de-luto-fallecio-una-exjugadora-de-la.jpg?ssl=1&w=320&resize=320&ssl=1 320w, https:\/\/i0.wp.com\/chacosintesis.com.ar\/wp-content\/uploads\/2026\/04\/El-voley-argentino-de-luto-fallecio-una-exjugadora-de-la.jpg?ssl=1&w=500&resize=500&ssl=1 500w, https:\/\/i0.wp.com\/chacosintesis.com.ar\/wp-content\/uploads\/2026\/04\/El-voley-argentino-de-luto-fallecio-una-exjugadora-de-la.jpg?ssl=1&w=640&resize=640&ssl=1 640w, https:\/\/i0.wp.com\/chacosintesis.com.ar\/wp-content\/uploads\/2026\/04\/El-voley-argentino-de-luto-fallecio-una-exjugadora-de-la.jpg?ssl=1&w=800&resize=800&ssl=1 800w, https:\/\/i0.wp.com\/chacosintesis.com.ar\/wp-content\/uploads\/2026\/04\/El-voley-argentino-de-luto-fallecio-una-exjugadora-de-la.jpg?ssl=1&w=1024&resize=1024&ssl=1 1024w, https:\/\/i0.wp.com\/chacosintesis.com.ar\/wp-content\/uploads\/2026\/04\/El-voley-argentino-de-luto-fallecio-una-exjugadora-de-la.jpg?ssl=1&w=1280&resize=1280&ssl=1 1280w, https:\/\/i0.wp.com\/chacosintesis.com.ar\/wp-content\/uploads\/2026\/04\/El-voley-argentino-de-luto-fallecio-una-exjugadora-de-la.jpg?ssl=1&w=1600&resize=1600&ssl=1 1600w\" fifu-data-src=\"https:\/\/i0.wp.com\/chacosintesis.com.ar\/wp-content\/uploads\/2026\/04\/El-voley-argentino-de-luto-fallecio-una-exjugadora-de-la.jpg?ssl=1\" class=\"detail-highlighted-multimedia__figure-img img-fluid\" alt=\"Triste noticia para el voley, falleci\u00f3 Micaela Vogel.\" width=\"1200\" height=\"900\" crossorigin=\"anonymous\" fetchpriority=\"high\" decode=\"async\"\/><figcaption class=\"detail-highlighted-multimedia__figcaption\">  <\/figcaption><\/figure>\n<\/p><\/div>\n<article class=\"article-body article-body--first-paragraph content-protected-false\" data-td-script-src=\"https:\/\/www.ambito.com\/td\/modulos\/encuestas\/js\/function-embeds-min-version-1777090099.js\">\n<p id=\"p-1777072445390-41777\" class=\"\">Falleci\u00f3 la exjugadora de la Selecci\u00f3n Argentina de Voley, <strong>Micaela Vogel<\/strong>, a los 42 a\u00f1os. La noticia fue confirmada por la Federaci\u00f3n del Voleibol Argentino (FeVA) en sus redes sociales, generando profunda conmoci\u00f3n.<\/p>\n<\/article>\n<section class=\"suscription-false printed-edition\" style=\"display:none\">\n<p> El contenido al que quiere acceder es exclusivo para suscriptores.<\/p>\n<p>  <span> <button type=\"button\" name=\"button\" class=\"subscribe-btn mercadopago-btn\">suscribirse<\/button><\/span>  <span class=\"btns\"><button type=\"button\" name=\"button\" class=\"subscribe-btn reload-login\"> ya estoy suscripto<\/button><\/span>  <\/p>\n<\/section>\n<article class=\"article-body article-body--second-paragraph content-protected-false\">\n<p id=\"p-1777073265366-48866\" class=\"\">La entidad inform\u00f3 que Vogel ven\u00eda luchando desde hac\u00eda tiempo contra una enfermedad, aunque no se precisaron detalles sobre el cuadro de salud ni las circunstancias exactas de su deceso. La comunidad del v\u00f3ley manifest\u00f3 su pesar por la p\u00e9rdida de una figura que construy\u00f3 su trayectoria tanto en la selecci\u00f3n nacional como en importantes clubes del pa\u00eds y del exterior.<\/p>\n<\/article>\n<section class=\"related-news\">\n<div class=\"row row--eq-height\">\n<div class=\"col-12 col-md-6\">\n<article class=\"news-article news-article--landscape-news news-article--landscape-news\">\n<figure class=\"news-article__figure figure\">\t\t<a href=\"https:\/\/www.ambito.com\/deportes\/franco-colapinto-palpita-su-gran-show-buenos-aires-es-algo-que-sone-toda-la-vida-n6270476\" target=\"\" title=\"\u00e1mbito.com | Colapinto palpita su gran show en Buenos Aires: Es algo que so\u00f1\u00e9 toda la vida\" alt=\"\u00e1mbito.com | Colapinto palpita su gran show en Buenos Aires: Es algo que so\u00f1\u00e9 toda la vida\" rel=\"noindex nofollow noreferrer\"><br \/>\n\t\t\t\t\t\t\t\t\t\t\t<img loading=\"lazy\" loading=\"lazy\" decoding=\"async\" src=\"data:image\/gif;base64,R0lGODlhAQABAIAAAAAAAP\/\/\/ywAAAAAAQABAAACAUwAOw==\" fifu-lazy=\"1\" fifu-data-sizes=\"auto\" fifu-data-srcset=\"https:\/\/i2.wp.com\/chacosintesis.com.ar\/wp-content\/uploads\/2026\/04\/1777114992_893_El-voley-argentino-de-luto-fallecio-una-exjugadora-de-la.jpg?ssl=1&w=75&resize=75&ssl=1 75w, https:\/\/i2.wp.com\/chacosintesis.com.ar\/wp-content\/uploads\/2026\/04\/1777114992_893_El-voley-argentino-de-luto-fallecio-una-exjugadora-de-la.jpg?ssl=1&w=100&resize=100&ssl=1 100w, https:\/\/i2.wp.com\/chacosintesis.com.ar\/wp-content\/uploads\/2026\/04\/1777114992_893_El-voley-argentino-de-luto-fallecio-una-exjugadora-de-la.jpg?ssl=1&w=150&resize=150&ssl=1 150w, https:\/\/i2.wp.com\/chacosintesis.com.ar\/wp-content\/uploads\/2026\/04\/1777114992_893_El-voley-argentino-de-luto-fallecio-una-exjugadora-de-la.jpg?ssl=1&w=240&resize=240&ssl=1 240w, https:\/\/i2.wp.com\/chacosintesis.com.ar\/wp-content\/uploads\/2026\/04\/1777114992_893_El-voley-argentino-de-luto-fallecio-una-exjugadora-de-la.jpg?ssl=1&w=320&resize=320&ssl=1 320w, https:\/\/i2.wp.com\/chacosintesis.com.ar\/wp-content\/uploads\/2026\/04\/1777114992_893_El-voley-argentino-de-luto-fallecio-una-exjugadora-de-la.jpg?ssl=1&w=500&resize=500&ssl=1 500w, https:\/\/i2.wp.com\/chacosintesis.com.ar\/wp-content\/uploads\/2026\/04\/1777114992_893_El-voley-argentino-de-luto-fallecio-una-exjugadora-de-la.jpg?ssl=1&w=640&resize=640&ssl=1 640w, https:\/\/i2.wp.com\/chacosintesis.com.ar\/wp-content\/uploads\/2026\/04\/1777114992_893_El-voley-argentino-de-luto-fallecio-una-exjugadora-de-la.jpg?ssl=1&w=800&resize=800&ssl=1 800w, https:\/\/i2.wp.com\/chacosintesis.com.ar\/wp-content\/uploads\/2026\/04\/1777114992_893_El-voley-argentino-de-luto-fallecio-una-exjugadora-de-la.jpg?ssl=1&w=1024&resize=1024&ssl=1 1024w, https:\/\/i2.wp.com\/chacosintesis.com.ar\/wp-content\/uploads\/2026\/04\/1777114992_893_El-voley-argentino-de-luto-fallecio-una-exjugadora-de-la.jpg?ssl=1&w=1280&resize=1280&ssl=1 1280w, https:\/\/i2.wp.com\/chacosintesis.com.ar\/wp-content\/uploads\/2026\/04\/1777114992_893_El-voley-argentino-de-luto-fallecio-una-exjugadora-de-la.jpg?ssl=1&w=1600&resize=1600&ssl=1 1600w\" fifu-data-src=\"https:\/\/i2.wp.com\/chacosintesis.com.ar\/wp-content\/uploads\/2026\/04\/1777114992_893_El-voley-argentino-de-luto-fallecio-una-exjugadora-de-la.jpg?ssl=1\" alt=\"Franco Colapinto, presente en Buenos Aires.\" title=\"Franco Colapinto, presente en Buenos Aires.\" width=\"93\" height=\"52\" class=\"news-article__figure-img figure-img img-fluid\"\/>\t\t<\/a><\/figure>\n<\/article><\/div>\n<\/div>\n<\/section>\n<article class=\"article-body article-body--third-paragraph content-protected-false\">\n<h2 id=\"p-1777073079852-28183\" class=\"\">Conmoci\u00f3n en el voley argentino por el fallecimiento de Micaela Vogel<\/h2>\n<p id=\"p-1777072506353-63305\" class=\"\">El comunicado de la Federaci\u00f3n del Voleibol Argentino expres\u00f3: \u201c<strong>Lamentamos profundamente el fallecimiento de Micaela Vogel, exjugadora de selecci\u00f3n y que ven\u00eda luchando con una grave enfermedad<\/strong>\u201d. \u201c<strong>Acompa\u00f1amos a su familia y amigos en este doloroso momento envi\u00e1ndoles nuestras sinceras condolencias. Que en paz descanse<\/strong>\u201d.<\/p>\n<\/article>\n<article class=\"article-body article-body--fourth-paragraph content-protected-false\">\n<p id=\"p-1777073473924-65553\" class=\"\">De inmediato ex compa\u00f1eras, t\u00e9cnicos y seguidores del voley compartieron mensajes de apoyo a sus seres queridos y recordaron la amplia trayectoria de Vogel en el deporte.<\/p>\n<\/article>\n<article class=\"article-body article-body--fifth-paragraph content-protected-false\">\n<p id=\"p-1777072531247-92635\">El seleccionado femenino de Voley, Las Panteras, equipo que Vogel integr\u00f3 en diversas etapas, tambi\u00e9n se sum\u00f3 a los mensajes de condolencias, para una deportista cuyo nombre queda indefectiblemente ligado al desarrollo del v\u00f3ley femenino en los \u00faltimos a\u00f1os, participando en la consolidaci\u00f3n de la disciplina a nivel local e internacional.<\/p>\n<\/article>\n<article class=\"article-body article-body--remaining-paragraph content-protected-false\">\n<p id=\"p-1777072876042-32402\">En el \u00e1mbito local, <strong>Micaela Vogel<\/strong> jug\u00f3 en <strong>San Lorenzo<\/strong> y <strong>GEBA, dos eqipos de primera l\u00ednea, animadores recurrentes de cada temporada, <\/strong>tambi\u00e9n tuvo experiencia en la <strong>liga italiana<\/strong>, una de las competencias m\u00e1s valoradas en el mundo del v\u00f3ley.<\/p>\n<p id=\"p-1777072895070-4679\" class=\"\" data-mrf-recirculation=\"Links inline\">La familia tomo la decisi\u00f3n de mantener reserva sobre las circunstancias del deceso. El deporte argentino la recordadar\u00e1 por el ejemplo de compromiso y humanidad que transmiti\u00f3 a lo largo de su vida.<\/p>\n<\/article>\n<p>\t\t\t\t<!-- REGION4 } -->\n\t\t\t\t\t\t<\/div>\n<p><script>\n!function(f,b,e,v,n,t,s)\n{if(f.fbq)return;n=f.fbq=function(){n.callMethod?\nn.callMethod.apply(n,arguments):n.queue.push(arguments)};\nif(!f._fbq)f._fbq=n;n.push=n;n.loaded=!0;n.version='2.0';\nn.queue=[];t=b.createElement(e);t.async=!0;\nt.src=v;s=b.getElementsByTagName(e)[0];\ns.parentNode.insertBefore(t,s)}(window,document,'script',\n'https:\/\/connect.facebook.net\/en_US\/fbevents.js');\nfbq('init', '2047048335588113');\nfbq('track', 'PageView');\n<\/script><\/p>\n<p>Ambito.-<\/p>\n","protected":false},"excerpt":{"rendered":"<p>La Federaci\u00f3n Argentina de Voleibol inform\u00f3 que Micaela Vogel ven\u00eda luchando desde hac\u00eda tiempo contra una enfermedad, aunque no se precisaron detalles. Falleci\u00f3 la exjugadora de la Selecci\u00f3n Argentina de Voley, Micaela Vogel, a los 42 a\u00f1os. La noticia fue confirmada por la Federaci\u00f3n del Voleibol Argentino (FeVA) en sus redes sociales, generando profunda conmoci\u00f3n. [&hellip;]<\/p>\n","protected":false},"author":1,"featured_media":220061,"comment_status":"closed","ping_status":"","sticky":false,"template":"","format":"standard","meta":{"footnotes":""},"categories":[7],"tags":[],"class_list":{"0":"post-220050","1":"post","2":"type-post","3":"status-publish","4":"format-standard","5":"has-post-thumbnail","7":"category-deportes"},"_links":{"self":[{"href":"https:\/\/chacosintesis.com.ar\/index.php\/wp-json\/wp\/v2\/posts\/220050","targetHints":{"allow":["GET"]}}],"collection":[{"href":"https:\/\/chacosintesis.com.ar\/index.php\/wp-json\/wp\/v2\/posts"}],"about":[{"href":"https:\/\/chacosintesis.com.ar\/index.php\/wp-json\/wp\/v2\/types\/post"}],"author":[{"embeddable":true,"href":"https:\/\/chacosintesis.com.ar\/index.php\/wp-json\/wp\/v2\/users\/1"}],"replies":[{"embeddable":true,"href":"https:\/\/chacosintesis.com.ar\/index.php\/wp-json\/wp\/v2\/comments?post=220050"}],"version-history":[{"count":0,"href":"https:\/\/chacosintesis.com.ar\/index.php\/wp-json\/wp\/v2\/posts\/220050\/revisions"}],"wp:featuredmedia":[{"embeddable":true,"href":"https:\/\/chacosintesis.com.ar\/index.php\/wp-json\/wp\/v2\/media\/220061"}],"wp:attachment":[{"href":"https:\/\/chacosintesis.com.ar\/index.php\/wp-json\/wp\/v2\/media?parent=220050"}],"wp:term":[{"taxonomy":"category","embeddable":true,"href":"https:\/\/chacosintesis.com.ar\/index.php\/wp-json\/wp\/v2\/categories?post=220050"},{"taxonomy":"post_tag","embeddable":true,"href":"https:\/\/chacosintesis.com.ar\/index.php\/wp-json\/wp\/v2\/tags?post=220050"}],"curies":[{"name":"wp","href":"https:\/\/api.w.org\/{rel}","templated":true}]}}